{"id":27441,"date":"2025-04-15T19:22:12","date_gmt":"2025-04-15T17:22:12","guid":{"rendered":"https:\/\/www.prospereando.es\/?p=27441"},"modified":"2025-04-15T19:22:12","modified_gmt":"2025-04-15T17:22:12","slug":"la-misteriosa-relacion-entre-los-herpes-y-el-alzheimer","status":"publish","type":"post","link":"https:\/\/www.prospereando.es\/index.php\/2025\/04\/15\/la-misteriosa-relacion-entre-los-herpes-y-el-alzheimer\/","title":{"rendered":"La misteriosa relaci\u00f3n entre los herpes y el\u00a0alzh\u00e9imer"},"content":{"rendered":"<p><img loading=\"lazy\" decoding=\"async\" class=\" wp-image-27442 aligncenter\" src=\"http:\/\/www.prospereando.es\/wp-content\/uploads\/2025\/04\/herpes1-300x197.jpg\" alt=\"\" width=\"886\" height=\"582\" srcset=\"https:\/\/www.prospereando.es\/wp-content\/uploads\/2025\/04\/herpes1-300x197.jpg 300w, https:\/\/www.prospereando.es\/wp-content\/uploads\/2025\/04\/herpes1.jpg 600w\" sizes=\"auto, (max-width: 886px) 100vw, 886px\" \/><\/p>\n<p>Posiblemente, alguna vez ha tenido una infecci\u00f3n por herpes: unas ampollitas que aparecen en la zona labial, al cabo de unos d\u00edas se secan y desaparecen, y misteriosamente vuelven a aparecer m\u00e1s o menos en la misma zona alg\u00fan tiempo despu\u00e9s. \u00bfPor qu\u00e9 ocurre eso?<\/p>\n<h2 class=\"western\"><strong>Una infecci\u00f3n para toda la vida<\/strong><\/h2>\n<p>El virus causante del <a href=\"https:\/\/theconversation.com\/topics\/herpes-61239\">herpes<\/a> \u2013que puede infectar a varios tipos de c\u00e9lulas distintas: epiteliales, neuronas, linfocitos\u2026\u2013 se multiplica en las c\u00e9lulas epiteliales, donde forma ves\u00edculas repletas de un l\u00edquido que contiene millones de part\u00edculas virales. Esas ampollas acaban sec\u00e1ndose y forman costras.<\/p>\n<p>Pero el pat\u00f3geno es capaz de infectar tambi\u00e9n las neuronas que inervan esa misma zona de la piel. Asciende por el <a href=\"https:\/\/www.cun.es\/diccionario-medico\/terminos\/axon\">ax\u00f3n<\/a> de la c\u00e9lula nerviosa hasta su n\u00facleo. Ah\u00ed, queda latente o escondido durante meses o incluso a\u00f1os. En un determinado momento, que suele coincidir con una etapa de cierta inmunodepresi\u00f3n, se reactiva y vuelve a trav\u00e9s de las terminaciones nerviosas a las c\u00e9lulas del epitelio de la piel. Entonces comienza una nueva infecci\u00f3n.<\/p>\n<p>El herpes se puede reactivar asimismo por factores ambientales: desde cambios de temperatura o mayor irradiaci\u00f3n solar hasta cambios hormonales o estr\u00e9s.<\/p>\n<p>Una vez que una persona ha contra\u00eddo una infecci\u00f3n por herpes, el virus permanece en el organismo durante toda la vida. Las lesiones aparecen y desaparecen porque los herpes son capaces de establecer y mantener una infecci\u00f3n latente en neuronas durante muchos a\u00f1os y al cabo de un tiempo reactivarse. Adem\u00e1s, inducen una respuesta inmune cr\u00f3nica, que conlleva liberaci\u00f3n de compuestos que favorecen la inflamaci\u00f3n.<\/p>\n<p>Hay muchos tipos de <a href=\"https:\/\/es.wikipedia.org\/wiki\/Herpesviridae\">herpes distintos<\/a>: herpes simple tipo 1 y 2, varicela-z\u00f3ster, Epstein-Barr, citomegalovirus\u2026 Son los virus m\u00e1s comunes y persistentes del ser humano. Pr\u00e1cticamente todo el mundo tiene o ha tenido un herpes: m\u00e1s del 80\u00a0% de las personas cuenta con anticuerpos contra el herpes simple tipo 1 o el varicela-z\u00f3ster, por ejemplo.<\/p>\n<h3 class=\"western\"><strong>Nuestra misi\u00f3n es compartir el conocimiento y enriquecer el debate.<\/strong><\/h3>\n<h2 class=\"western\"><strong>Herpes y alzh\u00e9imer: correlaci\u00f3n, pero no causalidad<\/strong><\/h2>\n<p>La <a href=\"https:\/\/theconversation.com\/topics\/alzheimer-61236\">enfermedad de Alzheimer<\/a> es un trastorno neurodegenerativo progresivo que afecta a millones de personas en todo el mundo. Se caracteriza por la acumulaci\u00f3n extracelular de p\u00e9ptidos \u03b2-amiloides (amiloidosis), seguida de la sobreproducci\u00f3n de prote\u00ednas y la formaci\u00f3n de ovillos de fibras de prote\u00edna en el cerebro. Esta prote\u00edna, denominada <a href=\"https:\/\/es.wikipedia.org\/wiki\/Prote\u00edna_tau\">tau<\/a>, se localiza en los axones de las neuronas y est\u00e1 vinculada a la estabilizaci\u00f3n del citoesqueleto de las neuronas.<\/p>\n<p>La dolencia implica otros cambios y procesos, como neuroinflamaci\u00f3n, alteraci\u00f3n de la uni\u00f3n entre neuronas (sinapsis) y p\u00e9rdida neuronal, desregulaci\u00f3n metab\u00f3lica y, en \u00faltima instancia, deterioro cognitivo y demencia. Se han identificado variantes gen\u00e9ticas asociadas con la enfermedad, como <a href=\"https:\/\/www.nia.nih.gov\/espanol\/alzheimer-causas-factores-riesgo\/genetica-enfermedad-alzheimer\">el gen de la apolipoprote\u00edna E (APOE)<\/a>. Es el responsable de la s\u00edntesis de una prote\u00edna clave en el metabolismo de los l\u00edpidos y el transporte de colesterol en el cerebro.<\/p>\n<p>A pesar de los enormes esfuerzos de investigaci\u00f3n, las causas del alzh\u00e9imer no se comprenden por completo; los tratamientos actuales son solo sintom\u00e1ticos y no modifican la progresi\u00f3n de la enfermedad. Se ha sugerido que factores ambientales e infecciosos, en especial infecciones cr\u00f3nicas o reactivadas como las causadas por los herpes, podr\u00edan acelerar el deterioro cognitivo.<\/p>\n<p>En este sentido, <a href=\"https:\/\/pubmed.ncbi.nlm.nih.gov\/39648189\/\">cada vez hay m\u00e1s evidencias<\/a> que indican que <a href=\"https:\/\/pubmed.ncbi.nlm.nih.gov\/38801246\/\">infecciones por herpes simple tipo 1 podr\u00edan contribuir a la aparici\u00f3n y progresi\u00f3n de la neurodegeneraci\u00f3n<\/a>.<\/p>\n<p>Por ejemplo, diversos estudios <em>postmortem<\/em> han encontrado ADN del herpes simple en cerebros de pacientes con alzh\u00e9imer, especialmente en regiones con alto dep\u00f3sito de \u03b2-amiloides. La frecuencia y cantidad de ADN viral parece correlacionarse con la gravedad del deterioro cognitivo.<\/p>\n<p>Adem\u00e1s, las personas portadoras de una variante concreta del gen APOE que les hace m\u00e1s susceptibles a la enfermedad de Alzheimer tambi\u00e9n son m\u00e1s susceptibles a la reactivaci\u00f3n del herpes y a sus efectos neurodegenerativos. Y en investigaciones con animales infectados por herpes simple, estos desarrollan placas \u03b2-amiloides, alteraciones de la prote\u00edna tau e inflamaci\u00f3n neuronal, similares a las halladas en pacientes con alzh\u00e9imer.<\/p>\n<p>Tales resultados apuntan a que los herpes pueden actuar como un cofactor en la dolencia, particularmente en personas con una predisposici\u00f3n gen\u00e9tica o con sistemas inmunes comprometidos.<\/p>\n<p>Tambi\u00e9n se ha analizado la relaci\u00f3n de los herpes con las c\u00e9lulas de la microgl\u00eda, como astrocitos y oligodendrocitos, que desempe\u00f1an funciones esenciales en la homeostasis cerebral. El mal funcionamiento de estas c\u00e9lulas cerebrales desencadena una neuroinflamaci\u00f3n que se relaciona con s\u00edntomas depresivos y otras enfermedades neurol\u00f3gicas como el alzh\u00e9imer. Los herpes pueden desregular la acci\u00f3n de estas c\u00e9lulas gliales generando una activaci\u00f3n cr\u00f3nica de las mismas y un estado inflamatorio persistente.<\/p>\n<p>De esta forma, los herpes pueden promover la patolog\u00eda del alzh\u00e9imer mediante mecanismos inflamatorios, <a href=\"https:\/\/es.wikipedia.org\/wiki\/Desmielinizaci\u00f3n\">desmielinizaci\u00f3n<\/a> (deterioro de la capa de mielina que cubre las fibras nerviosas) y disfunci\u00f3n sin\u00e1ptica.<\/p>\n<p>Todo esto sugiere que existe una fuerte correlaci\u00f3n entre la presencia del virus del herpes simple en el cerebro y los marcadores cl\u00e1sicos del alzh\u00e9imer, pero no demuestra que sean la causa de la enfermedad. Una infecci\u00f3n cr\u00f3nica latente por herpes puede contribuir al desarrollo de la dolencia neurodegenerativa, sobre todo en individuos gen\u00e9ticamente susceptibles.<\/p>\n<h2 class=\"western\"><strong>\u00bfAntivirales contra el alzh\u00e9imer?<\/strong><\/h2>\n<p>En este sentido cabe preguntarse si las terapias antivirales, como el <a href=\"https:\/\/medlineplus.gov\/spanish\/druginfo\/meds\/a681045-es.html\">aciclovir<\/a>, podr\u00edan ser una v\u00eda para frenar la progresi\u00f3n de la patolog\u00eda. Aunque preliminares, los datos disponibles sugieren efectos positivos del tratamiento antiviral sobre la progresi\u00f3n de la enfermedad de Alzheimer, particularmente <a href=\"https:\/\/pubmed.ncbi.nlm.nih.gov\/29488144\/\">en infecciones por herpes simple tipo 1<\/a> y el <a href=\"https:\/\/pubmed.ncbi.nlm.nih.gov\/32613564\/\">varicela-z\u00f3ster<\/a>.<\/p>\n<p>En modelos de laboratorio con c\u00e9lulas neuronales, se ha comprobado que el aciclovir no solo reduce la expresi\u00f3n de prote\u00ednas virales, sino que tambi\u00e9n disminuye los niveles de \u03b2-amiloides y de la prote\u00edna tau. En ratones infectados con herpes simple, el tratamiento con el antiviral reduce la inflamaci\u00f3n cerebral y la p\u00e9rdida sin\u00e1ptica. Adicionalmente, varios estudios epidemiol\u00f3gicos muestran una relaci\u00f3n significativa entre el uso de antivirales y el menor riesgo de demencia en humanos.<\/p>\n<p>Sin embargo, estos ensayos cl\u00ednicos en humanos est\u00e1n en fase muy temprana y se requiere m\u00e1s investigaci\u00f3n. Quiz\u00e1 en el futuro, terapias tempranas combinadas (antivirales + antiinflamatorios + neuroprotectores) podr\u00edan emplearse para prevenir o retrasar la enfermedad.<\/p>\n<h2 class=\"western\"><strong>\u00bfUna vacuna contra la demencia?<\/strong><\/h2>\n<p>Existe cierta evidencia de que las vacunas, especialmente las vivas atenuadas, pueden tener efectos inmunol\u00f3gicos beneficiosos que van m\u00e1s all\u00e1 de la prevenci\u00f3n del pat\u00f3geno espec\u00edfico. Esta semana, <a href=\"https:\/\/www.nature.com\/articles\/s41586-025-08800-x\">un nuevo estudio epidemiol\u00f3gico publicado en la revista <\/a><a href=\"https:\/\/www.nature.com\/articles\/s41586-025-08800-x\"><em>Nature<\/em><\/a> refuerza la evidencia de que vacunarse contra el herpes z\u00f3ster reduce el riesgo de demencia.<\/p>\n<p>Lo interesante de este trabajo es que explota un \u201cexperimento natural\u201d. En 2013, las autoridades sanitarias de Gales implementaron un programa de vacunaci\u00f3n contra el virus z\u00f3ster en mayores de 80 a\u00f1os. Decidieron que cualquier persona que tuviera 79 a\u00f1os el 1 de septiembre de 2013 podr\u00eda recibir la vacuna, y quienes superaran esa edad no. Esa peque\u00f1a diferencia era lo \u00fanico que diferenciaba a los vacunados de los no vacunados. Se trataba, por tanto, un grupo muy homog\u00e9neo, lo que en principio dar\u00eda m\u00e1s valor a los resultados.<\/p>\n<p>Examinaron los registros de salud durante un periodo de siete a\u00f1os de m\u00e1s de 280\u00a0000 personas sin demencia al inicio del programa de vacunaci\u00f3n y compararon la relaci\u00f3n entre la vacuna y esa condici\u00f3n. Los resultados fueron sorprendentes: la administraci\u00f3n de la vacuna redujo el riesgo de demencia en un 20\u00a0%, un efecto protector significativamente superior en mujeres (ellas tienen un mayor riesgo de desarrollar demencia en la vejez, y hay diferencias de g\u00e9nero en la respuesta del sistema inmunitario a las vacunas).<\/p>\n<p>Tal vez, la vacuna produzca esos efectos porque al impedir la reactivaci\u00f3n del virus evita la neuroinflamaci\u00f3n cr\u00f3nica. O quiz\u00e1 active el sistema inmunitario que de forma inespec\u00edfica proteja frente a la demencia.<\/p>\n<p>Aunque no todas las demencias son \u00e1lzheimer, el nuevo estudio ofrece una de las evidencias m\u00e1s s\u00f3lidas de que la vacunaci\u00f3n contra el herpes z\u00f3ster reduce la demencia. No obstante, tiene ciertas limitaciones. En primer lugar, solo se eval\u00faa en poblaciones cercanas a los 80 a\u00f1os. En segundo lugar, ha analizado el efecto de la vacuna Zostavax, con el virus vivo atenuado, que se retir\u00f3 por otros efectos secundarios.<\/p>\n<p>Recientemente se ha dise\u00f1ado otra vacuna recombinante m\u00e1s segura y eficaz contra el z\u00f3ster (<a href=\"https:\/\/www.andavac.es\/herpes-zoster\/vacuna-del-herpes-zoster\/\">Shingrix<\/a>), y ser\u00eda interesante conocer si con esta nueva versi\u00f3n el efecto se mantiene.<\/p>\n<h2 class=\"western\">Un campo de batalla inmunol\u00f3gico<\/h2>\n<p>Desde hace ya varios a\u00f1os existe la hip\u00f3tesis de que el alzh\u00e9imer podr\u00eda tener, en parte, un origen infeccioso: virus, bacterias o incluso hongos podr\u00edan desempe\u00f1ar un papel directo o indirecto en su desarrollo. No solo el herpes simple tipo 1, sino <a href=\"https:\/\/blog.uchceu.es\/farmacia\/algunas-infecciones-aumentan-el-riesgo-a-padecer-demencia\/\">bacterias<\/a> como <em>Chlamydia pneumoniae<\/em> o <em>Porphyromonas gingivalis<\/em> pueden promover una inflamaci\u00f3n neurot\u00f3xica cr\u00f3nica, favorecer la formaci\u00f3n de placas de \u03b2-amiloide o la degeneraci\u00f3n progresiva de neuronas.<\/p>\n<p>Sin embargo, esto no demuestra que sean la causa de la enfermedad, sino que de alguna manera favorecen o contribuyen al desarrollo del alzh\u00e9imer, sobre todo en determinadas personas susceptibles. El cerebro podr\u00eda ser como un campo de batalla inmunol\u00f3gico cr\u00f3nico en el que algunos pat\u00f3genos pueden afectar a su funci\u00f3n.<\/p>\n<p>Aunque las evidencias no son conclusivas, esta hip\u00f3tesis es una nueva v\u00eda complementaria de estudio que permite seguir investigando en nuevos biomarcadores y el uso de antimicrobianos o vacunas para tratar y prevenir esa terrible enfermedad.<\/p>\n<hr \/>\n<p><em>La <a href=\"https:\/\/microbioblog.es\/la-misteriosa-relacion-entre-los-herpes-y-el-alzheimer\">versi\u00f3n original<\/a> de este art\u00edculo fue publicada en el blog del autor, microBIO.<\/em><\/p>\n<p>Por <a href=\"https:\/\/theconversation.com\/profiles\/ignacio-lopez-goni-536052\">Ignacio L\u00f3pez-Go\u00f1i <\/a><\/p>\n<p>Catedr\u00e1tico de Microbiolog\u00eda. Miembro de la Sociedad Espa\u00f1ola de Microbiolog\u00eda (SEM), Universidad de Navarra<\/p>\n","protected":false},"excerpt":{"rendered":"<p>Posiblemente, alguna vez ha tenido una infecci\u00f3n por herpes: unas ampollitas que aparecen en la zona labial, al cabo de unos d\u00edas se secan y desaparecen, y misteriosamente vuelven a aparecer m\u00e1s o menos en la misma zona alg\u00fan tiempo despu\u00e9s. \u00bfPor qu\u00e9 ocurre eso? Una infecci\u00f3n para toda la vida El virus causante del herpes \u2013que puede infectar a varios tipos de c\u00e9lulas distintas: epiteliales, neuronas, linfocitos\u2026\u2013 se multiplica en las c\u00e9lulas epiteliales, donde forma ves\u00edculas repletas de un l\u00edquido que contiene millones de part\u00edculas virales. Esas ampollas acaban &hellip; <\/p>\n","protected":false},"author":1,"featured_media":27442,"comment_status":"open","ping_status":"open","sticky":false,"template":"","format":"standard","meta":{"footnotes":""},"categories":[11],"tags":[],"class_list":["post-27441","post","type-post","status-publish","format-standard","has-post-thumbnail","hentry","category-sanidad","sent_by-ignacio-lopez-goni"],"_links":{"self":[{"href":"https:\/\/www.prospereando.es\/index.php\/wp-json\/wp\/v2\/posts\/27441","targetHints":{"allow":["GET"]}}],"collection":[{"href":"https:\/\/www.prospereando.es\/index.php\/wp-json\/wp\/v2\/posts"}],"about":[{"href":"https:\/\/www.prospereando.es\/index.php\/wp-json\/wp\/v2\/types\/post"}],"author":[{"embeddable":true,"href":"https:\/\/www.prospereando.es\/index.php\/wp-json\/wp\/v2\/users\/1"}],"replies":[{"embeddable":true,"href":"https:\/\/www.prospereando.es\/index.php\/wp-json\/wp\/v2\/comments?post=27441"}],"version-history":[{"count":1,"href":"https:\/\/www.prospereando.es\/index.php\/wp-json\/wp\/v2\/posts\/27441\/revisions"}],"predecessor-version":[{"id":27443,"href":"https:\/\/www.prospereando.es\/index.php\/wp-json\/wp\/v2\/posts\/27441\/revisions\/27443"}],"wp:featuredmedia":[{"embeddable":true,"href":"https:\/\/www.prospereando.es\/index.php\/wp-json\/wp\/v2\/media\/27442"}],"wp:attachment":[{"href":"https:\/\/www.prospereando.es\/index.php\/wp-json\/wp\/v2\/media?parent=27441"}],"wp:term":[{"taxonomy":"category","embeddable":true,"href":"https:\/\/www.prospereando.es\/index.php\/wp-json\/wp\/v2\/categories?post=27441"},{"taxonomy":"post_tag","embeddable":true,"href":"https:\/\/www.prospereando.es\/index.php\/wp-json\/wp\/v2\/tags?post=27441"}],"curies":[{"name":"wp","href":"https:\/\/api.w.org\/{rel}","templated":true}]}}