{"id":27296,"date":"2025-03-23T20:10:38","date_gmt":"2025-03-23T19:10:38","guid":{"rendered":"https:\/\/www.prospereando.es\/?p=27296"},"modified":"2025-03-23T20:10:38","modified_gmt":"2025-03-23T19:10:38","slug":"sanchez-se-aferra-al-europeismo-frente-a-la-batalla-nacional","status":"publish","type":"post","link":"https:\/\/www.prospereando.es\/index.php\/2025\/03\/23\/sanchez-se-aferra-al-europeismo-frente-a-la-batalla-nacional\/","title":{"rendered":"S\u00e1nchez se aferra al europe\u00edsmo frente a la batalla nacional"},"content":{"rendered":"<p>El Congreso vive al fin el mi\u00e9rcoles el primer gran debate sobre el nuevo orden mundial. El presidente huir\u00e1 del discurso militarista y apelar\u00e1 a reforzar Europa mientras Feij\u00f3o explotar\u00e1 las divisiones en la izquierda. <a href=\"https:\/\/elpais.com\/espana\/2025-03-23\/sanchez-se-aferra-al-europeismo-frente-a-la-batalla-nacional.html\">Leer m\u00e1s&#8230;<\/a><\/p>\n","protected":false},"excerpt":{"rendered":"<p>El Congreso vive al fin el mi\u00e9rcoles el primer gran debate sobre el nuevo orden mundial. El presidente huir\u00e1 del discurso militarista y apelar\u00e1 a reforzar Europa mientras Feij\u00f3o explotar\u00e1 las divisiones en la izquierda. Leer m\u00e1s&#8230;<\/p>\n","protected":false},"author":1,"featured_media":0,"comment_status":"open","ping_status":"open","sticky":false,"template":"","format":"standard","meta":{"footnotes":""},"categories":[13],"tags":[],"class_list":["post-27296","post","type-post","status-publish","format-standard","hentry","category-revista-de-prensa","sent_by-carlos-e-cue"],"_links":{"self":[{"href":"https:\/\/www.prospereando.es\/index.php\/wp-json\/wp\/v2\/posts\/27296","targetHints":{"allow":["GET"]}}],"collection":[{"href":"https:\/\/www.prospereando.es\/index.php\/wp-json\/wp\/v2\/posts"}],"about":[{"href":"https:\/\/www.prospereando.es\/index.php\/wp-json\/wp\/v2\/types\/post"}],"author":[{"embeddable":true,"href":"https:\/\/www.prospereando.es\/index.php\/wp-json\/wp\/v2\/users\/1"}],"replies":[{"embeddable":true,"href":"https:\/\/www.prospereando.es\/index.php\/wp-json\/wp\/v2\/comments?post=27296"}],"version-history":[{"count":1,"href":"https:\/\/www.prospereando.es\/index.php\/wp-json\/wp\/v2\/posts\/27296\/revisions"}],"predecessor-version":[{"id":27297,"href":"https:\/\/www.prospereando.es\/index.php\/wp-json\/wp\/v2\/posts\/27296\/revisions\/27297"}],"wp:attachment":[{"href":"https:\/\/www.prospereando.es\/index.php\/wp-json\/wp\/v2\/media?parent=27296"}],"wp:term":[{"taxonomy":"category","embeddable":true,"href":"https:\/\/www.prospereando.es\/index.php\/wp-json\/wp\/v2\/categories?post=27296"},{"taxonomy":"post_tag","embeddable":true,"href":"https:\/\/www.prospereando.es\/index.php\/wp-json\/wp\/v2\/tags?post=27296"}],"curies":[{"name":"wp","href":"https:\/\/api.w.org\/{rel}","templated":true}]}}