{"id":27222,"date":"2025-03-12T20:01:59","date_gmt":"2025-03-12T19:01:59","guid":{"rendered":"https:\/\/www.prospereando.es\/?p=27222"},"modified":"2025-03-12T20:01:59","modified_gmt":"2025-03-12T19:01:59","slug":"la-generalitat-valenciana-ignora-el-auto-judicial-y-se-aferra-a-su-relato-sobre-la-dana-culpando-una-vez-mas-al-gobierno","status":"publish","type":"post","link":"https:\/\/www.prospereando.es\/index.php\/2025\/03\/12\/la-generalitat-valenciana-ignora-el-auto-judicial-y-se-aferra-a-su-relato-sobre-la-dana-culpando-una-vez-mas-al-gobierno\/","title":{"rendered":"La Generalitat valenciana ignora el auto judicial y se aferra a su relato sobre la dana (culpando una vez m\u00e1s al Gobierno)"},"content":{"rendered":"<p>El presidente de la Generalitat, Carlos Maz\u00f3n, ha descartado, por el momento, personarse en la causa por la gesti\u00f3n de la dana, a pesar de que la jueza le ha ofrecido la posibilidad de declarar voluntariamente. <a href=\"https:\/\/elpais.com\/expres\/2025-03-12\/la-generalitat-valenciana-ignora-el-auto-judicial-y-se-aferra-a-su-relato-sobre-la-dana-culpando-una-vez-mas-al-gobierno.html\">Leer mas&#8230;<\/a><\/p>\n","protected":false},"excerpt":{"rendered":"<p>El presidente de la Generalitat, Carlos Maz\u00f3n, ha descartado, por el momento, personarse en la causa por la gesti\u00f3n de la dana, a pesar de que la jueza le ha ofrecido la posibilidad de declarar voluntariamente. Leer mas&#8230;<\/p>\n","protected":false},"author":1,"featured_media":0,"comment_status":"open","ping_status":"open","sticky":false,"template":"","format":"standard","meta":{"footnotes":""},"categories":[13],"tags":[],"class_list":["post-27222","post","type-post","status-publish","format-standard","hentry","category-revista-de-prensa","sent_by-javier-casqueiro"],"_links":{"self":[{"href":"https:\/\/www.prospereando.es\/index.php\/wp-json\/wp\/v2\/posts\/27222","targetHints":{"allow":["GET"]}}],"collection":[{"href":"https:\/\/www.prospereando.es\/index.php\/wp-json\/wp\/v2\/posts"}],"about":[{"href":"https:\/\/www.prospereando.es\/index.php\/wp-json\/wp\/v2\/types\/post"}],"author":[{"embeddable":true,"href":"https:\/\/www.prospereando.es\/index.php\/wp-json\/wp\/v2\/users\/1"}],"replies":[{"embeddable":true,"href":"https:\/\/www.prospereando.es\/index.php\/wp-json\/wp\/v2\/comments?post=27222"}],"version-history":[{"count":1,"href":"https:\/\/www.prospereando.es\/index.php\/wp-json\/wp\/v2\/posts\/27222\/revisions"}],"predecessor-version":[{"id":27223,"href":"https:\/\/www.prospereando.es\/index.php\/wp-json\/wp\/v2\/posts\/27222\/revisions\/27223"}],"wp:attachment":[{"href":"https:\/\/www.prospereando.es\/index.php\/wp-json\/wp\/v2\/media?parent=27222"}],"wp:term":[{"taxonomy":"category","embeddable":true,"href":"https:\/\/www.prospereando.es\/index.php\/wp-json\/wp\/v2\/categories?post=27222"},{"taxonomy":"post_tag","embeddable":true,"href":"https:\/\/www.prospereando.es\/index.php\/wp-json\/wp\/v2\/tags?post=27222"}],"curies":[{"name":"wp","href":"https:\/\/api.w.org\/{rel}","templated":true}]}}