{"id":27069,"date":"2025-02-22T20:28:11","date_gmt":"2025-02-22T19:28:11","guid":{"rendered":"https:\/\/www.prospereando.es\/?p=27069"},"modified":"2025-02-22T20:30:43","modified_gmt":"2025-02-22T19:30:43","slug":"el-fiscal-general-del-estado-estudia-acudir-ya-al-constitucional-para-anular-su-causa-abierta-en-el-supremo","status":"publish","type":"post","link":"https:\/\/www.prospereando.es\/index.php\/2025\/02\/22\/el-fiscal-general-del-estado-estudia-acudir-ya-al-constitucional-para-anular-su-causa-abierta-en-el-supremo\/","title":{"rendered":"El fiscal general del Estado estudia acudir ya al Constitucional para anular su causa abierta en el Supremo"},"content":{"rendered":"<p>La defensa de Garc\u00eda Ortiz analiza esa v\u00eda despu\u00e9s de que el alto tribunal desestimase por unanimidad su impugnaci\u00f3n contra la entrada y registro de su despacho. <a href=\"https:\/\/elpais.com\/espana\/2025-02-22\/el-fiscal-general-del-estado-estudia-ya-recurrir-al-constitucional-para-anular-su-causa-por-revelacion-de-secretos.html\">Leer m\u00e1s&#8230;<\/a><\/p>\n","protected":false},"excerpt":{"rendered":"<p>La defensa de Garc\u00eda Ortiz analiza esa v\u00eda despu\u00e9s de que el alto tribunal desestimase por unanimidad su impugnaci\u00f3n contra la entrada y registro de su despacho. Leer m\u00e1s&#8230;<\/p>\n","protected":false},"author":1,"featured_media":0,"comment_status":"open","ping_status":"open","sticky":false,"template":"","format":"standard","meta":{"footnotes":""},"categories":[13],"tags":[],"class_list":["post-27069","post","type-post","status-publish","format-standard","hentry","category-revista-de-prensa","sent_by-julio-nunez"],"_links":{"self":[{"href":"https:\/\/www.prospereando.es\/index.php\/wp-json\/wp\/v2\/posts\/27069","targetHints":{"allow":["GET"]}}],"collection":[{"href":"https:\/\/www.prospereando.es\/index.php\/wp-json\/wp\/v2\/posts"}],"about":[{"href":"https:\/\/www.prospereando.es\/index.php\/wp-json\/wp\/v2\/types\/post"}],"author":[{"embeddable":true,"href":"https:\/\/www.prospereando.es\/index.php\/wp-json\/wp\/v2\/users\/1"}],"replies":[{"embeddable":true,"href":"https:\/\/www.prospereando.es\/index.php\/wp-json\/wp\/v2\/comments?post=27069"}],"version-history":[{"count":1,"href":"https:\/\/www.prospereando.es\/index.php\/wp-json\/wp\/v2\/posts\/27069\/revisions"}],"predecessor-version":[{"id":27070,"href":"https:\/\/www.prospereando.es\/index.php\/wp-json\/wp\/v2\/posts\/27069\/revisions\/27070"}],"wp:attachment":[{"href":"https:\/\/www.prospereando.es\/index.php\/wp-json\/wp\/v2\/media?parent=27069"}],"wp:term":[{"taxonomy":"category","embeddable":true,"href":"https:\/\/www.prospereando.es\/index.php\/wp-json\/wp\/v2\/categories?post=27069"},{"taxonomy":"post_tag","embeddable":true,"href":"https:\/\/www.prospereando.es\/index.php\/wp-json\/wp\/v2\/tags?post=27069"}],"curies":[{"name":"wp","href":"https:\/\/api.w.org\/{rel}","templated":true}]}}