{"id":27063,"date":"2025-02-21T20:09:12","date_gmt":"2025-02-21T19:09:12","guid":{"rendered":"https:\/\/www.prospereando.es\/?p=27063"},"modified":"2025-02-21T20:09:12","modified_gmt":"2025-02-21T19:09:12","slug":"problemas-de-atencion-a-mayores","status":"publish","type":"post","link":"https:\/\/www.prospereando.es\/index.php\/2025\/02\/21\/problemas-de-atencion-a-mayores\/","title":{"rendered":"Problemas de atenci\u00f3n a mayores"},"content":{"rendered":"<p>Buenas tardes,<\/p>\n<p>Me dirijo a ustedes como vecina preocupada por una situaci\u00f3n injusta que afecta a los mayores de nuestro barrio y que pone de manifiesto una grave falta de equidad en el acceso a la atenci\u00f3n geri\u00e1trica especializada.<\/p>\n<p>En el barrio de Salamanca, casi la mitad de la poblaci\u00f3n supera los 65 a\u00f1os, y el acceso a una atenci\u00f3n m\u00e9dica adecuada es una necesidad urgente. Sin embargo, el Hospital de la Princesa, un centro de referencia en nuestra comunidad, restringe la valoraci\u00f3n geri\u00e1trica a los pacientes que provienen de residencias, dejando fuera a quienes, como mi padrino Manuel, han envejecido en su hogar y requieren estos cuidados cuando enferman.<\/p>\n<p>Mi padrino es un hombre que a sus 90 a\u00f1os sigue disfrutando de su hogar en el barrio de Salamanca, aunque sus pasos son m\u00e1s lentos y su memoria a veces le juega malas pasadas. Necesita ayuda con algunas tareas diarias, pero su esp\u00edritu sigue siendo el mismo. Sin embargo, cuando el a\u00f1o pasado enferm\u00f3 de neumon\u00eda y tuvo que ser ingresado en el Hospital de la Princesa, la tranquilidad familiar se vio sacudida.<\/p>\n<p>Esper\u00e1bamos que en un centro de referencia como este, recibiera la atenci\u00f3n especializada por un m\u00e9dico geriatra que su edad y condici\u00f3n requer\u00edan. A pesar de sus necesidades y de su avanzada edad, y a pesar de que su ingreso se debi\u00f3 a una neumon\u00eda, una afecci\u00f3n com\u00fan en personas mayores, no pudo acceder a una valoraci\u00f3n geri\u00e1trica especializada. Nos dijeron que en este hospital, este servicio solo estaba disponible para los pacientes procedentes de residencias. Sentimos una profunda injusticia, pues mi padrino, como tantos otros vecinos del barrio, necesita cuidados especiales y merece que se le brinde la atenci\u00f3n que requiere.<\/p>\n<p>Sin embargo, parece que este no ha sido un hecho aislado. El barrio de Salamanca, reconocido por su alto nivel de vida, tiene una poblaci\u00f3n con una edad media superior a la de otros distritos de Madrid. Seg\u00fan datos del Instituto Nacional de Estad\u00edstica (INE), tiene una proporci\u00f3n de envejecimiento del 45,7%, lo que significa que casi la mitad de su poblaci\u00f3n es mayor de 65 a\u00f1os. En el barrio, a fecha de 1 de enero de 2024, hab\u00eda 58,015 personas mayores de 80 a\u00f1os y 23,274 personas mayores de 90 a\u00f1os. Esta realidad convierte al Salamanca en un distrito donde las necesidades de atenci\u00f3n geri\u00e1trica son especialmente acuciantes.<\/p>\n<p>Sin embargo, como hemos visto en el caso de Manuel, un hombre que a sus 90 a\u00f1os segu\u00eda disfrutando de su independencia en su propio hogar, el acceso a una valoraci\u00f3n geri\u00e1trica especializada no siempre est\u00e1 garantizado. A diferencia de otros hospitales de la Comunidad de Madrid, el Hospital de la Princesa restringe este servicio a los pacientes procedentes de residencias. Esta situaci\u00f3n resulta especialmente sorprendente teniendo en cuenta la relevancia de este centro hospitalario y las necesidades de la poblaci\u00f3n del barrio de Salamanca.<\/p>\n<p>A pesar de que el Hospital de la Princesa es un referente sanitario en la capital, su pol\u00edtica de restringir la atenci\u00f3n geri\u00e1trica a pacientes procedentes de residencias deja a numerosos vecinos del barrio sin la atenci\u00f3n que necesitan. La situaci\u00f3n de Manuel pone de manifiesto una preocupante brecha en la atenci\u00f3n sanitaria a nuestros mayores. \u00bfPor qu\u00e9 el acceso a un geriatra no es universal, especialmente en un hospital de referencia como \u00e9ste? Esta realidad cuestiona el modelo de atenci\u00f3n sanitaria actual y plantea interrogantes sobre la equidad en el acceso a los servicios p\u00fablicos.\u00bb<\/p>\n<p>Es imperativo que tanto los responsables del Hospital de la Princesa como la Consejer\u00eda de Sanidad reconozcan la creciente demanda de atenci\u00f3n geri\u00e1trica especializada en el barrio de Salamanca, consecuencia directa del envejecimiento poblacional. Esta realidad exige una adaptaci\u00f3n de los recursos disponibles, ampliando la capacidad asistencial para garantizar que cualquier paciente que precise ingreso, independientemente de su lugar de procedencia, tenga acceso a una valoraci\u00f3n geri\u00e1trica especializada. Esto implica no solo aumentar el n\u00famero de m\u00e9dicos geriatras, sino tambi\u00e9n optimizar la organizaci\u00f3n de los servicios y los recursos disponibles.<\/p>\n<p>Solo as\u00ed se garantizar\u00e1 una atenci\u00f3n de calidad y digna a nuestra poblaci\u00f3n envejecida, asegurando que todos los pacientes, tanto aquellos que ingresan por primera vez como los que requieren seguimiento, puedan beneficiarse de los conocimientos y la experiencia de un geriatra.<\/p>\n<p>Les agradecer\u00eda mucho su ayuda para dar visibilidad a esta cuesti\u00f3n.<\/p>\n<p>Conf\u00edo en que su asociaci\u00f3n pueda contribuir a sensibilizar a la opini\u00f3n p\u00fablica y a las autoridades competentes para que se adopten medidas que garanticen una atenci\u00f3n geri\u00e1trica justa para todos.<\/p>\n<p>Gracias,<\/p>\n<p>M.A. Dur\u00e1n.<\/p>\n","protected":false},"excerpt":{"rendered":"<p>Buenas tardes,<\/p>\n<p>Me dirijo a ustedes como vecina preocupada por una situaci\u00f3n injusta que afecta a los mayores de nuestro barrio y que pone de manifiesto una grave falta de equidad en el acceso a la atenci\u00f3n geri\u00e1trica especializada.<\/p>\n","protected":false},"author":1,"featured_media":0,"comment_status":"open","ping_status":"open","sticky":false,"template":"","format":"standard","meta":{"footnotes":""},"categories":[1389],"tags":[],"class_list":["post-27063","post","type-post","status-publish","format-standard","hentry","category-carta-de-lector","sent_by-m-a-duran"],"_links":{"self":[{"href":"https:\/\/www.prospereando.es\/index.php\/wp-json\/wp\/v2\/posts\/27063","targetHints":{"allow":["GET"]}}],"collection":[{"href":"https:\/\/www.prospereando.es\/index.php\/wp-json\/wp\/v2\/posts"}],"about":[{"href":"https:\/\/www.prospereando.es\/index.php\/wp-json\/wp\/v2\/types\/post"}],"author":[{"embeddable":true,"href":"https:\/\/www.prospereando.es\/index.php\/wp-json\/wp\/v2\/users\/1"}],"replies":[{"embeddable":true,"href":"https:\/\/www.prospereando.es\/index.php\/wp-json\/wp\/v2\/comments?post=27063"}],"version-history":[{"count":1,"href":"https:\/\/www.prospereando.es\/index.php\/wp-json\/wp\/v2\/posts\/27063\/revisions"}],"predecessor-version":[{"id":27064,"href":"https:\/\/www.prospereando.es\/index.php\/wp-json\/wp\/v2\/posts\/27063\/revisions\/27064"}],"wp:attachment":[{"href":"https:\/\/www.prospereando.es\/index.php\/wp-json\/wp\/v2\/media?parent=27063"}],"wp:term":[{"taxonomy":"category","embeddable":true,"href":"https:\/\/www.prospereando.es\/index.php\/wp-json\/wp\/v2\/categories?post=27063"},{"taxonomy":"post_tag","embeddable":true,"href":"https:\/\/www.prospereando.es\/index.php\/wp-json\/wp\/v2\/tags?post=27063"}],"curies":[{"name":"wp","href":"https:\/\/api.w.org\/{rel}","templated":true}]}}