{"id":2703,"date":"2016-02-23T00:11:08","date_gmt":"2016-02-23T00:11:08","guid":{"rendered":"http:\/\/www.prospereando.es\/?p=2703"},"modified":"2016-03-23T12:03:11","modified_gmt":"2016-03-23T12:03:11","slug":"renta-basica-universal","status":"publish","type":"post","link":"https:\/\/www.prospereando.es\/index.php\/2016\/02\/23\/renta-basica-universal\/","title":{"rendered":"Renta B\u00e1sica Universal"},"content":{"rendered":"<\/p>\n<p>El pasado d\u00eda 11 de enero tuvo lugar la presentaci\u00f3n del libro de Cive P\u00e9rez \u201cRenta B\u00e1sica Universal\u201d, de la editorial Clave Intelectual.<\/p>\n<p>Despu\u00e9s de unas palabras de bienvenida por parte de Gloria Cavanna, present\u00e9 brevemente al autor, \u201dmonta\u00f1ista por vocaci\u00f3n y activista social  por imperativo categ\u00f3rico de supervivencia\u201d y miembro del Observatorio de renta B\u00e1sica de Ciudadan\u00eda de Attac Madrid. Al ser uno de los mayores especialistas en ese tema, destaca su idoneidad para informar sobre la Renta B\u00e1sica.<\/p>\n<p>A continuaci\u00f3n mencion\u00e9 algunos aspectos del libro que me parecieron destacables. En primer lugar, se hace un an\u00e1lisis hist\u00f3rico de la pobreza, consecuencia de la desigualdad. El libro se\u00f1ala la anomal\u00eda que supone constatar c\u00f3mo en los pueblos primitivos todas las personas ten\u00edan acceso a las riquezas que proporcionaba la naturaleza en condiciones de igualdad, sin embargo, el desarrollo econ\u00f3mico y tecnol\u00f3gico se ha ido traduciendo en una desigualdad cada vez m\u00e1s acusada, causante de la pobreza de la mayor\u00eda de la poblaci\u00f3n. Se\u00f1al\u00e9 mi coincidencia con el autor en considerar la Renta B\u00e1sica como una herramienta importante para combatir la pobreza y la desigualdad.<\/p>\n<p>Acto seguido tom\u00f3 la palabra el autor, Cive P\u00e9rez, quien comenz\u00f3 haciendo un recorrido hist\u00f3rico por los intentos de combatir la pobreza, mencionando a Condorcet, Tom\u00e1s Moro o Juan Luis Vives entre otros, as\u00ed como iniciativas tales como la Ley de Pobres de 1601 en Inglaterra, con una nueva versi\u00f3n en 1834. En el mismo siglo, el Canciller Bismarck en Alemania dio el primer paso hacia la creaci\u00f3n de un sistema de protecci\u00f3n social que, con car\u00e1cter obligatorio, proporcionaba asistencia en la enfermedad y en la vejez a los trabajadores que hubieran cotizado. Pero hasta la Segunda Guerra Mundial no se consigui\u00f3, con la creaci\u00f3n en Gran Breta\u00f1a del Servicio Nacional de Salud, un sistema de protecci\u00f3n social de car\u00e1cter solidario.<\/p>\n<p>Sin embargo, el Estado de Bienestar, producto del consenso pol\u00edtico alcanzado entre capitalistas y trabajadores, ha finalizado, dejando a estos \u00faltimos en condiciones cada vez m\u00e1s precarias.  El progreso tecnol\u00f3gico y la concentraci\u00f3n empresarial est\u00e1n privando de puestos de trabajo a colectivos cada vez m\u00e1s numerosos. Asimismo el sistema econ\u00f3mico basado en un consumismo fren\u00e9tico est\u00e1 llevando al planeta a una situaci\u00f3n cada vez m\u00e1s insostenible, hasta el punto de que una minor\u00eda, el 20% de la poblaci\u00f3n consume el 80% de los recursos.<\/p>\n<p>Pas\u00f3 a definir la Renta B\u00e1sica, mencionando sus fundamentos de car\u00e1cter filos\u00f3fico, as\u00ed como los estudios de diversos autores en el mismo sentido hasta llegar al proyecto ya m\u00e1s elaborado que recibe el nombre de Renta B\u00e1sica Universal. Con la experiencia en diversos pa\u00edses finaliz\u00f3 su exposici\u00f3n, aqu\u00ed forzosamente resumida.<\/p>\n<p>En el animado turno de palabra de los asistentes, se trat\u00f3 en primer lugar de las principales objeciones a la RBU, como son la universalidad y la financiaci\u00f3n, asuntos aclarados por el autor. Se constat\u00f3 la necesidad de crear una mayor\u00eda social que la haga posible. Se pidi\u00f3 tambi\u00e9n una referencia a las diversas experiencias en otros pa\u00edses. Otra intervenci\u00f3n puso de manifiesto las barreras burocr\u00e1ticas para conseguir cualquier ayuda social que, al ser dirigidas a un segmento especialmente vulnerable de la sociedad, supone una estigmatizaci\u00f3n de la persona que lo recibe, especialmente grave en los ni\u00f1os (becas de comedor y dem\u00e1s).<\/p>\n<p>Se habl\u00f3 tambi\u00e9n de la discriminaci\u00f3n que sufren las mujeres cuyo trabajo consiste en atender el hogar y el cuidado de los hijos, los mayores o los dependientes, lo que supone no disponer de un salario con el que disponer de una m\u00ednima autonom\u00eda. Y que en casos de violencia dom\u00e9stica se hace especialmente dram\u00e1tico, al no poder alejarse de su maltratador por falta de recursos econ\u00f3micos. La RBU ser\u00eda una soluci\u00f3n justa y eficaz en estos casos.<\/p>\n<p>El acto lo cerr\u00f3 Gloria Cavanna animando a los asistentes a emprender cualquier tipo de iniciativas que vayan en la direcci\u00f3n de combatir la pobreza y la desigualdad para lo que tendr\u00e1n siempre las puertas abiertas en nuestra Asociaci\u00f3n.<\/p>\n","protected":false},"excerpt":{"rendered":"<p> El pasado d\u00eda 11 de enero tuvo lugar la presentaci\u00f3n del libro de Cive P\u00e9rez \u201cRenta B\u00e1sica Universal\u201d, de la editorial Clave Intelectual.<\/p>\n","protected":false},"author":1,"featured_media":3998,"comment_status":"closed","ping_status":"open","sticky":false,"template":"","format":"standard","meta":{"footnotes":""},"categories":[10],"tags":[],"class_list":["post-2703","post","type-post","status-publish","format-standard","has-post-thumbnail","hentry","category-economia","sent_by-jesus-nunez"],"_links":{"self":[{"href":"https:\/\/www.prospereando.es\/index.php\/wp-json\/wp\/v2\/posts\/2703","targetHints":{"allow":["GET"]}}],"collection":[{"href":"https:\/\/www.prospereando.es\/index.php\/wp-json\/wp\/v2\/posts"}],"about":[{"href":"https:\/\/www.prospereando.es\/index.php\/wp-json\/wp\/v2\/types\/post"}],"author":[{"embeddable":true,"href":"https:\/\/www.prospereando.es\/index.php\/wp-json\/wp\/v2\/users\/1"}],"replies":[{"embeddable":true,"href":"https:\/\/www.prospereando.es\/index.php\/wp-json\/wp\/v2\/comments?post=2703"}],"version-history":[{"count":0,"href":"https:\/\/www.prospereando.es\/index.php\/wp-json\/wp\/v2\/posts\/2703\/revisions"}],"wp:featuredmedia":[{"embeddable":true,"href":"https:\/\/www.prospereando.es\/index.php\/wp-json\/wp\/v2\/media\/3998"}],"wp:attachment":[{"href":"https:\/\/www.prospereando.es\/index.php\/wp-json\/wp\/v2\/media?parent=2703"}],"wp:term":[{"taxonomy":"category","embeddable":true,"href":"https:\/\/www.prospereando.es\/index.php\/wp-json\/wp\/v2\/categories?post=2703"},{"taxonomy":"post_tag","embeddable":true,"href":"https:\/\/www.prospereando.es\/index.php\/wp-json\/wp\/v2\/tags?post=2703"}],"curies":[{"name":"wp","href":"https:\/\/api.w.org\/{rel}","templated":true}]}}