{"id":26352,"date":"2024-11-05T20:35:06","date_gmt":"2024-11-05T19:35:06","guid":{"rendered":"https:\/\/www.prospereando.es\/?p=26352"},"modified":"2024-11-05T20:35:06","modified_gmt":"2024-11-05T19:35:06","slug":"tragedia-ambiental-y-ciencia","status":"publish","type":"post","link":"https:\/\/www.prospereando.es\/index.php\/2024\/11\/05\/tragedia-ambiental-y-ciencia\/","title":{"rendered":"Tragedia ambiental y ciencia"},"content":{"rendered":"<p><img loading=\"lazy\" decoding=\"async\" class=\" wp-image-26353 aligncenter\" src=\"http:\/\/www.prospereando.es\/wp-content\/uploads\/2024\/11\/vistadana1-300x160.jpg\" alt=\"\" width=\"627\" height=\"334\" srcset=\"https:\/\/www.prospereando.es\/wp-content\/uploads\/2024\/11\/vistadana1-300x160.jpg 300w, https:\/\/www.prospereando.es\/wp-content\/uploads\/2024\/11\/vistadana1.jpg 641w\" sizes=\"auto, (max-width: 627px) 100vw, 627px\" \/><\/p>\n<p>Todo el dolor humano, el coste material, la destrucci\u00f3n y el caos que esta DANA ha producido en el pa\u00eds, principalmente, claro, en quienes lo han padecido directamente, ha de tener una explicaci\u00f3n racional, incluso cient\u00edfica y, por supuesto, un soporte filos\u00f3fico.<\/p>\n<p>Algunos integristas hebreos han dicho, los pobres, que este tr\u00e1gico acontecimiento clim\u00e1tico es el castigo por haber reconocido nuestro gobierno a Palestina<\/p>\n<p>Siguen anclados en el juda\u00edsmo primitivo, anterior incluso al del Nuevo Testamento. Y seguramente sus \u00abpensadores\u00bb lo justifiquen de alg\u00fan modo. Son as\u00ed.<\/p>\n<p>M\u00e1s cerca, est\u00e1n nuestros visionarios ancestrales, los que defienden interesadamente, claro, que la Tierra es plana. Esos nunca emitir\u00edan una sola idea v\u00e1lida para explicar nada. Ni pandemias, ni vacunas, ni fen\u00f3menos atmosf\u00e9ricos complejos.<\/p>\n<p>Los cient\u00edficos, los meteor\u00f3logos en concreto, s\u00ed tienen explicaciones cient\u00edficas acordes con el \u00abestado del arte\u00bb de esa disciplina basada en criterio cient\u00edficos y los m\u00e9todos de que disponen en sus predicciones. Hasta ah\u00ed, de acuerdo todos.<\/p>\n<p>Pero, acaso, se eche de menos un cierto soporte filos\u00f3fico, no moral ni religioso, aunque anoche vi en TVE a un tertuliano decir que \u00abel mal existe\u00bb refiri\u00e9ndose a la DANA, como si a la naturaleza se le pudiese asignar esa categor\u00eda moral. Otros han podido pensar que Dios nos ha abandonado o que castiga a este gobierno o&#8230; cosas tan irracionales que casi cuesta citarlas.<\/p>\n<p>Hay, sin embargo, una cierta conexi\u00f3n interna entre la naturaleza, sus manifestaciones y el impacto, los efectos, que causa cuando tiene, ella s\u00ed, que manifestar y recomponer las contradicciones internas siguiendo las propias leyes de acci\u00f3n y actuaci\u00f3n, inevitables, que gobiernan su existencia.<\/p>\n<p>Es lo que los meteor\u00f3logos explican sobre masas de aire caliente sobre el mar en conflicto con las capas de la atm\u00f3sfera que llegan desde otras latitudes fr\u00edas al girar el globo terr\u00e1queo y arrastrar desde latitudes m\u00e1s alejadas a la acci\u00f3n del Sol&#8230; \u00ab\u00a1Es la Termodin\u00e1mica clim\u00e1tica, amigo!\u00bb dir\u00eda uno de ellos. Pero es su impacto sobre la sociedad, lo que hemos visto por desgracia ocurrir en el Levante espa\u00f1ol.<\/p>\n<p>Ah\u00ed surge, o deber\u00eda surgir, una explicaci\u00f3n profunda que se olvida y no se tiene en cuenta: la dial\u00e9ctica materialista, esa filosof\u00eda que, explica tantas cosas que se ignoran o desprecian. La conexi\u00f3n del hombre, la sociedad y la naturaleza en la que vive y de la que abusa.<\/p>\n<p>La ley de la unidad de contrarios, la construcci\u00f3n devoradora de espacios naturales que tienen sus propias exigencias de actuaci\u00f3n y comportamiento. Uno ligado al otro. Naturaleza y sociedad humana. Son una e indivisible:\u00a0 La ley de la negaci\u00f3n. Todo lo que es, lleva en su seno, su contradicci\u00f3n esencial que llega a anularlo&#8230; para dar lugar a otra cosa, esta a su vez, con su propia contradicci\u00f3n interna.<\/p>\n<p>No se puede actuar como si esas conexiones ineludibles, aqu\u00ed entre sociedad humana, naturaleza y cambio permanente que son la esencia de la dial\u00e9ctica de la materia, del universo material. Y por la que todo est\u00e1 interconectado: casas, pueblos, atm\u00f3sfera, r\u00edos, torrentes que dan salida a las aguas pluviales, coches, garajes profundos, condiciones t\u00e9rmicas en la atm\u00f3sfera, aviso de lluvias torrenciales que se ignoran, actuaciones impulsivas sin la educaci\u00f3n social necesaria en el respeto a la naturaleza y sus propias \u00abnecesidades\u00bb.<\/p>\n<p>Tantos factores que se consideran aisladamente, como ex\u00f3genos al proceso de desarrollo social y t\u00e9cnico, pero que son end\u00f3genos a cualquier interacci\u00f3n de la actividad social del hombre en su relaci\u00f3n con \u00abElla\u00bb, la naturaleza y sus propias exigencias de este Planeta, que produjo la vida y que est\u00e1 tambi\u00e9n vivo, que alienta, se reajusta y transforma dial\u00e9cticamente para cumplir sus ciclos vitales&#8230; Es \u00abAlguien\u00bb. No una \u00abcosa\u00bb.<\/p>\n<p>Y finalmente, la ley del cambio o salto cualitativo por acumulaci\u00f3n de lo cuantitativo. Hasta qu\u00e9 punto se pueden acumular esos cambios, procesos e interacciones sobre el terreno, la atm\u00f3sfera, la naturaleza, el paisaje incluso y la presi\u00f3n sobre los h\u00e1bitats naturales &#8230; sin que se produzca un cambio cualitativo, a veces brutal, una reacci\u00f3n a tanta acci\u00f3n sin tener en cuenta estas leyes internas del medio f\u00edsico. La naturaleza explotada como si fuese algo al servicio del hombre. Y peor a\u00fan, del capital y sus necesidades, tambi\u00e9n dial\u00e9cticas: crecer para no morir por inanici\u00f3n, por la competencia, por seguir&#8230; seguir&#8230; seguir buscando beneficios.<\/p>\n<p>En estas sencillas reglas de filosof\u00eda esencial, olvidada y postergada, acaso, pueda encontrarse explicaci\u00f3n y, quiz\u00e1 remedio a los hechos que llenan de dolor, destrucci\u00f3n y miedo a nuestras sociedades&#8230; tambi\u00e9n en el llamado \u00abPrimer Mundo\u00bb. (\u00ab\u00a1Oh sorpresa!\u00bb).<\/p>\n","protected":false},"excerpt":{"rendered":"<p>Todo el dolor humano, el coste material, la destrucci\u00f3n y el caos que esta DANA ha producido en el pa\u00eds, principalmente, claro, en quienes lo han padecido directamente, ha de tener una explicaci\u00f3n racional, incluso cient\u00edfica y, por supuesto, un soporte filos\u00f3fico.<\/p>\n","protected":false},"author":1,"featured_media":26353,"comment_status":"open","ping_status":"open","sticky":false,"template":"","format":"standard","meta":{"footnotes":""},"categories":[20],"tags":[],"class_list":["post-26352","post","type-post","status-publish","format-standard","has-post-thumbnail","hentry","category-opinion","sent_by-gregorio-torres"],"_links":{"self":[{"href":"https:\/\/www.prospereando.es\/index.php\/wp-json\/wp\/v2\/posts\/26352","targetHints":{"allow":["GET"]}}],"collection":[{"href":"https:\/\/www.prospereando.es\/index.php\/wp-json\/wp\/v2\/posts"}],"about":[{"href":"https:\/\/www.prospereando.es\/index.php\/wp-json\/wp\/v2\/types\/post"}],"author":[{"embeddable":true,"href":"https:\/\/www.prospereando.es\/index.php\/wp-json\/wp\/v2\/users\/1"}],"replies":[{"embeddable":true,"href":"https:\/\/www.prospereando.es\/index.php\/wp-json\/wp\/v2\/comments?post=26352"}],"version-history":[{"count":1,"href":"https:\/\/www.prospereando.es\/index.php\/wp-json\/wp\/v2\/posts\/26352\/revisions"}],"predecessor-version":[{"id":26354,"href":"https:\/\/www.prospereando.es\/index.php\/wp-json\/wp\/v2\/posts\/26352\/revisions\/26354"}],"wp:featuredmedia":[{"embeddable":true,"href":"https:\/\/www.prospereando.es\/index.php\/wp-json\/wp\/v2\/media\/26353"}],"wp:attachment":[{"href":"https:\/\/www.prospereando.es\/index.php\/wp-json\/wp\/v2\/media?parent=26352"}],"wp:term":[{"taxonomy":"category","embeddable":true,"href":"https:\/\/www.prospereando.es\/index.php\/wp-json\/wp\/v2\/categories?post=26352"},{"taxonomy":"post_tag","embeddable":true,"href":"https:\/\/www.prospereando.es\/index.php\/wp-json\/wp\/v2\/tags?post=26352"}],"curies":[{"name":"wp","href":"https:\/\/api.w.org\/{rel}","templated":true}]}}