{"id":26343,"date":"2024-11-04T21:28:14","date_gmt":"2024-11-04T20:28:14","guid":{"rendered":"https:\/\/www.prospereando.es\/?p=26343"},"modified":"2024-11-04T21:30:30","modified_gmt":"2024-11-04T20:30:30","slug":"como-mejorar-la-gestion-del-riesgo-en-las-zonas-afectadas-por-dana-para-que-no-se-repita-una-catastrofe","status":"publish","type":"post","link":"https:\/\/www.prospereando.es\/index.php\/2024\/11\/04\/como-mejorar-la-gestion-del-riesgo-en-las-zonas-afectadas-por-dana-para-que-no-se-repita-una-catastrofe\/","title":{"rendered":"C\u00f3mo mejorar la gesti\u00f3n del riesgo en las zonas afectadas por DANA para que no se repita una\u00a0cat\u00e1strofe"},"content":{"rendered":"<p><img loading=\"lazy\" decoding=\"async\" class=\" wp-image-26344 aligncenter\" src=\"http:\/\/www.prospereando.es\/wp-content\/uploads\/2024\/11\/mejorargestion1-300x142.jpg\" alt=\"\" width=\"660\" height=\"312\" srcset=\"https:\/\/www.prospereando.es\/wp-content\/uploads\/2024\/11\/mejorargestion1-300x142.jpg 300w, https:\/\/www.prospereando.es\/wp-content\/uploads\/2024\/11\/mejorargestion1.jpg 600w\" sizes=\"auto, (max-width: 660px) 100vw, 660px\" \/><\/p>\n<p>El an\u00e1lisis sin\u00f3ptico de la <a href=\"https:\/\/www.aemet.es\/documentos\/es\/conocermas\/estudios\/dana_ext.pdf\">DANA<\/a> (siglas de depresi\u00f3n aislada en niveles altos) del 29 de octubre de 2024 que afect\u00f3 al Levante espa\u00f1ol ha revelado que el evento fue causado por una corriente de aire fr\u00edo que, al alcanzar la costa mediterr\u00e1nea y entrar en contacto con el aire c\u00e1lido y h\u00famedo del Mediterr\u00e1neo, favoreci\u00f3 la formaci\u00f3n de nubosidad densa y lluvias torrenciales.<\/p>\n<p>Seg\u00fan las estimaciones, se alcanzaron valores de precipitaciones en la provincia de Valencia de hasta 500\u00a0l\/m\u00b2 en ocho horas, afectando a municipios como Chiva, Utiel, Paiporta, Torrent y Requena, entre otros. Otras provincias afectadas han sido M\u00e1laga, as\u00ed como Albacete y Cuenca, especialmente sus municipios de Letur y Miras, respectivamente.<\/p>\n<p>Estas precipitaciones saturaron r\u00e1pidamente los suelos, generando <a href=\"https:\/\/rodrigo.uv.es\/handle\/10550\/39877\">crecidas s\u00fabitas<\/a> en torrentes, cauces y ramblas, que se desencadenaron en pocas horas, lo que limit\u00f3 el tiempo de respuesta, dejando poco margen para emitir alertas que fueran efectivas y poner en marcha medidas de evacuaci\u00f3n y rescate. Como resultado, se han producido <a href=\"https:\/\/efe.com\/economia\/2024-10-30\/cobertura-danos-indemnizaciones-dana\/\">da\u00f1os significativos<\/a> en la agricultura y las infraestructuras, as\u00ed como en los comercios, industrias y viviendas de las \u00e1reas urbanas afectadas.<\/p>\n<p>Asimismo, con fecha 31 de octubre, ya <a href=\"https:\/\/efe.com\/espana\/2024-10-31\/dana-directo-ultima-hora\/\">se hab\u00edan contabilizado m\u00e1s de 150 muertos<\/a>, de los que, como m\u00ednimo 92 se hab\u00edan registrado en la provincia de Valencia, uno en la provincia de M\u00e1laga, otro en Cuenca, en la localidad de Mira, y otro en Albacete, en la localidad de Letur, en la que, adem\u00e1s, hay cuatro personas desaparecidas.<\/p>\n<h2 class=\"western\">El riesgo de construir en los espacios fluviales<\/h2>\n<p>Este tipo de eventos tambi\u00e9n provocaron desastres en el Levante espa\u00f1ol en el pasado. En concreto, la riada de Valencia de 1957, que caus\u00f3 81 muertos al desbordarse el Turia, o la inundaci\u00f3n de 1982 en Alicante, en la que hubo tres fallecidos. En 1982 tambi\u00e9n ocurri\u00f3 la <a href=\"https:\/\/es.wikipedia.org\/wiki\/Pantanada_de_Tous\">rotura de la presa de Tous<\/a>, que colaps\u00f3 tras lluvias de m\u00e1s de 600\u00a0mm en pocas horas, dejando 30 muertos y m\u00e1s de 30\u00a0000 personas sin hogar.<\/p>\n<p>En 1997, precipitaciones extremas en Alicante provocaron 4 v\u00edctimas mortales. En 2018, en la isla de Mallorca hubo 13 muertes por <a href=\"https:\/\/theconversation.com\/seis-anos-de-la-torrentada-de-sant-llorenc-lecciones-aprendidas-de-una-catastrofe-agravada-por-el-hombre-240922\">inundaciones en la localidad de Sant Lloren\u00e7<\/a>, y en 2019, una DANA en la comarca alicantina de la Vega Baja provoc\u00f3 tres muertos.<\/p>\n<p>En relaci\u00f3n con estos eventos, el principal factor amplificador de p\u00e9rdidas de vida humana, damnificados y de da\u00f1os econ\u00f3micos es la urbanizaci\u00f3n de los espacios fluviales de cauces y ramblas, circunstancia esta que tambi\u00e9n se ha dado en la mayor\u00eda de los n\u00facleos urbanos afectados por la DANA del pasado 29 de octubre.<\/p>\n<p>As\u00ed, la expansi\u00f3n urbana en los espacios fluviales de cauces intermitentes como la <a href=\"https:\/\/es.wikipedia.org\/wiki\/Rambla_del_Poyo\">rambla del Poyo<\/a> ha aumentado la exposici\u00f3n y vulnerabilidad y, en consecuencia, el riesgo de las \u00e1reas urbanas y periurbanas a las crecidas s\u00fabitas como las acontecidas en el evento que aqu\u00ed se describe.<\/p>\n<p>A futuro, el <a href=\"https:\/\/tecscience.tec.mx\/es\/humano-social\/dana-fenomeno-valencia\/\">cambio clim\u00e1tico probablemente aumentar\u00e1 la frecuencia, duraci\u00f3n y severidad de las DANA<\/a>, ya que el previsible aumento de la temperatura del Mediterr\u00e1neo incrementar\u00e1 la humedad de las masas de aire, lo que potenciar\u00e1 la ocurrencia de lluvias extremas en caso de formaci\u00f3n de DANA. Por otro lado, estos fen\u00f3menos, hasta ahora habituales finalizado el verano, podr\u00edan extenderse en el tiempo si las altas temperaturas del mar se mantienen pasado el oto\u00f1o.<\/p>\n<h2 class=\"western\">Propuestas de mejoras en la gesti\u00f3n del riesgo<\/h2>\n<p>Los efectos de la reciente DANA subrayan la necesidad de mejorar la gesti\u00f3n del riesgo sobre la base de la prevenci\u00f3n, la preparaci\u00f3n y la respuesta eficaz. Estas son algunas propuestas:<\/p>\n<ul>\n<li><strong>Mejorar la percepci\u00f3n del riesgo<\/strong>: mediante campa\u00f1as de comunicaci\u00f3n adaptadas a diferentes p\u00fablicos, utilizando medios locales, redes sociales y aplicaciones m\u00f3viles para difundir los mapas peligrosidad y de riesgo existentes, o los planes locales de protecci\u00f3n civil, entre otras fuentes de informaci\u00f3n disponibles.<\/li>\n<li><strong>Crear \u00edndices de vulnerabilidad hol\u00edsticos:<\/strong> estos deben considerar las dimensiones social, econ\u00f3mica, f\u00edsica, institucional, cultural y ambiental ayudar\u00edan a identificar \u00e1reas prioritarias y focalizar recursos en las zonas de mayor riesgo.<\/li>\n<li><strong>D<\/strong><strong>esarrollar mapas de peligrosidad y de riesgo con base probabil\u00edstica:<\/strong> estos sustituir\u00edan al enfoque habitual determin\u00edstico, a fin de permitir la toma de decisiones informadas en funci\u00f3n de la probabilidad, en lugar de en salidas cartogr\u00e1ficas binarias (zonas que se in<\/li>\n<\/ul>\n<p><strong>Mejorar la <a href=\"https:\/\/www.miteco.gob.es\/content\/dam\/miteco\/es\/agua\/temas\/gestion-de-los-riesgos-de-inundacion\/guia_inundaciones_completa_22jun_tcm30-526164.pdf\">resiliencia de la infraestructura urbana<\/a><\/strong><strong>:<\/strong> incentivando la adaptaci\u00f3n de los edificios ubicados en \u00e1reas de riesgo, mediante la instalaci\u00f3n de barreras de contenci\u00f3n y compuertas antiinundaci\u00f3n o mediante la elevaci\u00f3n de la cota de acceso a la primera planta del edificio.<\/p>\n<ul>\n<li><strong>Mejorar de los sistemas de alerta meteorol\u00f3gica:<\/strong> para ello se requiere desarrollar nuevos modelos y tecnolog\u00edas que maximicen la precisi\u00f3n de los pron\u00f3sticos. Con ello, se podr\u00e1 incrementar la eficiencia de los sistemas de aviso por mensajer\u00eda soportada por telefon\u00eda m\u00f3vil como <a href=\"https:\/\/www.proteccioncivil.es\/coordinacion\/redes\/ran\/public-warning-system\">ES-ALERT<\/a>, que permite a las autoridades de protecci\u00f3n civil alertar a la poblaci\u00f3n sobre la necesidad de evitar desplazamientos a los centros escolares o laborales en caso de ocurrencia de lluvias torrenciales.<\/li>\n<\/ul>\n<p>En resumen, la DANA del 29 de octubre de 2024 evidencia la necesidad de mejorar la gesti\u00f3n del riesgo en zonas vulnerables del Levante espa\u00f1ol. La urbanizaci\u00f3n de las zonas inundables y el cambio clim\u00e1tico aumentan la exposici\u00f3n a las crecidas s\u00fabitas.<\/p>\n<p>Ante este panorama, es fundamental mejorar la percepci\u00f3n social del riesgo, mediante el desarrollo de planes de comunicaci\u00f3n; desarrollar \u00edndices hol\u00edsticos de vulnerabilidad y mejorar la resiliencia de los edificios en \u00e1reas urbanas. Adem\u00e1s, aumentar la eficiencia de los sistemas de alerta meteorol\u00f3gica y adoptar enfoques preventivos podr\u00edan reducir da\u00f1os y proteger vidas durante eventos extremos futuros.<\/p>\n<p>Publicado en The Conversation<\/p>\n<p>Para ver el art\u00edculo en The Conversation: <a href=\"https:\/\/theconversation.com\/como-mejorar-la-gestion-del-riesgo-en-las-zonas-afectadas-por-dana-para-que-no-se-repita-una-catastrofe-242511\">Mejorar gesti\u00f3n riesgo<\/a><\/p>\n<p><a href=\"https:\/\/theconversation.com\/profiles\/jose-maria-bodoque-2247290\"> Jos\u00e9 Mar\u00eda Bodoque <\/a>, Investigador en modelizaci\u00f3n hidrol\u00f3gica e hidr\u00e1ulica, hidromorfolog\u00eda y evaluaci\u00f3n del riesgo por inundaci\u00f3n, Universidad de Castilla-La Mancha<\/p>\n","protected":false},"excerpt":{"rendered":"<p>El an\u00e1lisis sin\u00f3ptico de la DANA (siglas de depresi\u00f3n aislada en niveles altos) del 29 de octubre de 2024 que afect\u00f3 al Levante espa\u00f1ol ha revelado que el evento fue causado por una corriente de aire fr\u00edo que, al alcanzar la costa mediterr\u00e1nea y entrar en contacto con el aire c\u00e1lido y h\u00famedo del Mediterr\u00e1neo, favoreci\u00f3 la formaci\u00f3n de nubosidad densa y lluvias torrenciales.<\/p>\n","protected":false},"author":1,"featured_media":26344,"comment_status":"open","ping_status":"open","sticky":false,"template":"","format":"standard","meta":{"footnotes":""},"categories":[6],"tags":[],"class_list":["post-26343","post","type-post","status-publish","format-standard","has-post-thumbnail","hentry","category-sociedad","sent_by-jose-maria-bodoque"],"_links":{"self":[{"href":"https:\/\/www.prospereando.es\/index.php\/wp-json\/wp\/v2\/posts\/26343","targetHints":{"allow":["GET"]}}],"collection":[{"href":"https:\/\/www.prospereando.es\/index.php\/wp-json\/wp\/v2\/posts"}],"about":[{"href":"https:\/\/www.prospereando.es\/index.php\/wp-json\/wp\/v2\/types\/post"}],"author":[{"embeddable":true,"href":"https:\/\/www.prospereando.es\/index.php\/wp-json\/wp\/v2\/users\/1"}],"replies":[{"embeddable":true,"href":"https:\/\/www.prospereando.es\/index.php\/wp-json\/wp\/v2\/comments?post=26343"}],"version-history":[{"count":3,"href":"https:\/\/www.prospereando.es\/index.php\/wp-json\/wp\/v2\/posts\/26343\/revisions"}],"predecessor-version":[{"id":26347,"href":"https:\/\/www.prospereando.es\/index.php\/wp-json\/wp\/v2\/posts\/26343\/revisions\/26347"}],"wp:featuredmedia":[{"embeddable":true,"href":"https:\/\/www.prospereando.es\/index.php\/wp-json\/wp\/v2\/media\/26344"}],"wp:attachment":[{"href":"https:\/\/www.prospereando.es\/index.php\/wp-json\/wp\/v2\/media?parent=26343"}],"wp:term":[{"taxonomy":"category","embeddable":true,"href":"https:\/\/www.prospereando.es\/index.php\/wp-json\/wp\/v2\/categories?post=26343"},{"taxonomy":"post_tag","embeddable":true,"href":"https:\/\/www.prospereando.es\/index.php\/wp-json\/wp\/v2\/tags?post=26343"}],"curies":[{"name":"wp","href":"https:\/\/api.w.org\/{rel}","templated":true}]}}