{"id":26166,"date":"2024-10-13T20:53:32","date_gmt":"2024-10-13T18:53:32","guid":{"rendered":"https:\/\/www.prospereando.es\/?p=26166"},"modified":"2024-10-13T20:53:32","modified_gmt":"2024-10-13T18:53:32","slug":"marisa-manchado-premio-nacional-de-musica-2024","status":"publish","type":"post","link":"https:\/\/www.prospereando.es\/index.php\/2024\/10\/13\/marisa-manchado-premio-nacional-de-musica-2024\/","title":{"rendered":"Marisa Manchado, Premio Nacional de M\u00fasica 2024."},"content":{"rendered":"<p><img loading=\"lazy\" decoding=\"async\" class=\" wp-image-26168 aligncenter\" src=\"http:\/\/www.prospereando.es\/wp-content\/uploads\/2024\/10\/marisamanchado2-300x150.jpg\" alt=\"\" width=\"670\" height=\"335\" srcset=\"https:\/\/www.prospereando.es\/wp-content\/uploads\/2024\/10\/marisamanchado2-300x150.jpg 300w, https:\/\/www.prospereando.es\/wp-content\/uploads\/2024\/10\/marisamanchado2.jpg 600w\" sizes=\"auto, (max-width: 670px) 100vw, 670px\" \/><\/p>\n<p>Marisa Manchado es la ganadora del Premio Nacional de M\u00fasica 2024, por su \u00f3pera \u00abLa Regenta\u00bb, basada en la novela de Clar\u00edn, con libreto de la fil\u00f3sofa asturiana Amelia Valc\u00e1rcel y producci\u00f3n de 2023, del Teatro Real y el Teatro Espa\u00f1ol.<\/p>\n<p>El premio lo recibe la compositora Manchado cuando todav\u00eda no se han apagado los aplausos por su nominaci\u00f3n a los International Opera Awards del 2024.<\/p>\n<p>El jurado destaca que :\u201cLa compositora ha contribuido a la ampliaci\u00f3n del patrimonio musical espa\u00f1ol, destacando la integraci\u00f3n de estilos innovadores e h\u00edbridos. Es una lectura actualizada de un cl\u00e1sico de la literatura universal, a trav\u00e9s de la que da voz a un personaje femenino ic\u00f3nico, que subraya el largo compromiso de la compositora con la igualdad\u201d<\/p>\n<p>La biograf\u00eda de Marisa Manchado es extensa, estudi\u00f3 Acompa\u00f1amiento y Armon\u00eda. Contrapunto y Fuga. Compensaci\u00f3n y Orquestaci\u00f3n en el Real Conservatorio de M\u00fasica de Madrid. Complet\u00f3 su formaci\u00f3n musical con Carmelo Bernaola y Luis de Pablo. Ampli\u00f3 estudios musicales en Par\u00eds, Universidad VIII y en Accademia Chigiana de Siena. Doctora en Psicolog\u00eda. En 2022 concluy\u00f3 su tesis doctoral \u201cEl laboratorio de Inform\u00e1tica y Electr\u00f3nica Musical (LIEM) del Centro para la Difusi\u00f3n de la M\u00fasica Contempor\u00e1nea (CDMC): un instrumento inclusivo para la creaci\u00f3n electroac\u00fastica\u201d, que obtuvo la calificaci\u00f3n de sobresaliente cum laude y con la que gan\u00f3 el Premio Fundaci\u00f3n SGAE a la mejor tesis doctoral 2021.<\/p>\n<p>En 2006 present\u00f3 \u201cLa pasi\u00f3n de Juana de Arco\u201d, m\u00fasica para la pel\u00edcula del mismo t\u00edtulo de Carl Theodor Dreyer, por encargo del Teatro de la Zarzuela de Madrid y la Orquesta de la Comunidad de Madrid.<\/p>\n<p>En 2012 participa en el Taller de Mujeres del Festival de M\u00fasica de C\u00e1diz, y en el Festival de Ellas Crean organizado por el Centro Nacional de Difusi\u00f3n Musical (CNDM). En 2021 el Auditorio Nacional estrena el \u201c\u00c1rbol rosa\u201d con textos de Emilia Pardo Baz\u00e1n e interpretada por la Orquesta de la Comunidad de Madrid. En 2022 estreno su obra para voz y piano \u201cEn la tierra de nadie\u201d basada en el poema de Carmen Conde del mismo t\u00edtulo.<\/p>\n<p>Adem\u00e1s de su trabajo como compositora, tambi\u00e9n destaca su labor como docente y gestora cultural. Ha sido subdirectora general de M\u00fasica y Danza del INAEM, del Ministerio de Cultura (2007-2008) y vicedirectora del Conservatorio Profesional de M\u00fasica de Madrid Teresa Berganza durante 14 a\u00f1os. Como divulgadora ha escrito varios libros sobre la mujer en la m\u00fasica, el \u00faltimo en 2013<i> \u00a1Mis queridas genias compositoras\u00a1<\/i> <i>que me acompa\u00f1an e<\/i> <i>inspiran<\/i> (ediciones Huso) y forma parte de la Asociaci\u00f3n Cl\u00e1sicas y Modernas por la igualdad de las mujeres en la cultura.<\/p>\n<p>La Asociaci\u00f3n Vecinal Valle Incl\u00e1n recibe noticia de su premio bien merecido, con gran alegr\u00eda por su talento creativo y art\u00edstico. Por su visi\u00f3n de la opera como arte transformador a favor de la igualdad de g\u00e9nero y el impacto social de la misma como lo demuestra <i>\u201cLa Regenta<\/i>\u201d .La profesora Manchado como socia activa que es, en varias ocasiones ha ofrecido sus conocimientos musicales en diferentes talleres como \u201cMujer en la m\u00fasica medieval\u201d, \u201cComo escuchar m\u00fasica\u201d, etc. en la Asociaci\u00f3n Vecinal.<\/p>\n<p>\u00a1\u00a1Enhorabuena \u00a1\u00a1\u00a1<\/p>\n","protected":false},"excerpt":{"rendered":"<p>Marisa Manchado es la ganadora del Premio Nacional de M\u00fasica 2024, por su \u00f3pera \u00abLa Regenta\u00bb, basada en la novela de Clar\u00edn, con libreto de la fil\u00f3sofa asturiana Amelia Valc\u00e1rcel y producci\u00f3n de 2023, del Teatro Real y el Teatro Espa\u00f1ol.<\/p>\n","protected":false},"author":1,"featured_media":26168,"comment_status":"open","ping_status":"open","sticky":false,"template":"","format":"standard","meta":{"footnotes":""},"categories":[18],"tags":[],"class_list":["post-26166","post","type-post","status-publish","format-standard","has-post-thumbnail","hentry","category-cultura","sent_by-carmen-moleres"],"_links":{"self":[{"href":"https:\/\/www.prospereando.es\/index.php\/wp-json\/wp\/v2\/posts\/26166","targetHints":{"allow":["GET"]}}],"collection":[{"href":"https:\/\/www.prospereando.es\/index.php\/wp-json\/wp\/v2\/posts"}],"about":[{"href":"https:\/\/www.prospereando.es\/index.php\/wp-json\/wp\/v2\/types\/post"}],"author":[{"embeddable":true,"href":"https:\/\/www.prospereando.es\/index.php\/wp-json\/wp\/v2\/users\/1"}],"replies":[{"embeddable":true,"href":"https:\/\/www.prospereando.es\/index.php\/wp-json\/wp\/v2\/comments?post=26166"}],"version-history":[{"count":2,"href":"https:\/\/www.prospereando.es\/index.php\/wp-json\/wp\/v2\/posts\/26166\/revisions"}],"predecessor-version":[{"id":26169,"href":"https:\/\/www.prospereando.es\/index.php\/wp-json\/wp\/v2\/posts\/26166\/revisions\/26169"}],"wp:featuredmedia":[{"embeddable":true,"href":"https:\/\/www.prospereando.es\/index.php\/wp-json\/wp\/v2\/media\/26168"}],"wp:attachment":[{"href":"https:\/\/www.prospereando.es\/index.php\/wp-json\/wp\/v2\/media?parent=26166"}],"wp:term":[{"taxonomy":"category","embeddable":true,"href":"https:\/\/www.prospereando.es\/index.php\/wp-json\/wp\/v2\/categories?post=26166"},{"taxonomy":"post_tag","embeddable":true,"href":"https:\/\/www.prospereando.es\/index.php\/wp-json\/wp\/v2\/tags?post=26166"}],"curies":[{"name":"wp","href":"https:\/\/api.w.org\/{rel}","templated":true}]}}