{"id":26119,"date":"2024-10-08T20:26:02","date_gmt":"2024-10-08T18:26:02","guid":{"rendered":"https:\/\/www.prospereando.es\/?p=26119"},"modified":"2024-10-08T20:26:02","modified_gmt":"2024-10-08T18:26:02","slug":"chandrios-de-verano","status":"publish","type":"post","link":"https:\/\/www.prospereando.es\/index.php\/2024\/10\/08\/chandrios-de-verano\/","title":{"rendered":"Chandr\u00edos de verano"},"content":{"rendered":"<p><img loading=\"lazy\" decoding=\"async\" class=\" wp-image-26120 aligncenter\" src=\"http:\/\/www.prospereando.es\/wp-content\/uploads\/2024\/10\/chandrios1-300x179.jpg\" alt=\"\" width=\"628\" height=\"375\" srcset=\"https:\/\/www.prospereando.es\/wp-content\/uploads\/2024\/10\/chandrios1-300x179.jpg 300w, https:\/\/www.prospereando.es\/wp-content\/uploads\/2024\/10\/chandrios1.jpg 600w\" sizes=\"auto, (max-width: 628px) 100vw, 628px\" \/><\/p>\n<p>Pr\u00f3ximos ya a comenzar el nuevo curso, tambi\u00e9n el pol\u00edtico, la palabra que primero me ha venido a la cabeza, ha sido \u2018chandr\u00edo\u2019. Muchas personas la conocer\u00e1n, para otras les resultar\u00e1 poco adecuada.<\/p>\n<p>Chandr\u00edo es un vocablo navarro, de la zona del Roncal, significa: estropicio. Algunos modernos, amigos de la internacionalizaci\u00f3n del lenguaje recurren al conocido: \u2018cagada milady\u2019, en el fondo es lo mismo que decir: como elefante en cacharrer\u00eda, algunas personas recordar\u00e9is ciertas escenas de la sempiterna pel\u00edcula: \u00a1Hatari!, con esos peque\u00f1os elefantes destrozando todo lo que encuentran a su paso.<\/p>\n<p>As\u00ed es como suelo ver todos los comienzos de curso. S\u00e9 que impera en m\u00ed el esp\u00edritu negativo, veo las urnas medio vac\u00edas en lugar de contemplarlas medio llenas\u2026 Cosas de viejos, resquemor de no haber llegado a conocer unas estructuras sociales proactivas que conduzcan a la sociedad, gracias a su participaci\u00f3n, a un deseado bien com\u00fan. Con discrepancia, pero practicando el buen \u2018rollismo\u2019.<\/p>\n<p>S\u00ed, hablo de los pol\u00edticos. S\u00e9 que ellos utilizan un lenguaje diferente al del resto de ciudadanos.<\/p>\n<p>El raciocinio est\u00e1 presente en todo proyecto pol\u00edtico, todas las personas, al leerlo, nos parece fuerte, intenso, coherente, profundo, social, fecundo; basado en principios tecnol\u00f3gicos, cient\u00edficos, culturales, hist\u00f3ricos y hasta sujetos a derecho. Todo \u00e9l vertebra una idea, un programa, una forma de ver, sentir y vivir el pa\u00eds por todas las partes que configuran la sociedad.<\/p>\n<p>Cuando esta teor\u00eda se tamiza mediante la pr\u00e1ctica por los rodillos de afiliados y simpatizantes (la presunta masa votante), estos principios se envilecen de alg\u00fan modo, los acosan con egolatr\u00edas, estulticias y profunda necedad.<\/p>\n<p>No, no digo que los principios sean inamovibles, soy de la opini\u00f3n que un pa\u00eds no puede vivir con principios decimon\u00f3nicos, hay que ajustarlos y exponerlos con claridad a los votantes.<\/p>\n<p>Cuando no pasa esto y aparece un pol\u00edtico con genio, los cartesianos se asustan, los sempiternos acostumbrados a principios obsoletos reculan, los egos se exaltan y la necedad crece como las sombrillas en verano.<\/p>\n<p>Ah\u00ed tendr\u00eda valor la aparici\u00f3n del pol\u00edtico de casta. El que domina el l\u00e9xico y sabe dar la vuelta, sin ret\u00f3rica y con argumentos s\u00f3lidos, a esos principios trasnochados por el paso de generaciones y someterlas a los votantes. Pero el genio de la dial\u00e9ctica no llega, los espantados siguen rasg\u00e1ndose las vestiduras, los egos crecen como setas en oto\u00f1o, la meditaci\u00f3n se fulmina y las emociones condicionan a las razones.<\/p>\n<p>A ver, la masa necesita, necesitamos adulaci\u00f3n y ret\u00f3rica falsaria y descafeinada con edulcorante que halague o\u00eddos sordos. Muchos lo saben y algunos juegan a indignarse, a fin de que sucumban ciertos proyectos. En el fondo estos son los peores, son a los que hay que tener miedo, ya que, tras la adulaci\u00f3n y la exaltaci\u00f3n de las emociones van prepar\u00e1ndose el camino para gobernar al dictado.<\/p>\n<p>En este juego no podr\u00e1n subsistir los intelectuales, ni como pol\u00edticos ni como votantes y nos llevar\u00e1 directos a algo que creo fue Ortega el que la denomin\u00f3 la noche pol\u00edtica.<\/p>\n<p>Quiz\u00e1 va siendo hora de encender las luces de la raz\u00f3n que est\u00e1n sobre nuestras mesillas, para evitar los sue\u00f1os de las emociones.<\/p>\n<p>\u00a1Felices sue\u00f1os!<\/p>\n<h4 class=\"western\"><strong>Sue\u00f1os<\/strong><\/h4>\n<p>\u2026 Hay sue\u00f1os imposibles en la vida, vosotras sois uno de ellos.<\/p>\n<p>S\u00ed, vosotras, las n\u00f3minas adecuadas a las necesidades del trabajador, las pensiones que den lustre a la vejez del pensionista, la cosa p\u00fablica que tenga un espacio cada vez menos rid\u00edculo en la sociedad\u2026<\/p>\n<p>En fin, est\u00e1 visto que no se puede so\u00f1ar despierto, me vuelvo a la cama.<\/p>\n<h4 class=\"western\"><strong>\u00a0Filosof\u00eda<\/strong><\/h4>\n<p>Seg\u00fan el reconocid\u00edsimo fil\u00f3sofo de la Edad Antigua, conocido como \u2018An\u00f3nimo\u2019. La envidia se podr\u00eda considerar siempre como una \u2018hi de pu\u2019.<\/p>\n<p>Hasta el momento, nadie ha pedido constataci\u00f3n a este aserto.<\/p>\n<h4 class=\"western\"><strong>Voluntariosos<\/strong><\/h4>\n<p>En la \u00faltima c\u00e1rcel que pis\u00e9, un compa\u00f1ero muy reflexivo que ya se hab\u00eda curado de sus necesidades terroristas me dijo: hay personas que necesitan demostrar que son \u00fatiles. Y es in\u00fatil explicarles que no es bueno depender de esa \u2018especie de muleta\u2019, que son las necesidades ajenas, para llegar a ser feliz.<\/p>\n<p><strong>Filosof\u00eda est\u00e9ril<\/strong><\/p>\n<p>Algunos mandatarios, en su af\u00e1n de gobernar en base a la filosof\u00eda pura, tiran de la m\u00e1xima de S\u00e9neca: El mundo se compone de los que dan y de los que reciben.<\/p>\n<p>No se percatan que S\u00e9neca era cordob\u00e9s, y en esa tierra hay mucha guasa.<\/p>\n<p>A ver, si los unos dan bombas, otros reciben muerte.<\/p>\n<p>Y eso a nadie le hace feliz, por muy soci\u00f3pata que se sea. \u00bfo s\u00ed?<\/p>\n<h4 class=\"western\"><strong>\u00a0Insomnio perverso<\/strong><\/h4>\n<p>Tras una noche tropical Alexis Sweats, no pudo conciliar el sue\u00f1o ni un solo minuto, cuando son\u00f3 el despertador, se percat\u00f3 que no pod\u00eda moverse de la cama. Se le hab\u00edan dormido las piernas.<\/p>\n<h4 class=\"western\"><strong>Chat<\/strong><\/h4>\n<p>Cada vez que entro en un chat, me apeo inmediatamente. Siempre me viene a la cabeza esa antigua y lapidaria frase: Divide ut Vinces. Que, dicho en rom\u00e1n paladino, quiere decir: Divide para que venzas.<\/p>\n<p>Y en los chat, hay muchos que mantienen ese firme prop\u00f3sito, el de romper las relaciones humanas y crear extraordinarios momentos de infelicidad.<\/p>\n<h4 class=\"western\"><strong>\u00a0Apreciaciones equ\u00edvocas<\/strong><\/h4>\n<p>Todos los oyentes pensaron que aquel corresponsal de guerra ten\u00eda un problema de dicci\u00f3n.<\/p>\n<p>Fue una sorpresa cuando supieron que su caracter\u00edstica forma de dar la noticia y relatar los ni\u00f1os y mujeres muertas, los hospitales y colegios bombardeados, el hambre irracional y muchas cosas m\u00e1s, le dejaban perplejo, at\u00f3nito, sin palabras para describir tanta barbarie.<\/p>\n<p>Nunca obtuvo un premio Ondas, pero los oyentes comenzaron a ver m\u00e1s cerca el horror de lo que cre\u00eda era una guerra lejana.<\/p>\n<h4 class=\"western\"><strong>\u00a0El viajante<\/strong><\/h4>\n<p>Charles Traveler se ausenta de la reuni\u00f3n. La empresa le ha pedido que viaje sin p\u00e9rdida de tiempo. Ya en casa, se despide de su hija Estrella, con un fuerte beso y un largo abrazo. Las l\u00e1grimas surcan su rostro mientras acaricia su sedoso pelo rubio. Sin decir nada cruza el umbral de la casa y desaparece entre la lluvia, dispuesto a cumplir la petici\u00f3n que le ha hecho la empresa.<\/p>\n<p>Al regresar del viaje, llega a casa, entra en la habitaci\u00f3n de Estrella, desea fervientemente volver a tenerla entre sus brazos, acariciar su pelo rubio\u2026<\/p>\n<p>La sonrisa se hiela en sus labios, los ojos reflejan el espanto, el pulso se le acelera por momentos. La ni\u00f1a no ha cambiado, est\u00e1 igual que cuando se march\u00f3.<\/p>\n<p>\u2013 \u00a1Imposible!<\/p>\n<p>\u2013 \u00a1Pap\u00e1, que alegr\u00eda volver a verte! \u2013 dijo una voz tras \u00e9l, que record\u00f3 a la de su hija \u2013 Te presento a tu nieta Stella, mi hija.<\/p>\n<p>\u2013 \u00bfPero\u2026?<\/p>\n<p>\u2013 Recuerda papi, te fuiste en 2024 y hoy es 31 de diciembre de 2044.<\/p>\n<p>Fue cuando record\u00f3 las conversaciones con Felix Sage, durante el viaje<\/p>\n<p>\u2013 Alexis, recuerda que somos temporales, con l\u00edmites de permanencia, solo tenemos asegurado el finito, bajo cualquier circunstancia, o lo que es lo mismo; estamos castigados a carecer de infinito.<\/p>\n<p>\u2013 As\u00ed es Felix, derrochamos el tiempo como si fuera eterno, con la inconsciencia de creer que somos acumuladores de infinito.<\/p>\n<p>\u2013 Estamos configurados de una fr\u00e1gil materia llamada carne. Desde el momento de nacer permanecemos en la frontera de la p\u00e9rdida de ese falso infinito.<\/p>\n<p>\u2013 As\u00ed es, nos acostumbramos, desde la inconsistencia infantil, a esa situaci\u00f3n y desde\u00f1amos el tiempo.<\/p>\n<p>\u2013 \u00a1Ilusos!, creemos usarlo a nuestro favor, pero es \u00e9l el que nos utiliza, organiza y fagocita cruelmente.<\/p>\n<p>\u2013 Solo contamos con unas fr\u00e1giles herramientas para dejar de sentir el paso del tiempo y el finito constante: la velocidad, el juego infantil en edades tempranas y la literatura durante todas las edades.<\/p>\n<p>\u2013 No olvides las horas de sue\u00f1o, en ellas vivimos otros instantes alejados de la constante: tiempo. Y, por \u00faltimo, quiz\u00e1 lo esencial: el enamoramiento. Los d\u00edas y horas del florecer amatorio, que no es m\u00e1s que un conjunto de elementos qu\u00edmicos que la mente se encarga de dosificar convenientemente.<\/p>\n<p>\u2013 Y no parece que haya m\u00e1s f\u00f3rmulas que el humano tenga para escapar de la realidad de la disrupci\u00f3n del tiempo finito.<\/p>\n<p>Cuando quiso darse cuenta ten\u00eda en su regazo a Stella, mientras acariciaba la corta y canosa cabellera de Estrella.<\/p>\n<h4 class=\"western\"><strong>\u00a0Aforismo eterno<\/strong><\/h4>\n<p>Agua que no has de beber\u2026 Evita contaminarla.<\/p>\n<p><strong> Confusiones<\/strong><\/p>\n<p>Algunos medios de comunicaci\u00f3n confunden con cierta frecuencia la frase: pol\u00edticas vehementes con pol\u00edticas dementes.<\/p>\n<p>Pero como ya no existen correctores, los lectores de prensa se lo empiezan a creer.<\/p>\n<h4 class=\"western\"><strong>Golpe<\/strong><\/h4>\n<p>Es raro el d\u00eda que los medios de comunicaci\u00f3n no resaltan el golpe infringido al narcotr\u00e1fico en Europa.<\/p>\n<p>Tras los mil golpes recibidos, sigue intacto y con una salud de hierro.<\/p>\n<p>\u00bfPuede que se desconozca cual es su <strong>tal\u00f3n<\/strong> de Aquiles?<\/p>\n<p>El caso, es que es fuerte la conde<strong>nada<\/strong>.<\/p>\n<h4 class=\"western\"><strong>%<\/strong><\/h4>\n<p>Dicen los expertos que la mayor\u00eda de seres humanos solo utilizamos el 10% de la mente. \u00bfEsto quiere decir que el 90% de las neuronas humanas son vagas o que est\u00e1n en reserva por si en alg\u00fan momento se pueden llegar a utilizar?<\/p>\n<p>Lo cierto es que, con el nivel de dirigentes que existen en el mundo, utilizar m\u00e1s neuronas podr\u00eda costarnos muy caro.<\/p>\n<h4 class=\"western\"><strong>Anuncio<\/strong><\/h4>\n<p>\u00bfEst\u00e1s en paro?<\/p>\n<p>\u00bfNo sabes hacer nada?<\/p>\n<p>\u00a1No te preocupes! Mat\u00edas Pedorrinni, te prepara para una nueva profesi\u00f3n con mucho porvenir!<\/p>\n<p>Matric\u00falate ya en C.E.B, Centro Espa\u00f1ol del Bulo.<\/p>\n<p>En solo tres meses aprender\u00e1s a mentir a los cuatro puntos cardinales, mientras tu hucha crece a raudales.<\/p>\n<h4 class=\"western\"><strong>Opini\u00f3n<\/strong><\/h4>\n<p>Algunos piensan que su narrativa es \u00f3ptima, sin darse cuenta que todos piensan en que se acerca m\u00e1s a una lavativa.<\/p>\n<h4 class=\"western\"><strong>Ba\u00f1o de realidad<\/strong><\/h4>\n<p>Al llegar al atril, su amplia sonrisa reconfort\u00f3 al p\u00fablico asistente e hizo que sus aplausos y v\u00edtores se escucharan a varios kil\u00f3metros a la redonda.<\/p>\n<p>Pidi\u00f3 silencio, poco a poco fueron cesando los aplausos y la algarab\u00eda general. Entonces comenz\u00f3 a explicar ordenadamente su programa electoral. No hab\u00eda un proyecto de futuro, pero supo levantar emociones cuando habl\u00f3 de justicia social y de una sociedad justa. Tambi\u00e9n cuando habl\u00f3 sobre la necesidad de la participaci\u00f3n ciudadana y cuando habl\u00f3 de lo necesarios que eran los impuestos para desarrollar lo p\u00fablico. Habl\u00f3 de la igualdad natural como principio com\u00fan. Habl\u00f3 sobre la dignidad de la tierra, sobre el agua, el aire y el fuego. Habl\u00f3 sobre la dignidad de las regiones, pueblos y personas\u2026<\/p>\n<p>Volvieron los aplausos y v\u00edtores entre los asistentes al mitin. Todo parec\u00eda indicar que ser\u00eda la persona m\u00e1s votada en las urnas el pr\u00f3ximo domingo.<\/p>\n<p>Todas, absolutamente todas las personas que llenaban aquel auditorio, por unos minutos creyeron formar parte de un proyecto relacionado con la mejora de la humanidad, y olvidaron por esos instantes sus intereses, siempre contrarios al bien com\u00fan y afines a sus propiedades, cartera de acciones y cuentas nada corrientes.<\/p>\n<p>Todos, absolutamente todos, sab\u00edan que aquellas palabras cargadas de buenos sentimientos solo eran humo, mentira, pero les hizo sentirse personas solidarias por un corto espacio de tiempo.<\/p>\n<p>Al domingo siguiente las urnas dieron a conocer que hab\u00eda vuelto a ganar el demoledor capital y nadie se sinti\u00f3 estafado.<\/p>\n<h4 class=\"western\"><strong>Conversaci\u00f3n de mendigos<\/strong><\/h4>\n<p>El talento de los pol\u00edticos est\u00e1 lento a la hora de buscarnos aloja<strong>miento<\/strong>.<\/p>\n<h4 class=\"western\"><strong>La cita<\/strong><\/h4>\n<p>Llegaba tarde. Desde lejos vio que el edificio en el que estaba citado, ard\u00eda de abajo a arriba.<\/p>\n<p>Nunca se arrepinti\u00f3 de su retraso provocado por un beso, un beso travieso, largo y fecundo.<\/p>\n<h4 class=\"western\"><strong>La vida<\/strong><\/h4>\n<p>Y un d\u00eda llega la vida,<br \/>\ndispuesta a viajar como un tren<br \/>\nde mercanc\u00edas, por una extensa v\u00eda;<br \/>\nsolo parando en alg\u00fan and\u00e9n.<br \/>\nEn cada parada;<br \/>\nemociones, sentimientos suben y bajan.<br \/>\nY vio que el lactante,<br \/>\nser errante e inoperante,<br \/>\nespera los dientes<br \/>\na cada instante.<br \/>\nComo la vela espera al viento,<br \/>\nlos calores esperan los fr\u00edos,<br \/>\ny las ra\u00edces su sustento.<br \/>\nEn la parada juventud,<br \/>\nla moderaci\u00f3n no se hace virtud.<br \/>\nLa velocidad no se siente<br \/>\nni el v\u00e9rtigo insistente.<br \/>\nAl llegar a la madurez, pardiez, la duda<br \/>\nse torna seria y tozuda,<br \/>\ncomo el hambre a su sustento<br \/>\ny el vecino al ayuntamiento.<br \/>\nA\u00f1os despu\u00e9s, los solteros<br \/>\nquieren el coito o ayuntamiento<br \/>\ny si no; el casamiento.<br \/>\nComo la paz busca a la guerra<br \/>\no el valle sube a la sierra.<br \/>\nAll\u00e1, en la parada vejez, la astuta muerte<br \/>\nespera, al fin, que le llegue la suerte.<br \/>\nY llega, llega\u2026<br \/>\nya que del vivo nunca se despega.<\/p>\n<h4 class=\"western\"><strong>Jota ribere\u00f1a<\/strong><\/h4>\n<p>En recuerdo de Ezequiel End\u00e9riz, tudelano y autor de tantas jotas navarras.<\/p>\n<p>No te debes preocupar, si ves que la vida se para\/ vente a cantar una jota\/, pero una jota navarra.<\/p>\n<p>No has de dudarlo un momento; \/si la vida pica espuelas, \/ para lo que est\u00e1s haciendo \/ y vente a vivir a Tudela.<\/p>\n<p>No consientas que las penas, \/ ganen la dura batalla, \/ pasa un rato en la Mejana \/ y luego ve a las Bardenas.<\/p>\n<p>Siempre me he preguntado, \/ en el mundo, \u00bfqu\u00e9 hago yo?, \/ y ahora que te conozco, ya s\u00e9 cu\u00e1l es la raz\u00f3n.<\/p>\n<p><em>Publicado antes en \u201cEncima de la niebla\u201d<\/em><\/p>\n","protected":false},"excerpt":{"rendered":"<p>Pr\u00f3ximos ya a comenzar el nuevo curso, tambi\u00e9n el pol\u00edtico, la palabra que primero me ha venido a la cabeza, ha sido \u2018chandr\u00edo\u2019. Muchas personas la conocer\u00e1n, para otras les resultar\u00e1 poco adecuada.<\/p>\n","protected":false},"author":1,"featured_media":26120,"comment_status":"open","ping_status":"open","sticky":false,"template":"","format":"standard","meta":{"footnotes":""},"categories":[20],"tags":[],"class_list":["post-26119","post","type-post","status-publish","format-standard","has-post-thumbnail","hentry","category-opinion","sent_by-emilio-meseguer-enderiz"],"_links":{"self":[{"href":"https:\/\/www.prospereando.es\/index.php\/wp-json\/wp\/v2\/posts\/26119","targetHints":{"allow":["GET"]}}],"collection":[{"href":"https:\/\/www.prospereando.es\/index.php\/wp-json\/wp\/v2\/posts"}],"about":[{"href":"https:\/\/www.prospereando.es\/index.php\/wp-json\/wp\/v2\/types\/post"}],"author":[{"embeddable":true,"href":"https:\/\/www.prospereando.es\/index.php\/wp-json\/wp\/v2\/users\/1"}],"replies":[{"embeddable":true,"href":"https:\/\/www.prospereando.es\/index.php\/wp-json\/wp\/v2\/comments?post=26119"}],"version-history":[{"count":1,"href":"https:\/\/www.prospereando.es\/index.php\/wp-json\/wp\/v2\/posts\/26119\/revisions"}],"predecessor-version":[{"id":26121,"href":"https:\/\/www.prospereando.es\/index.php\/wp-json\/wp\/v2\/posts\/26119\/revisions\/26121"}],"wp:featuredmedia":[{"embeddable":true,"href":"https:\/\/www.prospereando.es\/index.php\/wp-json\/wp\/v2\/media\/26120"}],"wp:attachment":[{"href":"https:\/\/www.prospereando.es\/index.php\/wp-json\/wp\/v2\/media?parent=26119"}],"wp:term":[{"taxonomy":"category","embeddable":true,"href":"https:\/\/www.prospereando.es\/index.php\/wp-json\/wp\/v2\/categories?post=26119"},{"taxonomy":"post_tag","embeddable":true,"href":"https:\/\/www.prospereando.es\/index.php\/wp-json\/wp\/v2\/tags?post=26119"}],"curies":[{"name":"wp","href":"https:\/\/api.w.org\/{rel}","templated":true}]}}