{"id":26019,"date":"2024-09-22T21:44:20","date_gmt":"2024-09-22T19:44:20","guid":{"rendered":"https:\/\/www.prospereando.es\/?p=26019"},"modified":"2024-09-22T21:44:20","modified_gmt":"2024-09-22T19:44:20","slug":"salud-y-arte","status":"publish","type":"post","link":"https:\/\/www.prospereando.es\/index.php\/2024\/09\/22\/salud-y-arte\/","title":{"rendered":"Salud y arte"},"content":{"rendered":"<p><img loading=\"lazy\" decoding=\"async\" class=\" wp-image-26020 aligncenter\" src=\"http:\/\/www.prospereando.es\/wp-content\/uploads\/2024\/09\/arteysalud2-300x219.jpg\" alt=\"\" width=\"628\" height=\"459\" srcset=\"https:\/\/www.prospereando.es\/wp-content\/uploads\/2024\/09\/arteysalud2-300x219.jpg 300w, https:\/\/www.prospereando.es\/wp-content\/uploads\/2024\/09\/arteysalud2.jpg 600w\" sizes=\"auto, (max-width: 628px) 100vw, 628px\" \/><\/p>\n<p><span>El pasado 18 de septiembre en el Centro de Salud de A. Primaria Sta. Hortensia, en \u2018La Prospe\u2019, se ha puesto en marcha un espect\u00e1culo en vivo y en directo denominado Salud y Arte, ofrecido para pacientes y p\u00fablico en general. Pudimos ver desde profesionales de la danza y actrices reci\u00e9n terminada su formaci\u00f3n en la escuela de A. Banderas, de M\u00e1laga, a un grupo de teatro amateur, ofreciendo su buen hacer a un p\u00fablico expectante que escuchaba con atenci\u00f3n en la sala de espera del centro sanitario.<\/span><\/p>\n<p><span>Todo un \u00e9xito, el esfuerzo de los artistas profesionales y amateur, consigui\u00f3 hacer pasar un buen rato al p\u00fablico all\u00ed presente con <\/span><span>una lectura dramatizada sobre una adaptaci\u00f3n de la obra de teatro Ant\u00edgona <\/span><span>de S\u00f3focles<\/span><span>, protagonizada por pacientes, y trabajadores sanitarios.<\/span><\/p>\n<p><span>E<\/span><span>ste acto de Salud y Arte respond\u00eda al trabajo del equipo de profesionales del Centro que han llevado a cabo un ensayo cl\u00ednico sobre la prescripci\u00f3n de tareas art\u00edsticas en pacientes con problemas de salud, fundamentalmente de salud mental consistente en depresiones y ansiedad. <\/span><span>L<\/span><span>os resultados del ensayo hab\u00edan <\/span><span>resultado<\/span><span> favorables, aunque no significativos debido al <\/span><span>peque\u00f1o <\/span><span>tama\u00f1o de la muestra. <\/span><\/p>\n<p><span>Hay que repetir la experiencia pensando en el p\u00fablico que estos eventos puede congregar, la m\u00fasica de muchos decibelios enlatada, no es la que suelen degustar los mayores, esta idea para el \u00e1rea de pediatr\u00eda resultar\u00eda perfecta. La falta de amplificadores adecuados iba en contra de la colocaci\u00f3n de las butacas, el p\u00fablico deber\u00eda haber estado rodeando a los artistas intervinientes. No era f\u00e1cil acomodarse a unas<\/span><span> condiciones arquitect\u00f3nicas <\/span><span>que<\/span><span> no favorec\u00edan ni la audici\u00f3n ni la visibilidad. <\/span><\/p>\n<p><span>El acto se cerr\u00f3 con un saludo de la Directora del Centro , que puso en valor el enfoque social en las prescripciones m\u00e9dicas en la A.P., con una llamada a que \u00e9sta perspectiva se difunda en otros Centros y se vaya generalizando, colaborando de este modo a que disminuya el consumo de psicof\u00e1rmacos, tan elevado en la sociedad espa\u00f1ola en la actualidad.<\/span><\/p>\n<p><span>Lo m\u00e1s importante es que A.P. ha entendido que hay otras cosas esenciales, que no son las ofrecidas por la farmacopea, que pueden mejorar el estado de salud de los vecinos que acuden a por remedio para sus dolencias.<\/span><\/p>\n<p><span>Entendemos que hay una labor que desarrollar muy importante en este campo por parte del personal de A.P. <\/span><\/p>\n<p><span>El paso siguiente ser\u00eda el de contar con estos profesionales formados para sacar de los pacientes ese esp\u00edritu art\u00edstico que todos, en alg\u00fan grado, llevamos dentro, para frenar las carencias que marca la sociedad: soledad, estados depresivos y otros que alteran la salud mental y frenan la integraci\u00f3n social.<\/span><\/p>\n<p><span>En los hospitales se lleva haciendo desde hace alg\u00fan tiempo. A cargo de las distintas Unidades de Responsabilidad Social Corporativa hospitalarias se lleva a cabo un abanico de eventos art\u00edsticos que alcanzan a mantener un piano a disposici\u00f3n de los pacientes, en la entrada del centro sanitario a la creaci\u00f3n de grupos de profesionales que deleitan con sus m\u00fasicas, en los salones de actos correspondientes, a los ingresados. <\/span><\/p>\n<p><span>Este tipo de acciones comenz\u00f3 hace a\u00f1os con la creaci\u00f3n del Aula Social Dr. Zarco. <\/span><\/p>\n<p><span>El Dr. Don Pedro Zarco, adem\u00e1s de ser un eminente cardi\u00f3logo, fue presidente de la Asociaci\u00f3n Internacional de m\u00e9dicos para la Prevenci\u00f3n de la Guerra Nuclear, galardonada en el a\u00f1o 1985 con el Premio Nobel de la Paz.<\/span><\/p>\n<p><span>Desde esta Aula Zarco que lo recuerda, se lleva a cabo, a nivel internacional, el Concurso anual de relato Breve Dr. Zarco, para el p\u00fablico en general y otro para el personal del INSALUD. Este a\u00f1o 2.024, se ha presentado la XIV edici\u00f3n.<\/span><\/p>\n<p><span>Como colaborador en esa estructura cultural, puedo hablar del \u00e9xito que tiene el certamen. A\u00f1o tras a\u00f1o aumenta el n\u00famero de participantes. El premio consiste, nada m\u00e1s y nada menos, que en otorgar a los ganadores y a los acc\u00e9sits el d\u00eda de San Carlos Borromeo, un diploma acreditativo. Solo eso. En algunas ocasiones el programa de radio El Llavero, edita el audio de alguno de los participantes en el mencionado certamen.<\/span><\/p>\n<p><span>La<\/span> <span>Asociaci\u00f3n Vecinal Valle-Incl\u00e1n de Prosperidad,<\/span><span> durante varios a\u00f1os ha venido colaborando con el equipo de oftalm\u00f3logos del Aula Social Dr. Zarco que anualmente y de forma voluntaria pasan sus vacaciones en \u00c1frica, operando y remediando patolog\u00edas oculares, con la entrega de cientos de gafas graduadas y de sol.<\/span><\/p>\n<p><span>El humano necesita de la solidaridad y de la cultura para seguir transitando por la vida con menos deficiencias. <\/span><\/p>\n<p><span>Todos sabemos que la farmacopea no nos ofrece cura para ciertos males y que las artes s\u00ed pueden, al menos, mitigar sus dolencias.<\/span><\/p>\n<p><span>La OMS y las investigaciones de los neurocient\u00edficos saben que cierto tipo de m\u00fasica activa algunas \u00e1reas cerebrales que se encargan de producir y segregar endorfina y serotonina, hormonas encargadas de mejorar nuestro estado f\u00edsico y an\u00edmico. <\/span><\/p>\n<p><span>El s\u00edndrome de Stendal es, posiblemente el \u00faltimo eslab\u00f3n al que puede llegar el ser humano, la inmensa emoci\u00f3n ante el arte que le lleva a sentir la plena felicidad y alguna que otra hiperactividad card\u00edaca.<\/span><\/p>\n<p><span>Si el humano se siente feliz, algunas parcelas oscuras de su cotidianidad desaparecen o mitigan. El resultado es un aumento de su grado de bienestar. <\/span><\/p>\n<p><span>Puede que la industria farmac\u00e9utica no tenga la \u00faltima palabra, puede que se empiece a recetar en las consultas de los m\u00e9dicos de familia m\u00e1s actividades art\u00edsticas, puede que adem\u00e1s de los talleres para evitar el pie diab\u00e9tico, se comience a ofrecer talleres de disciplinas art\u00edsticas.<\/span><\/p>\n<p><span>Lo parezca o no, creo que esto que pudimos ver, es un paso de muy largo recorrido que solo podremos apreciar con el tiempo.<\/span><\/p>\n<p><span>De momento, este primer paso me ha sonado a la evangelizaci\u00f3n cultural que hace casi un siglo llevaba a cabo el gobierno de la rep\u00fablica. S\u00ed, es posible que las Misiones Pedag\u00f3gicas del siglo XXI, sean estas.<\/span><\/p>\n<p><span>Por cierto, creo que la <\/span><span>Asociaci\u00f3n Vecinal<\/span> <span>y otras asociaciones de cercan\u00eda, son entidades colaboradoras en el desarrollo de esta necesidad social.<\/span><\/p>\n<p><span>Esperemos que s\u00ed y estoy seguro de que muchos de los acad\u00e9micos que constituimos la Academia de las Artes Esc\u00e9nicas de Espa\u00f1a, estemos contentos por este primer paso y dispuestos a colaborar con quien corresponda para mejorar esta idea tan conocida como olvidada: El arte es salud. <\/span><\/p>\n<p><span>Por cierto, como primicia, puedo decir que los pr\u00f3ximos premios Tal\u00eda, se celebrar\u00e1n el 12 de mayo de 2025 en el Centro Cultural Fernando Fern\u00e1n G\u00f3mez de Madrid.<\/span><\/p>\n<p><img loading=\"lazy\" decoding=\"async\" class=\" wp-image-26021 aligncenter\" src=\"http:\/\/www.prospereando.es\/wp-content\/uploads\/2024\/09\/arteysalud1-225x300.jpg\" alt=\"\" width=\"473\" height=\"631\" srcset=\"https:\/\/www.prospereando.es\/wp-content\/uploads\/2024\/09\/arteysalud1-225x300.jpg 225w, https:\/\/www.prospereando.es\/wp-content\/uploads\/2024\/09\/arteysalud1.jpg 600w\" sizes=\"auto, (max-width: 473px) 100vw, 473px\" \/><\/p>\n<p>&nbsp;<\/p>\n","protected":false},"excerpt":{"rendered":"<p>El pasado 18 de septiembre en el Centro de Salud de A. Primaria Sta. Hortensia, en \u2018La Prospe\u2019, se ha puesto en marcha un espect\u00e1culo en vivo y en directo denominado Salud y Arte, ofrecido para pacientes y p\u00fablico en general.<\/p>\n","protected":false},"author":1,"featured_media":26020,"comment_status":"open","ping_status":"open","sticky":false,"template":"","format":"standard","meta":{"footnotes":""},"categories":[11],"tags":[],"class_list":["post-26019","post","type-post","status-publish","format-standard","has-post-thumbnail","hentry","category-sanidad","sent_by-emilio-meseguer"],"_links":{"self":[{"href":"https:\/\/www.prospereando.es\/index.php\/wp-json\/wp\/v2\/posts\/26019","targetHints":{"allow":["GET"]}}],"collection":[{"href":"https:\/\/www.prospereando.es\/index.php\/wp-json\/wp\/v2\/posts"}],"about":[{"href":"https:\/\/www.prospereando.es\/index.php\/wp-json\/wp\/v2\/types\/post"}],"author":[{"embeddable":true,"href":"https:\/\/www.prospereando.es\/index.php\/wp-json\/wp\/v2\/users\/1"}],"replies":[{"embeddable":true,"href":"https:\/\/www.prospereando.es\/index.php\/wp-json\/wp\/v2\/comments?post=26019"}],"version-history":[{"count":1,"href":"https:\/\/www.prospereando.es\/index.php\/wp-json\/wp\/v2\/posts\/26019\/revisions"}],"predecessor-version":[{"id":26022,"href":"https:\/\/www.prospereando.es\/index.php\/wp-json\/wp\/v2\/posts\/26019\/revisions\/26022"}],"wp:featuredmedia":[{"embeddable":true,"href":"https:\/\/www.prospereando.es\/index.php\/wp-json\/wp\/v2\/media\/26020"}],"wp:attachment":[{"href":"https:\/\/www.prospereando.es\/index.php\/wp-json\/wp\/v2\/media?parent=26019"}],"wp:term":[{"taxonomy":"category","embeddable":true,"href":"https:\/\/www.prospereando.es\/index.php\/wp-json\/wp\/v2\/categories?post=26019"},{"taxonomy":"post_tag","embeddable":true,"href":"https:\/\/www.prospereando.es\/index.php\/wp-json\/wp\/v2\/tags?post=26019"}],"curies":[{"name":"wp","href":"https:\/\/api.w.org\/{rel}","templated":true}]}}