{"id":25972,"date":"2024-09-15T21:50:04","date_gmt":"2024-09-15T19:50:04","guid":{"rendered":"https:\/\/www.prospereando.es\/?p=25972"},"modified":"2024-09-16T12:25:31","modified_gmt":"2024-09-16T10:25:31","slug":"felicidades-marisa","status":"publish","type":"post","link":"https:\/\/www.prospereando.es\/index.php\/2024\/09\/15\/felicidades-marisa\/","title":{"rendered":"Felicidades Marisa !!!"},"content":{"rendered":"<p><img loading=\"lazy\" decoding=\"async\" class=\" wp-image-25973 aligncenter\" src=\"http:\/\/www.prospereando.es\/wp-content\/uploads\/2024\/09\/marisamanchado1-300x170.jpg\" alt=\"\" width=\"639\" height=\"362\" srcset=\"https:\/\/www.prospereando.es\/wp-content\/uploads\/2024\/09\/marisamanchado1-300x170.jpg 300w, https:\/\/www.prospereando.es\/wp-content\/uploads\/2024\/09\/marisamanchado1.jpg 640w\" sizes=\"auto, (max-width: 639px) 100vw, 639px\" \/><\/p>\n<p>Marisa Manchado, con su opera La Regenta, ha sido nominada a los International Opera Awards de 2024. Los premiados se anunciar\u00e1n el pr\u00f3ximo 2 de octubre en una gala que se celebrar\u00e1 en el Bayerische Saatsoper de M\u00fanich.<br \/>\nEstos galardones, fundados en 2013, tienen como objetivo elevar el perfil de la \u00f3pera como una forma de arte para aumentar su conocimiento a nivel internacional y generar fondos para proporcionar becas a futuros talentos oper\u00edsticos. Son conocidos como los \u201cOscar de la \u00f3pera\u201d, y celebran anualmente la excelencia en el mundo oper\u00edstico, reconociendo a cantantes, directores, compositores y producciones destacadas. Sirva como ejemplo los galardonados en las diferentes categor\u00edas: Teatro Real , Juan Diego Fl\u00f3rez, Xavier Anduaga, Renata Scott. etc.<\/p>\n<p>La compositora Manchado, tras sus estudios en el Real Conservatorio Superior de M\u00fasica de Madrid, con Carmelo Bernaola, se form\u00f3 con Ant\u00f3n Garc\u00eda Abril, Luis de Pablo, Brian Ferneyhough y Olivier Messiaen. Ha realizado cursos internacionales de m\u00fasica contempor\u00e1nea en Par\u00eds, Roma, La Habana, M\u00e9xico y Reino Unido.<\/p>\n<p>El reconocimiento al talent\u00f3 musical de Marisa Manchado, doctora en Musicolog\u00eda (UCM), se refleja en numerosos premios: Premio Iberoamericano de la M\u00fasica como Arte 2007; Premio Nacional Daniel Montorio 1995; Acc\u00e9sit del X Concurso de Composici\u00f3n para \u00f3rgano Crist\u00f3bal Halffter 1989; Menci\u00f3n de Honor Fin de Carrera en Composici\u00f3n 1983, entre otros.<\/p>\n<p>Como compositora su cat\u00e1logo es muy extenso y abarca un total de 150 obras entre m\u00fasica pedag\u00f3gica, de c\u00e1mara, vocal, sinf\u00f3nica, \u00f3pera y electroac\u00fastica. No se debe olvidar se faceta de investigadora y divulgadora de temas que relacionan m\u00fasica, mujeres y feminismo.<\/p>\n<p>La \u00f3pera La Regenta, est\u00e1 basada en la novela hom\u00f3nima de Leopoldo Alas \u201cClar\u00edn\u201d, es una \u00f3pera de c\u00e1mara con m\u00fasica de Marisa Manchado y libreto de Amelia Valc\u00e1rcel. El Teatro Real de Madrid y el Teatro Espa\u00f1ol \u2013Naves del Espa\u00f1ol en Matadero- se asociaron para producir el estreno absoluto de La Regenta que tuvo lugar en octubre del 23 en la Sala Fernando Arrabal de Naves del Espa\u00f1ol en Matadero. El Real se \u201cdeslocalizaba\u201d, consiguiendo un rotundo \u00e9xito el estreno de la obra de Marisa Manchado.<\/p>\n<p>Adem\u00e1s de la mencionada opera, Marisa Manchado ha compuesto otras dos operas: <em>El cristal de agua fr\u00eda<\/em>, con libreto de Rosa Montero y <em>Escenas de la vida cotidiana<\/em>. Su concierto <em>Para fagot y orquesta \u201cNotas para la paz\u201d<\/em>, fue compuesto por encargo de la Orquesta Nacional de Espa\u00f1a.<\/p>\n<p>Por \u00faltimo, pero no por ello menos importante, la compositora Marisa Manchada es miembro de nuestra Asociaci\u00f3n Vecinal Valle Incl\u00e1n de Prosperidad, siendo una socia activa, que en varias ocasiones nos ha ofrecido sus conocimientos musicales en diferentes talleres como \u201cMujer en la m\u00fasica medieval\u201d, \u201cAprendiendo a conocer la m\u00fasica\u201d, etc.<\/p>\n<p>Para la Asociaci\u00f3n Vecinal es una gran alegr\u00eda su nominaci\u00f3n y espera y desea que el dos de octubre recoja el galard\u00f3n por <em>\u201cLa Regenta\u201d<\/em>. Se lo merece por su creatividad, trayectoria, esfuerzo y generosidad en la divulgaci\u00f3n de la m\u00fasica haci\u00e9ndola accesible y cercana.<\/p>\n","protected":false},"excerpt":{"rendered":"<p>Marisa Manchado, con su opera La Regenta, ha sido nominada a los International Opera Awards de 2024. Los premiados se anunciar\u00e1n el pr\u00f3ximo 2 de octubre en una gala que se celebrar\u00e1 en el Bayerische Saatsoper de M\u00fanich.<\/p>\n","protected":false},"author":1,"featured_media":25973,"comment_status":"open","ping_status":"open","sticky":false,"template":"","format":"standard","meta":{"footnotes":""},"categories":[18],"tags":[],"class_list":["post-25972","post","type-post","status-publish","format-standard","has-post-thumbnail","hentry","category-cultura","sent_by-carmen-moleres"],"_links":{"self":[{"href":"https:\/\/www.prospereando.es\/index.php\/wp-json\/wp\/v2\/posts\/25972","targetHints":{"allow":["GET"]}}],"collection":[{"href":"https:\/\/www.prospereando.es\/index.php\/wp-json\/wp\/v2\/posts"}],"about":[{"href":"https:\/\/www.prospereando.es\/index.php\/wp-json\/wp\/v2\/types\/post"}],"author":[{"embeddable":true,"href":"https:\/\/www.prospereando.es\/index.php\/wp-json\/wp\/v2\/users\/1"}],"replies":[{"embeddable":true,"href":"https:\/\/www.prospereando.es\/index.php\/wp-json\/wp\/v2\/comments?post=25972"}],"version-history":[{"count":1,"href":"https:\/\/www.prospereando.es\/index.php\/wp-json\/wp\/v2\/posts\/25972\/revisions"}],"predecessor-version":[{"id":25974,"href":"https:\/\/www.prospereando.es\/index.php\/wp-json\/wp\/v2\/posts\/25972\/revisions\/25974"}],"wp:featuredmedia":[{"embeddable":true,"href":"https:\/\/www.prospereando.es\/index.php\/wp-json\/wp\/v2\/media\/25973"}],"wp:attachment":[{"href":"https:\/\/www.prospereando.es\/index.php\/wp-json\/wp\/v2\/media?parent=25972"}],"wp:term":[{"taxonomy":"category","embeddable":true,"href":"https:\/\/www.prospereando.es\/index.php\/wp-json\/wp\/v2\/categories?post=25972"},{"taxonomy":"post_tag","embeddable":true,"href":"https:\/\/www.prospereando.es\/index.php\/wp-json\/wp\/v2\/tags?post=25972"}],"curies":[{"name":"wp","href":"https:\/\/api.w.org\/{rel}","templated":true}]}}