{"id":24553,"date":"2024-03-06T21:21:23","date_gmt":"2024-03-06T20:21:23","guid":{"rendered":"http:\/\/www.prospereando.es\/?p=24553"},"modified":"2024-03-06T21:21:23","modified_gmt":"2024-03-06T20:21:23","slug":"privatiza-que-algo-queda","status":"publish","type":"post","link":"https:\/\/www.prospereando.es\/index.php\/2024\/03\/06\/privatiza-que-algo-queda\/","title":{"rendered":"Privatiza, que algo queda"},"content":{"rendered":"<p><img loading=\"lazy\" decoding=\"async\" class=\" wp-image-24554 aligncenter\" src=\"http:\/\/www.prospereando.es\/wp-content\/uploads\/2024\/03\/plazaespanasevilla1-300x189.jpg\" alt=\"\" width=\"659\" height=\"415\" srcset=\"https:\/\/www.prospereando.es\/wp-content\/uploads\/2024\/03\/plazaespanasevilla1-300x189.jpg 300w, https:\/\/www.prospereando.es\/wp-content\/uploads\/2024\/03\/plazaespanasevilla1.jpg 600w\" sizes=\"auto, (max-width: 659px) 100vw, 659px\" \/><\/p>\n<p style=\"text-align: center;\"><span><i>\u00a1Plaza, gran Plaza de Espa\u00f1a en Sevilla!<\/i><\/span><\/p>\n<p style=\"text-align: center;\"><span>\u00a0<i>Es bonita que te mueres,\u00a0<\/i><\/span><\/p>\n<p style=\"text-align: center;\"><span><i>es grande como ninguna<\/i><\/span><\/p>\n<p style=\"text-align: center;\"><span>\u00a0<i>es una plaza que alumbra\u00a0<\/i><\/span><\/p>\n<p style=\"text-align: center;\"><span><i>al sol de mayo que la inunda.\u00a0<\/i><\/span><\/p>\n<p style=\"text-align: center;\"><span><i>\u00a1Ay plaza\u00a0 de Espa\u00f1a fecunda,\u00a0<\/i><\/span><\/p>\n<p style=\"text-align: center;\"><span><i>m\u00e1s que la mayor fortuna,\u00a0<\/i><\/span><\/p>\n<p style=\"text-align: center;\"><span><i>eres bella, eres mora\u00a0<\/i><\/span><\/p>\n<p style=\"text-align: center;\"><span><i>y de linaje\u00a0 espa\u00f1ol\u00a0<\/i><\/span><\/p>\n<p style=\"text-align: center;\"><span>\u00a0<i>la m\u00e1s amplia y profunda.<\/i><\/span><\/p>\n<p><span>\u00a0<\/span><\/p>\n<p><span>Bueno, pues los sevillanos, ya saben lo que es votar mal c\u00f3mo dir\u00eda un facha ilustrado&#8230; \u00a1\u00e9l dijo votar bien!, en este caso es lo contrar\u00edo. El alcalde del PP, la quiere, \u00a1ay Dios Santo, c\u00f3mo no!, privatizar. Darle esa gesti\u00f3n millonaria a una empresa privada que obtenga la concesi\u00f3n y cobre a los extranjeros por entrar, verla y admirados , pasearla, \u00a1ese dinero es para cuidarla! y que los oriundos, o sea los sevillanos, no pasen por la taquilla&#8230; excepto, claro est\u00e1, para ver el paseillo de los modelos de una firma de campanillas o presentar el \u00faltimo ejemplar de una moto japonesa, un coche de alta gama o la comida envasada por una multinacional de la ensaladilla.\u00a0<\/span><\/p>\n<p><span>\u00a0Cerrar iglesias no basta, hay que pagar por ver el retablos y su buena imaginer\u00eda, que a rezar ya no entra nadie despu\u00e9s de sus picard\u00edas y decir, sin sonrojarse, que los pecados con ni\u00f1os ya se quedan sin m\u00e1s&#8230; en manos de Dios, \u00a1natural y benditos sean!, y no de la atenta\u00a0 jerarqu\u00eda.\u00a0<\/span><\/p>\n<p><span>\u00a0Esto de privatizar, es cosa de su m\u00e1ximo inter\u00e9s, de su pol\u00edtica activa, y tras acabar con el Estado del Bienestar, y\u00a0 no tener que pagar sanidad universal, \u00a1privatizada es mejor como se ha visto en las residencias, el COVID y, quiz\u00e1, en futuras pandemias. Las subvenciones al parado, incluso de muy larga duraci\u00f3n, o las ayudas a la infancia desvalida es cosa del rojer\u00edo&#8230; \u00a1basta ya, carajo, de tanto tirar el dinero!, mejor gastarlo en masclet\u00e1s y escuelas de\u00a0 buen toreo.<\/span><\/p>\n<p><span>Tras la Plaza de Espa\u00f1a, vendr\u00e1 la Plaza Mayor, la vieja de Salamanca y la del bello Obradoiro&#8230; si antes no va, la Plaza de Oriente que, ah\u00ed, tambi\u00e9n entra mucha gente.\u00a0<\/span><\/p>\n<p><span>\u00a1Pardiez que hay que saber votar!, ahora bien lo sabe mucha gente y&#8230; \u00a1a pagar!, que es caro circular, respirar y andar por las avenidas, callejones y esquinas, tambi\u00e9n la\u00a0 del Bernabeu, respirando SO2, humos, ruidos, suciedad y esas caquitas de perro que tanto gusta pisar.\u00a0 \u00a1Oyes, es que hay que saber votar&#8230; \u00a1carajo!\u00a0 \u00a0<\/span><\/p>\n","protected":false},"excerpt":{"rendered":"<p>Bueno, pues los sevillanos, ya saben lo que es votar mal c\u00f3mo dir\u00eda un facha ilustrado&#8230; \u00a1\u00e9l dijo votar bien!, en este caso es lo contrar\u00edo. El alcalde del PP, la quiere, \u00a1ay Dios Santo, c\u00f3mo no!, privatizar.<\/p>\n","protected":false},"author":1,"featured_media":24554,"comment_status":"open","ping_status":"open","sticky":false,"template":"","format":"standard","meta":{"footnotes":""},"categories":[20],"tags":[],"class_list":["post-24553","post","type-post","status-publish","format-standard","has-post-thumbnail","hentry","category-opinion","sent_by-gregorio-torres-trivino"],"_links":{"self":[{"href":"https:\/\/www.prospereando.es\/index.php\/wp-json\/wp\/v2\/posts\/24553","targetHints":{"allow":["GET"]}}],"collection":[{"href":"https:\/\/www.prospereando.es\/index.php\/wp-json\/wp\/v2\/posts"}],"about":[{"href":"https:\/\/www.prospereando.es\/index.php\/wp-json\/wp\/v2\/types\/post"}],"author":[{"embeddable":true,"href":"https:\/\/www.prospereando.es\/index.php\/wp-json\/wp\/v2\/users\/1"}],"replies":[{"embeddable":true,"href":"https:\/\/www.prospereando.es\/index.php\/wp-json\/wp\/v2\/comments?post=24553"}],"version-history":[{"count":1,"href":"https:\/\/www.prospereando.es\/index.php\/wp-json\/wp\/v2\/posts\/24553\/revisions"}],"predecessor-version":[{"id":24555,"href":"https:\/\/www.prospereando.es\/index.php\/wp-json\/wp\/v2\/posts\/24553\/revisions\/24555"}],"wp:featuredmedia":[{"embeddable":true,"href":"https:\/\/www.prospereando.es\/index.php\/wp-json\/wp\/v2\/media\/24554"}],"wp:attachment":[{"href":"https:\/\/www.prospereando.es\/index.php\/wp-json\/wp\/v2\/media?parent=24553"}],"wp:term":[{"taxonomy":"category","embeddable":true,"href":"https:\/\/www.prospereando.es\/index.php\/wp-json\/wp\/v2\/categories?post=24553"},{"taxonomy":"post_tag","embeddable":true,"href":"https:\/\/www.prospereando.es\/index.php\/wp-json\/wp\/v2\/tags?post=24553"}],"curies":[{"name":"wp","href":"https:\/\/api.w.org\/{rel}","templated":true}]}}