{"id":24461,"date":"2024-02-25T22:57:37","date_gmt":"2024-02-25T21:57:37","guid":{"rendered":"http:\/\/www.prospereando.es\/?p=24461"},"modified":"2024-02-25T22:57:37","modified_gmt":"2024-02-25T21:57:37","slug":"los-verdaderos-efectos-del-azucar-a-la-luz-de-la-evolucion","status":"publish","type":"post","link":"https:\/\/www.prospereando.es\/index.php\/2024\/02\/25\/los-verdaderos-efectos-del-azucar-a-la-luz-de-la-evolucion\/","title":{"rendered":"Los verdaderos efectos del az\u00facar, a la luz de la\u00a0evoluci\u00f3n"},"content":{"rendered":"<p><img loading=\"lazy\" decoding=\"async\" class=\" wp-image-24462 aligncenter\" src=\"http:\/\/www.prospereando.es\/wp-content\/uploads\/2024\/02\/azucar1-300x156.jpg\" alt=\"\" width=\"663\" height=\"345\" srcset=\"https:\/\/www.prospereando.es\/wp-content\/uploads\/2024\/02\/azucar1-300x156.jpg 300w, https:\/\/www.prospereando.es\/wp-content\/uploads\/2024\/02\/azucar1.jpg 600w\" sizes=\"auto, (max-width: 663px) 100vw, 663px\" \/><\/p>\n<p>El azucar se ha convertido en uno de los <a href=\"https:\/\/theconversation.com\/el-azucar-es-veneno-o-no-177504\">principales \u201cvillanos\u201d<\/a> de los tiempos modernos: reducirla al m\u00e1ximo de la alimentaci\u00f3n es un objetivo prioritario, mientras no est\u00e9 presente de forma natural en los alimentos. La <a href=\"https:\/\/iris.who.int\/bitstream\/handle\/10665\/154587\/WHO_NMH_NHD_15.2_spa.pdf\">Organizaci\u00f3n Mundial de la Salud<\/a> recomienda que el consumo en forma de azucares libres no debe pasar de 10\u00a0% de la ingesta cal\u00f3rica diaria total, tanto en adultos como en ni\u00f1os, <a href=\"https:\/\/www.fao.org\/3\/ac911s\/ac911s.pdf\">y adem\u00e1s sugiere una reducci\u00f3n por debajo del 5\u00a0% de la ingesta cal\u00f3rica (unos 25 gramos al d\u00eda)<\/a>.<\/p>\n<h3 class=\"western\">Depende de c\u00f3mo los tomemos<\/h3>\n<p><a href=\"https:\/\/theconversation.com\/es-malo-el-azucar-todo-depende-de-sus-apellidos-134490\">Estos az\u00facares libres son los az\u00facares (refinados o sin refinar)<\/a> a\u00f1adidos a los alimentos y las bebidas por el fabricante, el cocinero o el consumidor, a los que hay que sumar los naturalmente presentes en la miel, los jarabes, los jugos de frutas y los concentrados de jugos. De ah\u00ed que el estudio de su consumo sea un tema tan relevante en los \u00faltimos a\u00f1os.<\/p>\n<p>Sin embargo, a\u00fan muchas investigaciones omiten la forma de ingesta \u2013es decir, si son libres o intr\u00ednsecos\u2013, lo que podr\u00eda justificar los datos contradictorios entre ellas. Es cierto que los expertos enfatizan la importancia de evitar los az\u00facares libres, pero la falta de consideraci\u00f3n en algunos trabajos puede contribuir a la discrepancia en los resultados.<\/p>\n<p><a href=\"https:\/\/jamanetwork.com\/journals\/jama\/article-abstract\/2174010\">Diana Thomas, del Center for Quantitative Obesity Research, en Nueva Jersey<\/a>, ha se\u00f1alado esta omisi\u00f3n. Una situaci\u00f3n que afecta, por ejemplo, a la <a href=\"https:\/\/www.sciencedirect.com\/science\/article\/abs\/pii\/S0002916523289972\">prueba de tolerancia a la glucosa<\/a>, al colesterol y a los triglic\u00e9ridos: <a href=\"https:\/\/ora.ox.ac.uk\/objects\/uuid:8e6a38e8-c2c6-49a0-88f8-d011e3ab2c85\">a veces no hay cambios en estos par\u00e1metros y otras veces s\u00ed<\/a>.<\/p>\n<p>Ante esta indefinici\u00f3n, las pautas a lo largo de las \u00faltimas d\u00e9cadas <a href=\"https:\/\/www.tandfonline.com\/doi\/full\/10.1080\/10408398.2012.691574\">han sido tambi\u00e9n discrepantes<\/a>, ya que a veces se aconsejaba que la ingesta de az\u00facar no deb\u00eda exceder el 5\u00a0% del requerimiento energ\u00e9tico, mientras que otras recomendaciones implican que incluso el 25\u00a0% del total de energ\u00eda pod\u00eda provenir sin problemas de ese ingrediente de la dieta. El gran estudio esclarecedor no se ha dado todav\u00eda, pero examinar la cuesti\u00f3n con el prisma de la evoluci\u00f3n nos puede dar una pista para encontrar la verdad.<\/p>\n<h3 class=\"western\">Adaptados a las frutas frescas<\/h3>\n<p>La <a href=\"https:\/\/www.annualreviews.org\/doi\/abs\/10.1146\/annurev.ecolsys.31.1.315\">fisiolog\u00eda evolutiva<\/a> explora c\u00f3mo han cambiado los organismos a lo largo de los tiempos para mejorar su aptitud y supervivencia. Sus hallazgos llevan a pensar que la evoluci\u00f3n adapt\u00f3 gen\u00e9ticamente la fisiolog\u00eda metab\u00f3lica de nuestros ancestros para lidiar con el az\u00facar intr\u00ednseco de las frutas frescas, ya que el az\u00facar libre era inexistente.<\/p>\n<p>En la era del Mioceno, hace entre 24 y 5 millones de a\u00f1os, <a href=\"https:\/\/www.nejm.org\/doi\/10.1056\/NEJM198501313120505\">las frutas eran el componente principal en la dieta de los hom\u00ednidos<\/a>. Seg\u00fan el experto italiano <a href=\"https:\/\/www.sciencedirect.com\/science\/article\/abs\/pii\/S2405457718303930\">Riccardo Baschetti<\/a>, cuatro hallazgos clave aportan una perspectiva evolutiva al debate sobre el az\u00facar:<\/p>\n<ul>\n<li><strong>Vaciamiento g\u00e1strico y az\u00facares intr\u00ednsecos.<\/strong> La velocidad con la que los alimentos abandonan el est\u00f3mago es crucial para regular los niveles de az\u00facar en la sangre, puesto que pasan al intestino y son absorbidos por el organismo. La glucosa y la sacarosa intr\u00ednseca en la comida <a href=\"https:\/\/physoc.onlinelibrary.wiley.com\/doi\/abs\/10.1113\/jphysiol.1968.sp008410\">se vac\u00edan de manera similar<\/a>.<\/li>\n<li><strong>Adaptaci\u00f3n evolutiva a las frutas frescas.<\/strong> Se manifiesta en el vaciamiento, <a href=\"https:\/\/www.sciencedirect.com\/science\/article\/abs\/pii\/S0016508583802327\">que se vuelve m\u00e1s pausado a medida que la concentraci\u00f3n de glucosa aumenta<\/a>. Seg\u00fan se ha comprobado, <a href=\"https:\/\/www.mdpi.com\/2072-6643\/14\/17\/3594\">este fen\u00f3meno se ajusta perfectamente<\/a> al rango cal\u00f3rico de los az\u00facares totales presentes en las frutas frescas, que han sido la base de la alimentaci\u00f3n humana durante millones de a\u00f1os. La adaptaci\u00f3n evolutiva sugiere que nuestro sistema gastrointestinal est\u00e1 dise\u00f1ado para gestionar eficazmente el amplio rango cal\u00f3rico de las frutas, contribuyendo as\u00ed a mantener estable la glucosa en la sangre.<\/li>\n<li><strong>Impacto de las grandes cantidades de frutas frescas.<\/strong> <a href=\"https:\/\/journals.physiology.org\/doi\/abs\/10.1152\/ajpregu.1979.236.5.R254\">Dentro del rango de 0.2 a 1.0 kcal\/ml<\/a>, se ha observado que duplicar el volumen de una comida de glucosa no altera significativamente la tasa de vaciamiento. Esto implica que la ingesta de grandes cantidades de frutas frescas no afect\u00f3 la homeostasis \u2013el equilibrio y la estabilidad interna\u2013 de la glucosa en nuestros antepasados, y que la fisiolog\u00eda gastrointestinal humana est\u00e1 adaptada para manejar eficientemente incluso grandes cantidades de frutas frescas, sin afectar negativamente la regulaci\u00f3n de la glucosa.<\/li>\n<li><strong>Los desconocidos az\u00facares libres.<\/strong> A medida que la concentraci\u00f3n cal\u00f3rica supera 1.0\u00a0kcal\/ml, se observa una entrega m\u00e1s r\u00e1pida de calor\u00edas al intestino delgado. Este cambio ocurre justo por encima de la concentraci\u00f3n cal\u00f3rica m\u00e1s alta en las frutas frescas, sugiriendo que los az\u00facares libres pueden considerarse <a href=\"https:\/\/www.ncbi.nlm.nih.gov\/pmc\/articles\/PMC1296979\">alimentos gen\u00e9ticamente desconocidos<\/a>. La introducci\u00f3n de la agricultura, hace unos 10\u00a0000 a\u00f1os, es demasiado reciente a nivel evolutivo para que el <a href=\"https:\/\/www.sciencedirect.com\/science\/article\/pii\/S0002916523275462\">genoma humano se haya adaptado completamente a este cambio<\/a>.<\/li>\n<\/ul>\n<h3 class=\"western\">Otro reci\u00e9n llegado: la sal<\/h3>\n<p>Tambi\u00e9n hay que tener en cuenta el papel que juega la sal, cuyo uso era desconocido para nuestros antepasados <a href=\"https:\/\/onlinelibrary.wiley.com\/doi\/full\/10.1002\/dmrr.539\">hasta hace unos 5\u00a0000 a\u00f1os<\/a>. Fue solo a partir de entonces cuando los humanos empezaron a emplearla en grandes cantidades para preservar los alimentos. Sin embargo, nuestros sistemas fisiol\u00f3gicos tampoco han tenido suficiente tiempo para adaptarse a este aumento en su consumo.<\/p>\n<p>En la actualidad, sabemos que el exceso de sal es <a href=\"https:\/\/theconversation.com\/por-que-todos-deberiamos-reducir-el-consumo-de-sal-182870\">perjudicial para la salud<\/a>. Pero no solo es un factor de riesgo para la <a href=\"https:\/\/theconversation.com\/la-mejor-dieta-para-cuidar-nuestro-corazon-210470\">hipertensi\u00f3n<\/a>, sino que tambi\u00e9n <a href=\"https:\/\/www.sciencedirect.com\/science\/article\/abs\/pii\/S1521691803001070\">acelera la absorci\u00f3n de az\u00facares en el intestino<\/a>, lo que podr\u00eda explicar <a href=\"https:\/\/www.cambridge.org\/core\/journals\/british-journal-of-nutrition\/article\/association-between-dietary-sodium-intake-adiposity-and-sugarsweetened-beverages-in-children-and-adults-a-systematic-review-and-metaanalysis\/E0EA07983B68910F0485160F08858C2E\">la conexi\u00f3n entre las bebidas azucaradas y la diabetes tipo 2<\/a>.<\/p>\n<p>Esta relaci\u00f3n se debe a que el consumo de bebidas gaseosas azucaradas tiende a ir de la mano con una disminuci\u00f3n en la ingesta de vegetales y leche, alimentos naturalmente bajos en sal, y un mayor consumo de comida r\u00e1pida y alimentos ultraprocesados, ricos en ese condimento.<\/p>\n<p>La cantidad de sal presente en los ultraprocesados contribuye a que una peque\u00f1a porci\u00f3n pase inevitablemente a trav\u00e9s del consumo de bebidas azucaradas, acelerando de manera poco saludable la absorci\u00f3n de az\u00facares y promoviendo <a href=\"https:\/\/www.nature.com\/articles\/s41574-021-00627-6\">la obesidad<\/a>.<\/p>\n<p>De hecho, <a href=\"https:\/\/www.sciencedirect.com\/science\/article\/pii\/S000291652327971X\">algunos estudios<\/a> han reflejado que esta asociaci\u00f3n est\u00e1 mediada por la sal en la dieta, pero omitieron mencionar el efecto perjudicial de ese ingrediente en la absorci\u00f3n de az\u00facares. Tales v\u00ednculos nos brindan perspectivas valiosas sobre c\u00f3mo nuestras elecciones alimenticias pueden afectar nuestra salud de manera integral.<\/p>\n<h3 class=\"western\">Aviso a los navegantes cient\u00edficos<\/h3>\n<p>Necesitamos que se realice un estudio donde se tenga en cuenta tanto el az\u00facar como la sal, lo que estar\u00eda en consonancia con la fisiolog\u00eda evolutiva, y confirmar lo que muchos ya creen: que el az\u00facar intr\u00ednseco es inofensivo y el az\u00facar libre es perjudicial. Como dec\u00edamos, <a href=\"https:\/\/www.sciencedirect.com\/science\/article\/abs\/pii\/S2405457718303930\">Riccardo Baschetti<\/a> ya ha marcado la pauta de c\u00f3mo realizar este estudio. Solo falta que alguien, con un proyecto sin conflicto de inter\u00e9s, pueda llevarlo a cabo.<\/p>\n<ul>\n<li><a href=\"https:\/\/theconversation.com\/topics\/azucar-55335\">az\u00facar<\/a><\/li>\n<li><a href=\"https:\/\/theconversation.com\/topics\/alimentacion-55366\">alimentaci\u00f3n<\/a><\/li>\n<li><a href=\"https:\/\/theconversation.com\/topics\/nutricion-55368\">nutrici\u00f3n<\/a><\/li>\n<li><a href=\"https:\/\/theconversation.com\/topics\/evolucion-56501\">evoluci\u00f3n<\/a><\/li>\n<li><a href=\"https:\/\/theconversation.com\/topics\/sal-111272\">sal<\/a><\/li>\n<\/ul>\n<h3 class=\"western\">Antes de que se vaya&#8230;<\/h3>\n<p>Los art\u00edculos de The Conversation pretenden saciar nuestra curiosidad y contextualizar lo que nos sucede a diario. Pero tambi\u00e9n pedimos a los cient\u00edficos que conversen con los lectores sobre lo que est\u00e1 por venir, analizando asuntos realmente importantes como el cambio clim\u00e1tico, la calidad de la democracia, la igualdad o la gesti\u00f3n del agua. Porque comunicarlo ayuda a construir un mundo mejor.<\/p>\n<p>&nbsp;<\/p>\n<p><em>Por <a href=\"https:\/\/theconversation.com\/profiles\/jose-miguel-soriano-del-castillo-1032224\">Jose Miguel Soriano del Castillo <\/a><\/em><\/p>\n<p><em>Catedr\u00e1tico de Nutrici\u00f3n y Bromatolog\u00eda del Departamento de Medicina Preventiva y Salud P\u00fablica, Universitat de Val\u00e8ncia<\/em><\/p>\n","protected":false},"excerpt":{"rendered":"<p>El azucar se ha convertido en uno de los principales \u201cvillanos\u201d de los tiempos modernos: reducirla al m\u00e1ximo de la alimentaci\u00f3n es un objetivo prioritario, mientras no est\u00e9 presente de forma natural en los alimentos.<\/p>\n","protected":false},"author":1,"featured_media":24462,"comment_status":"open","ping_status":"open","sticky":false,"template":"","format":"standard","meta":{"footnotes":""},"categories":[15],"tags":[],"class_list":["post-24461","post","type-post","status-publish","format-standard","has-post-thumbnail","hentry","category-consumo","sent_by-jose-miguel-soriano-del-castillo"],"_links":{"self":[{"href":"https:\/\/www.prospereando.es\/index.php\/wp-json\/wp\/v2\/posts\/24461","targetHints":{"allow":["GET"]}}],"collection":[{"href":"https:\/\/www.prospereando.es\/index.php\/wp-json\/wp\/v2\/posts"}],"about":[{"href":"https:\/\/www.prospereando.es\/index.php\/wp-json\/wp\/v2\/types\/post"}],"author":[{"embeddable":true,"href":"https:\/\/www.prospereando.es\/index.php\/wp-json\/wp\/v2\/users\/1"}],"replies":[{"embeddable":true,"href":"https:\/\/www.prospereando.es\/index.php\/wp-json\/wp\/v2\/comments?post=24461"}],"version-history":[{"count":1,"href":"https:\/\/www.prospereando.es\/index.php\/wp-json\/wp\/v2\/posts\/24461\/revisions"}],"predecessor-version":[{"id":24463,"href":"https:\/\/www.prospereando.es\/index.php\/wp-json\/wp\/v2\/posts\/24461\/revisions\/24463"}],"wp:featuredmedia":[{"embeddable":true,"href":"https:\/\/www.prospereando.es\/index.php\/wp-json\/wp\/v2\/media\/24462"}],"wp:attachment":[{"href":"https:\/\/www.prospereando.es\/index.php\/wp-json\/wp\/v2\/media?parent=24461"}],"wp:term":[{"taxonomy":"category","embeddable":true,"href":"https:\/\/www.prospereando.es\/index.php\/wp-json\/wp\/v2\/categories?post=24461"},{"taxonomy":"post_tag","embeddable":true,"href":"https:\/\/www.prospereando.es\/index.php\/wp-json\/wp\/v2\/tags?post=24461"}],"curies":[{"name":"wp","href":"https:\/\/api.w.org\/{rel}","templated":true}]}}