{"id":23858,"date":"2023-12-06T21:16:54","date_gmt":"2023-12-06T20:16:54","guid":{"rendered":"http:\/\/www.prospereando.es\/?p=23858"},"modified":"2023-12-06T21:18:55","modified_gmt":"2023-12-06T20:18:55","slug":"peticion","status":"publish","type":"post","link":"https:\/\/www.prospereando.es\/index.php\/2023\/12\/06\/peticion\/","title":{"rendered":"Petici\u00f3n"},"content":{"rendered":"<p align=\"CENTER\"><img loading=\"lazy\" decoding=\"async\" class=\" wp-image-23859 aligncenter\" src=\"http:\/\/www.prospereando.es\/wp-content\/uploads\/2023\/12\/belencuento1-300x175.jpg\" alt=\"\" width=\"535\" height=\"312\" srcset=\"https:\/\/www.prospereando.es\/wp-content\/uploads\/2023\/12\/belencuento1-300x175.jpg 300w, https:\/\/www.prospereando.es\/wp-content\/uploads\/2023\/12\/belencuento1.jpg 600w\" sizes=\"auto, (max-width: 535px) 100vw, 535px\" \/><\/p>\n<p style=\"text-align: left;\" align=\"CENTER\"><b>\u00a0\u00a0\u00a0\u00a0\u00a0\u00a0\u00a0\u00a0\u00a0\u00a0\u00a0\u00a0\u00a0\u00a0\u00a0\u00a0\u00a0\u00a0\u00a0\u00a0\u00a0\u00a0\u00a0\u00a0\u00a0\u00a0\u00a0\u00a0\u00a0\u00a0\u00a0\u00a0\u00a0\u00a0\u00a0\u00a0\u00a0\u00a0\u00a0\u00a0\u00a0\u00a0 Minicuento de Navidad<\/b><\/p>\n<p><b>-Pap\u00e1, este a\u00f1o nos est\u00e1 quedando muy bonito el Bel\u00e9n.<\/b><\/p>\n<p><b>&#8211; \u00bfT\u00fa crees?<\/b><\/p>\n<p><b>-S\u00ed, pero me gustar\u00eda que pusi\u00e9ramos al Ni\u00f1o Jes\u00fas fuera del pesebre.<\/b><\/p>\n<p><b>-Ah, s\u00ed\u2026 y \u00bfpor qu\u00e9?<\/b><\/p>\n<p><b>-Para que tenga buenas vistas y lo vea todo mejor.<\/b><\/p>\n<p><b>-Entonces, \u00bfd\u00f3nde te parece?<\/b><\/p>\n<p><b>-Creo\u2026 que en lo alto de la colina.<\/b><\/p>\n<p><b>-Ah, claro, cuanto m\u00e1s alto est\u00e9, mejores vistas, \u00bfas\u00ed?<\/b><\/p>\n<p><b>&#8211; Bueno, s\u00ed\u2026 pero si lo ponemos mirando hacia ah\u00ed, mejor\u2026 puede ver el sal\u00f3n.<\/b><\/p>\n<p><b>-El sal\u00f3n, ya\u2026 para ver el \u00e1rbol iluminado, as\u00ed\u2026<\/b><\/p>\n<p><b>-No, el \u00e1rbol le podr\u00eda dar envidia, \u00c9l no lo tiene.<\/b><\/p>\n<p><b>-El Ni\u00f1o Jes\u00fas, no siente envidia, ya lo sabes, Juancho,<\/b><\/p>\n<p><b>-Por si acaso\u2026<\/b><\/p>\n<p><b>-Entonces, qu\u00e9 m\u00e1s te da\u2026<\/b><\/p>\n<p><b>-No, es que quiero que vea la tele\u2026<\/b><\/p>\n<p><b>-Ah, ver las calles tan animadas, las luces, mucha gente de compras\u2026 s\u00ed, eso le gustar\u00e1, estar\u00e1 bien as\u00ed viendo la tele.<\/b><\/p>\n<p><b>-No, pap\u00e1, las noticias, lo de los ni\u00f1os \u00e1rabes\u2026<\/b><\/p>\n<p><b>&#8211; \u00a1Hombre, eso quiz\u00e1 le disguste!&#8230; seguro que le hace llorar.<\/b><\/p>\n<p><b>-Eso quiero, que llore.<\/b><\/p>\n<p><b>-Pero, por qu\u00e9, Juancho, quieres hacer llorar al Ni\u00f1o Jes\u00fas viendo lo de Gaza\u2026<\/b><\/p>\n<p><b>-Es que, le voy a pedir que haga que sus parientes\u2026, ese hombre que manda all\u00ed\u2026<\/b><\/p>\n<p><b>&#8211; \u00bfNetanyahu?<\/b><\/p>\n<p><b>-Y todos los dem\u00e1s, a sus parientes pues estos de ahora son parientes suyos, dicen, \u00bfno?&#8230; los primos de sus primos, sus amigos, tambi\u00e9n ese \u201cMatanyaju\u201d y tal vez esos soldados sean t\u00edos segundos o terceros\u2026 \u00a1No s\u00e9\u2026!<\/b><\/p>\n<p><b>-Bueno el naci\u00f3 hace muchos a\u00f1os\u2026<\/b><\/p>\n<p><b>-Pero, s\u00ed nosotros somos hijos suyos, algo mucho m\u00e1s que parientes los de ahora, quiz\u00e1 esos de la tele, sean tambi\u00e9n sus parientes, aunque sea lejanos.<\/b><\/p>\n<p><b>-Hombre, visto as\u00ed\u2026<\/b><\/p>\n<p><b>-As\u00ed lo veo yo, todos somos parientes del Ni\u00f1o Jes\u00fas.<\/b><\/p>\n<p><b>-Si, bueno\u2026 sus parientes, s\u00ed, claro, ya, \u00a1parientes lejanos!, puede ser\u2026 <\/b><\/p>\n<p><b>-Entonces, cuando ya lo haya visto durante unos d\u00edas en la tele, le voy a decir\u2026<\/b><\/p>\n<p><b>-El qu\u00e9 hombre, Juancho, me interesa mucho<\/b><\/p>\n<p><b>-Le dir\u00e9: Ni\u00f1o Jes\u00fas, has visto lo que hacen tus parientes a los pobres ni\u00f1os \u00e1rabes, y seguro que no te ha gustado, parecido muy mal\u2026 a m\u00ed tambi\u00e9n, entonces, te pido, de coraz\u00f3n a coraz\u00f3n, que hagas algo\u2026<\/b><\/p>\n<p><b>-Qu\u00e9 crees t\u00fa que podr\u00eda hacer el Ni\u00f1o Jes\u00fas una vez enterado por la tele de lo que pasa all\u00ed, por su tierra\u2026<\/b><\/p>\n<p><b>-Pues lo que har\u00eda yo, y cualquier otro ni\u00f1o si pudiese, coger\u00eda y me presentaba en casa de Nutantino, o como se llame, y le dir\u00eda: \u201cMira, Nutanjulo, no mandes tirar ni una bomba m\u00e1s contra esos ni\u00f1os ni a sus abuelo, abuelas, papas y mam\u00e1s de los ni\u00f1os palestinos, que aunque no son de nuestro pueblo, yo te mando que no los mates, que los quieras tambi\u00e9n ya que t\u00fa y yo somos parientes y me debes de querer a m\u00ed, pues a ellos igual, recuerda lo que nos hicieron a nosotros los nazis aquellos, a los ni\u00f1os nuestros tambi\u00e9n, as\u00ed que si no lo haces dejar\u00e9 de ser tu pariente y te quedar\u00e1s sin parientes ni amigos y ninguno de ellos, ni tus parientes ni amigos, aqu\u00ed ya te querr\u00e1n\u2026 \u00a1yo s\u00ed, pero porque no tengo m\u00e1s remedio!, pero si no, tampoco\u2026 \u00bflo entiendes?, \u00bfte has enterado bien de lo que quiero, Netantuyo?\u201d\u2026 o como se llama ese se\u00f1or. Eso le dir\u00eda yo. <\/b><\/p>\n<p><b>-Entiendo, est\u00e1 muy bien, Juancho, muy bien, hijo\u2026 dejarle las cosas claras el Ni\u00f1o a su pariente.<\/b><\/p>\n<p><b>-Ah, y tambi\u00e9n le dir\u00eda que le diga a su pariente que deje que los curen y les den comida y agua y que arregle todas las casas que han roto y los coches y tiendas que han destruido, tambi\u00e9n que les de todo lo que necesiten al volver, ahora se han tenido que ir, por lo de las bombas\u2026 y que no se quede con nada de lo que les han quitado que a los palestinos les hace m\u00e1s falta que a los parientes del Ni\u00f1o Jes\u00fas, incluso para comer\u2026 Bueno, \u00a1eso le pedir\u00eda!<\/b><\/p>\n<p><b>-S\u00ed, eso tambi\u00e9n es muy necesario que se lo diga y con mucha fuerza para que le haga caso, \u00bfverdad?<\/b><\/p>\n<p><b>&#8211; Para qu\u00e9 no se le olvide luego. <\/b><\/p>\n<p><b>-Claro, eso es lo que tiene ser pariente de Dios, Juancho.<\/b><\/p>\n<p>&nbsp;<\/p>\n<p><i><b>\u00a0\u00a0\u00a0\u00a0\u00a0\u00a0\u00a0\u00a0\u00a0\u00a0\u00a0\u00a0 (Segunda escena y Ep\u00edlogo del cuento de Navidad \u201cPetici\u00f3n\u201d)<\/b><\/i><\/p>\n<p><b>(Han pasado varios d\u00edas desde que Juancho y su padre han puesto el Bel\u00e9n en el sal\u00f3n de su casa).<\/b><\/p>\n<p><b>-Pap\u00e1, hay que hacer un cambio en el Bel\u00e9n.<\/b><\/p>\n<p><b>-Ah, s\u00ed&#8230; ya, tan pronto.<\/b><\/p>\n<p><b>-Ha pasado tiempo suficiente.<\/b><\/p>\n<p><b>-Bien y \u00bfqu\u00e9 cambio quieres hacer?<\/b><\/p>\n<p><b>-Ver\u00e1s, creo que ese se\u00f1or, Natantajo, o algo as\u00ed&#8230;<\/b><\/p>\n<p><b>-Netanyahu, Juancho, Netanyahu<\/b><\/p>\n<p><b>-Bueno, ese&#8230; Quiero cambiar a Herodes, sacarlo del castillo y poner este otro aqu\u00ed, en el patio de armas del castillo&#8230;<\/b><\/p>\n<p><b>-Y \u00bfqui\u00e9n es este tan feo?<\/b><\/p>\n<p><b>-\u00a1Pap\u00e1&#8230;!, es Thanos el m\u00e1s villano de todos los villanos de Marvel, el que ha construido con sus amigos Gamora, Nebula, Cull Obsidia y la mal\u00edsima Proxima Midnight, esa arma poderosa que se llama el Guantelete del Infinito con el que eliminar a la mitad de los seres vivientes del Universo&#8230;<\/b><\/p>\n<p><b>-Co\u00f1i&#8230; digo, caramba, si que es malo el tipo. Pero, t\u00fa sabes que Herodes era un jud\u00edo puesto por los romanos para gobernar en su nombre al pueblo hebreo, \u00bfno?<\/b><\/p>\n<p><b>-Claro, igual que el Natanjatu, est\u00e1 puesto ah\u00ed por sus amigos&#8230;.<\/b><\/p>\n<p><b>-Ya, bien&#8230; mejor no decirlo, la CIA est\u00e1 en todas partes.<\/b><\/p>\n<p><b>-Y que tiene que ver uno con otro, dime.<\/b><\/p>\n<p><b>-\u00a1Pap\u00e1&#8230;! \u00bfNo te acuerdas de los Santos Inocentes&#8230;?<\/b><\/p>\n<p><b>-Ah, bueno s\u00ed, en que ambos son poco amigos de la infancia&#8230; ya&#8230; bien, lo veo, s\u00ed, ahora lo entiendo&#8230; cambiar uno por otro, \u00bfas\u00ed?<\/b><\/p>\n<p><b>-No, m\u00e1s a la derecha, ah\u00ed, que no le llegue ni el calor del fuego de la olla de los pastores, nada, solo ah\u00ed en la fr\u00eda noche, sin luz ni calor&#8230; \u00a1es muy malo!<\/b><\/p>\n<p><b>-Claro, a la sombra. Quiz\u00e1 alg\u00fan d\u00eda&#8230;<\/b><\/p>\n<p><b>-\u00bfQu\u00e9?<\/b><\/p>\n<p><b>-Nada, nada, cosas m\u00edas de la justicia y eso.<\/b><\/p>\n<p><b>-Ya&#8230;<\/b><\/p>\n<p><b>-Y \u00bfc\u00f3mo has encontrado a ese personaje de Marvel?<\/b><\/p>\n<p><b>-Lo he cambiado con el primo Tony por mi Spiderman.<\/b><\/p>\n<p><b>-Ha salido ganando, sin duda.<\/b><\/p>\n<p><b>Pero yo quiero que pongamos cerca este cartel y estos soldados en lugar de los centuriones romanos con lanza.<\/b><\/p>\n<p><b>-Pone Natanjuyu-Herodes&#8230;<\/b><\/p>\n<p><b>-\u00a1Quiero que no haya dudas cuando vengan mis amigos a ver mi Bel\u00e9n!<\/b><\/p>\n<p><b>-Ah, bueno. \u00bfY estos soldados de ahora?<\/b><\/p>\n<p><b>-Me los regal\u00f3 la t\u00eda Asun por mi cumple. Son comandos navales&#8230; <\/b><\/p>\n<p><b>-Pero \u00bfno habremos cambiado mucho tu Bel\u00e9n tradicional?<\/b><\/p>\n<p><b>-Un poco s\u00ed, claro, aunque el pesebre est\u00e1 igual con la vaca y el burrito&#8230; y los pastores con sus corderos y las lavanderas en el r\u00edo&#8230; y el \u00e1ngel que anuncia al Ni\u00f1o Jes\u00fas con sus alas extendidas llevando la pancarta de <\/b><i><b>\u201cPaz en la tierra a los hombres de buena<\/b><\/i><b> <\/b><i><b>voluntad\u201d<\/b><\/i><\/p>\n<p><b>-Mira, \u00a1eso s\u00ed queda igualito que cuando yo era como t\u00fa&#8230;!<\/b><\/p>\n<p><b>-\u00bfT\u00fa has sido como yo?<\/b><\/p>\n<p><b>-No tan perspicaz, supongo, Juancho.<\/b><\/p>\n<p><b>&#8211; Solo eso, a m\u00ed me parece que yo no soy tan bueno como t\u00fa.<\/b><\/p>\n<p><b>-\u00a1Ven te dar\u00e9 un abrazo, hijo!<\/b><\/p>\n<p><i><b>\u00a0\u00a0\u00a0\u00a0\u00a0\u00a0\u00a0\u00a0\u00a0\u00a0\u00a0\u00a0\u00a0\u00a0\u00a0\u00a0\u00a0\u00a0\u00a0\u00a0\u00a0\u00a0\u00a0\u00a0\u00a0\u00a0\u00a0\u00a0\u00a0\u00a0\u00a0\u00a0\u00a0\u00a0\u00a0\u00a0\u00a0\u00a0\u00a0\u00a0\u00a0\u00a0\u00a0\u00a0\u00a0\u00a0\u00a0\u00a0\u00a0\u00a0\u00a0\u00a0\u00a0\u00a0\u00a0 Ep\u00edlogo<\/b><\/i><\/p>\n<p><i><b>( Han pasado los d\u00edas y Juancho y su padre est\u00e1n de nuevo al lado del Bel\u00e9n)<\/b><\/i><\/p>\n<p><b>-Despu\u00e9s de todo, con tus cambios, nos ha quedado muy moderno.<\/b><\/p>\n<p><b>-Ya te lo dije, pap\u00e1, hay que modernizar algo las tradiciones&#8230; ponerlas al d\u00eda, creo.<\/b><\/p>\n<p><b>-S\u00ed, y me hubiese gustado que tu madre lo hubiese podido ver con nosotros.<\/b><\/p>\n<p><b>-Ya lo s\u00e9, pero la recordamos mucho y ella estar\u00e1 ahora con los \u00e1ngeles esperando al Ni\u00f1o Jes\u00fas a que vuelva con ellos al Cielo&#8230;<\/b><\/p>\n<p><b>-S\u00ed, puede esperarle unos cuantos a\u00f1os ah\u00ed.<\/b><\/p>\n<p><b>-Treinta y tres, dicen.<\/b><\/p>\n<p><b>-Es cierto, muy poquitos, parece.<\/b><\/p>\n<p><b>-Aqu\u00ed, solo hasta primavera y las procesiones.<\/b><\/p>\n<p><b>-Es verdad.<\/b><\/p>\n<p><b>-Por cierto, tengo que cambiar algunas cositas m\u00e1s del Bel\u00e9n.<\/b><\/p>\n<p><b>-\u00a1M\u00e1s!<\/b><\/p>\n<p><b>-Poca cosa&#8230; ponemos el \u201ccaganer\u201d aqu\u00ed, cerca de Herodes-nataranyaju y a\u00f1adimos estos tres m\u00e1s que he comprado en el chino de la esquina al volver&#8230;<\/b><\/p>\n<p><b>-Y eso, \u00bfpor qu\u00e9?<\/b><\/p>\n<p><b>&#8211; No le ha hecho ning\u00fan caso al Ni\u00f1o Jes\u00fas sobre lo que le ped\u00ed para que se lo dijese a \u00e9l, ese Thanos mata-ni\u00f1os al que ponemos ahora aqu\u00ed en esta esquina del Bel\u00e9n, solo, sin nadie cerca, sin amigos ni nadie que le quiera ni le salude&#8230; ni le den la mano los que antes se la daban sonrientes, ya no le quieren ni los que eran sus colegas y aplaud\u00edan eso de matar ni\u00f1os&#8230; nada. Y los caganer han rodeado el castillo de Herodes por si regresa y pise sus regalos y se marche para siempre.<\/b><\/p>\n<p><b>-Bien, parece una buena lecci\u00f3n, Juancho, muy dura, solo con los regalos de esos fornidos catalanes y los cuatro presentes que le dejan ah\u00ed como recuerdo. <\/b><\/p>\n<p><b>-S\u00ed, creo que est\u00e1 bien, es una buena lecci\u00f3n por no hacer tampoco caso nadie, quedarse solo ni nadie que le mire a la cara.<\/b><\/p>\n","protected":false},"excerpt":{"rendered":"<p>-Pap\u00e1, este a\u00f1o nos est\u00e1 quedando muy bonito el Bel\u00e9n.<br \/>\n&#8211; \u00bfT\u00fa crees?<br \/>\n-S\u00ed, pero me gustar\u00eda que pusi\u00e9ramos al Ni\u00f1o Jes\u00fas fuera del pesebre.<br \/>\n-Ah, s\u00ed\u2026 y \u00bfpor qu\u00e9?<br \/>\n-Para que tenga buenas vistas y lo vea todo mejor.<br \/>\n-Entonces, \u00bfd\u00f3nde te parece?<br \/>\n-Creo\u2026 que en lo alto de la colina.<\/p>\n","protected":false},"author":1,"featured_media":23859,"comment_status":"open","ping_status":"open","sticky":false,"template":"","format":"standard","meta":{"footnotes":""},"categories":[29],"tags":[],"class_list":["post-23858","post","type-post","status-publish","format-standard","has-post-thumbnail","hentry","category-cuentame","sent_by-gregorio-torres-trivino"],"_links":{"self":[{"href":"https:\/\/www.prospereando.es\/index.php\/wp-json\/wp\/v2\/posts\/23858","targetHints":{"allow":["GET"]}}],"collection":[{"href":"https:\/\/www.prospereando.es\/index.php\/wp-json\/wp\/v2\/posts"}],"about":[{"href":"https:\/\/www.prospereando.es\/index.php\/wp-json\/wp\/v2\/types\/post"}],"author":[{"embeddable":true,"href":"https:\/\/www.prospereando.es\/index.php\/wp-json\/wp\/v2\/users\/1"}],"replies":[{"embeddable":true,"href":"https:\/\/www.prospereando.es\/index.php\/wp-json\/wp\/v2\/comments?post=23858"}],"version-history":[{"count":2,"href":"https:\/\/www.prospereando.es\/index.php\/wp-json\/wp\/v2\/posts\/23858\/revisions"}],"predecessor-version":[{"id":23861,"href":"https:\/\/www.prospereando.es\/index.php\/wp-json\/wp\/v2\/posts\/23858\/revisions\/23861"}],"wp:featuredmedia":[{"embeddable":true,"href":"https:\/\/www.prospereando.es\/index.php\/wp-json\/wp\/v2\/media\/23859"}],"wp:attachment":[{"href":"https:\/\/www.prospereando.es\/index.php\/wp-json\/wp\/v2\/media?parent=23858"}],"wp:term":[{"taxonomy":"category","embeddable":true,"href":"https:\/\/www.prospereando.es\/index.php\/wp-json\/wp\/v2\/categories?post=23858"},{"taxonomy":"post_tag","embeddable":true,"href":"https:\/\/www.prospereando.es\/index.php\/wp-json\/wp\/v2\/tags?post=23858"}],"curies":[{"name":"wp","href":"https:\/\/api.w.org\/{rel}","templated":true}]}}