{"id":23840,"date":"2023-12-04T22:07:47","date_gmt":"2023-12-04T21:07:47","guid":{"rendered":"http:\/\/www.prospereando.es\/?p=23840"},"modified":"2023-12-04T22:07:47","modified_gmt":"2023-12-04T21:07:47","slug":"aprender-a-mirar-de-frente-a-la-soledad-no-deseada","status":"publish","type":"post","link":"https:\/\/www.prospereando.es\/index.php\/2023\/12\/04\/aprender-a-mirar-de-frente-a-la-soledad-no-deseada\/","title":{"rendered":"Aprender a mirar de frente a la Soledad no deseada"},"content":{"rendered":"<p><img loading=\"lazy\" decoding=\"async\" class=\" wp-image-23841 aligncenter\" src=\"http:\/\/www.prospereando.es\/wp-content\/uploads\/2023\/12\/soledad1-300x225.jpg\" alt=\"\" width=\"545\" height=\"409\" srcset=\"https:\/\/www.prospereando.es\/wp-content\/uploads\/2023\/12\/soledad1-300x225.jpg 300w, https:\/\/www.prospereando.es\/wp-content\/uploads\/2023\/12\/soledad1.jpg 600w\" sizes=\"auto, (max-width: 545px) 100vw, 545px\" \/><\/p>\n<p>El pasado 29 de noviembre se realiz\u00f3 la clausura de las Jornadas \u201cAprender a mirar de frente a la Soledad no deseada\u201d que se han venido celebrando cada mi\u00e9rcoles, desde el 25 de Octubre, en los locales de la Asociaci\u00f3n Vecinal Valle \u2013 Incl\u00e1n de Prosperidad, con una mesa redonda en la que participaron todos los ponentes de las diferentes jornadas, Diego Figuera, (psiquiatra, diputado de la Asamblea de Madrid y medalla de oro de la ciudad), Teresa Mesonero (enfermera de Atenci\u00f3n Primaria del centro de Ciudad Jard\u00edn y especialista en Salud Mental), Miguel \u00c1ngel Vicente (fisioterapeuta y especialista en envejecimiento activo), F\u00e1tima Prado (m\u00e9dica de Atenci\u00f3n Primaria del centro de Prosperidad), V\u00edctor Garc\u00eda (coordinador del programa de Injucam \u201cBarrio m\u00e1s joven\u201d en Prosperidad) y Elisa Lillo (Coordinadora del Programa de Soledad No Deseada en Madrid Salud y jefa de la Unidad T\u00e9cnica de Apoyo).<\/p>\n<p>Con una activa participaci\u00f3n de los asistentes, d\u00f3nde qued\u00f3 patente la diversidad de los participantes y su gran inter\u00e9s por aprender m\u00e1s sobre este tema, se puso de manifiesto el grave problema, gran parte de las ocasiones oculto, que significa la Soledad No Deseada, no solo en personas mayores, sino en todos los diferentes estratos de edad que se analizaron.<\/p>\n<p>Se habl\u00f3 de sus or\u00edgenes, desde las situaciones relacionadas con el apego, la crianza y la educaci\u00f3n, hasta sus consecuencias en la salud f\u00edsica y mental, sin olvidar los impactos que pueden causar los duelos o situaciones de estr\u00e9s, ni los determinantes sociales de la salud.<\/p>\n<p>Las Jornadas se completaron con una amplia documentaci\u00f3n para los asistentes, donde poder consultar desde los Costes de la Soledad No deseada, hasta las estad\u00edsticas m\u00e1s recientes de la Comunidad de Madrid sobre la situaci\u00f3n de soledad por franjas de edad y los servicios que existen disponibles, tanto a nivel Ayuntamiento como Comunidad, para ayudar a paliar los efectos de esta epidemia oculta.<\/p>\n<p>A lo largo de estas cinco intensas Jornadas, incluida la del encuentro con otras personas de los municipios de Madrid que tuvo lugar en el de El Escorial, en la sala polivalente de la Biblioteca Municipal, se ha puesto de manifiesto la importancia de las relaciones sociales, el contacto con otras personas, la actividad f\u00edsica y mental necesarias para encontrarse bien y la relevancia de la naturaleza, los cuidados y la capacidad de hacer y sentirse Barrio para afrontar problemas como estos. Una vez m\u00e1s las Iniciativas de la Asociaci\u00f3n Vecinal Valle Incl\u00e1n ponen el foco en lo que de verdad importa y tratan de ayudar a las personas de Prosperidad (y de otros barrios que tambi\u00e9n acudieron) a superar las barreras que nos pone este, cada vez m\u00e1s patente, culto del individualismo.<\/p>\n<p><img loading=\"lazy\" decoding=\"async\" class=\" wp-image-23842 aligncenter\" src=\"http:\/\/www.prospereando.es\/wp-content\/uploads\/2023\/12\/soledad2-300x209.jpg\" alt=\"\" width=\"576\" height=\"401\" srcset=\"https:\/\/www.prospereando.es\/wp-content\/uploads\/2023\/12\/soledad2-300x209.jpg 300w, https:\/\/www.prospereando.es\/wp-content\/uploads\/2023\/12\/soledad2.jpg 600w\" sizes=\"auto, (max-width: 576px) 100vw, 576px\" \/><\/p>\n","protected":false},"excerpt":{"rendered":"<p>El pasado 29 de noviembre se realiz\u00f3 la clausura de las Jornadas \u201cAprender a mirar de frente a la Soledad no deseada\u201d que se han venido celebrando cada mi\u00e9rcoles, desde el 25 de Octubre, en los locales de la Asociaci\u00f3n Vecinal Valle \u2013 Incl\u00e1n de Prosperidad<\/p>\n","protected":false},"author":1,"featured_media":23841,"comment_status":"open","ping_status":"open","sticky":false,"template":"","format":"standard","meta":{"footnotes":""},"categories":[6],"tags":[],"class_list":["post-23840","post","type-post","status-publish","format-standard","has-post-thumbnail","hentry","category-sociedad","sent_by-gabino-casas"],"_links":{"self":[{"href":"https:\/\/www.prospereando.es\/index.php\/wp-json\/wp\/v2\/posts\/23840","targetHints":{"allow":["GET"]}}],"collection":[{"href":"https:\/\/www.prospereando.es\/index.php\/wp-json\/wp\/v2\/posts"}],"about":[{"href":"https:\/\/www.prospereando.es\/index.php\/wp-json\/wp\/v2\/types\/post"}],"author":[{"embeddable":true,"href":"https:\/\/www.prospereando.es\/index.php\/wp-json\/wp\/v2\/users\/1"}],"replies":[{"embeddable":true,"href":"https:\/\/www.prospereando.es\/index.php\/wp-json\/wp\/v2\/comments?post=23840"}],"version-history":[{"count":1,"href":"https:\/\/www.prospereando.es\/index.php\/wp-json\/wp\/v2\/posts\/23840\/revisions"}],"predecessor-version":[{"id":23843,"href":"https:\/\/www.prospereando.es\/index.php\/wp-json\/wp\/v2\/posts\/23840\/revisions\/23843"}],"wp:featuredmedia":[{"embeddable":true,"href":"https:\/\/www.prospereando.es\/index.php\/wp-json\/wp\/v2\/media\/23841"}],"wp:attachment":[{"href":"https:\/\/www.prospereando.es\/index.php\/wp-json\/wp\/v2\/media?parent=23840"}],"wp:term":[{"taxonomy":"category","embeddable":true,"href":"https:\/\/www.prospereando.es\/index.php\/wp-json\/wp\/v2\/categories?post=23840"},{"taxonomy":"post_tag","embeddable":true,"href":"https:\/\/www.prospereando.es\/index.php\/wp-json\/wp\/v2\/tags?post=23840"}],"curies":[{"name":"wp","href":"https:\/\/api.w.org\/{rel}","templated":true}]}}