{"id":2384,"date":"2015-08-19T23:05:04","date_gmt":"2015-08-19T23:05:04","guid":{"rendered":"http:\/\/www.prospereando.es\/?p=2384"},"modified":"2015-08-30T23:37:08","modified_gmt":"2015-08-30T23:37:08","slug":"de-palacio-en-palacio-por-la-castellana","status":"publish","type":"post","link":"https:\/\/www.prospereando.es\/index.php\/2015\/08\/19\/de-palacio-en-palacio-por-la-castellana\/","title":{"rendered":"De Palacio en Palacio, por la Castellana"},"content":{"rendered":"<p>. Fotos de <em>Carmen Grijalba<\/em><\/p>\n<p>Un grupo de vecinas y vecinos de Madrid hemos hecho un recorrido por el Paseo de la Castellana. Un paseo en el tiempo, imaginando el medio centenar de mansiones de distintos estilos: Neog\u00f3ticos, neo\u00e1rabes, neocl\u00e1sicos o modernistas, que  alternaban el estilo Villajos, con ladrillo y granito y el estilo Salda\u00f1a, hasta nuestros d\u00edas, en los que  solo han sobrevivido poco m\u00e1s de diez palacios.<\/p>\n<p>Comenzamos en la actual <strong>Biblioteca Nacional<\/strong>. Situada en el recorrido de una de las Murallas de Madrid que iban desde Sagasta, G\u00e9nova, y Serrano hasta la puerta de Alcal\u00e1. En el Museo Arqueol\u00f3gico se encuentra restos de ellas.<\/p>\n<p>En 1.711, el rey Felipe V aprob\u00f3 crear una Real Biblioteca, con la misi\u00f3n de <em>&quot;renovar la erudici\u00f3n hist\u00f3rica y sacar al aire las verdaderas ra\u00edces de la naci\u00f3n y de la monarqu\u00eda espa\u00f1olas&quot;<\/em>.<\/p>\n<p>Felipe V firm\u00f3 el Real Decreto fundacional, que aclaraba el car\u00e1cter p\u00fablico de la biblioteca, abierta a &#8216;todos los estudiosos&#8217; y establec\u00eda las normas fundamentales para su funcionamiento.<\/p>\n<p>Durante el trascurso del siglo XIX, la Biblioteca cambi\u00f3 varias veces de sede, primero, durante el reinado de Jos\u00e9 Bonaparte, se traslad\u00f3 al convento de los Trinitarios en  la calle de Atocha. Posteriormente pas\u00f3 al palacio donde celebraba sus sesiones el Consejo del Almirantazgo Real debido a las reclamaciones realizadas por los trinitarios, tras la vuelta de Fernando VII.<\/p>\n<p>El terreno donde se ubica actualmente la Biblioteca Nacional es el mismo en el que estaba el antiguo gran Convento de Recoletos de Madrid, que tras la Desamortizaci\u00f3n, fue vendido y destruido.<\/p>\n<p>En 1864 se escogi\u00f3 finalmente para que realizara la obra al arquitecto Francisco Jare\u00f1o Alarc\u00f3n. La reina  Isabel II coloc\u00f3 la primera piedra. Casi  veinte a\u00f1os despu\u00e9s le sustituy\u00f3 Antonio Ruiz de Salces. En 1.892 el edificio se utiliz\u00f3 para las conmemoraciones del cuarto centenario del descubrimiento de Am\u00e9rica, traslad\u00e1ndose a continuaci\u00f3n la Biblioteca, que abri\u00f3 al p\u00fablico por primera vez en 1.896.<\/p>\n<p>La decoraci\u00f3n no arquitect\u00f3nica de la fachada se compone de seis estatuas y once medallones. En un primer plano encontramos las estatuas del rey Alfonso X el Sabio y la de San Isidoro, ambas de Alcoverro, otra serie de estatuas, representan a ilustres de la ciencia y la cultura, as\u00ed como en los once medallones.<\/p>\n<p>El front\u00f3n, que fue obra de Agust\u00edn Querol, se encuentra rematado por tres esculturas, una en cada extremo, representando el Genio (dcha.) y el Estudio (izqda.) y en el v\u00e9rtice la representaci\u00f3n de Espa\u00f1a al lado del le\u00f3n que simboliza Castilla. La Paz se representa en el centro, y a sus pies, a la derecha, el genio de la Guerra rompiendo una espada, al que siguen las representaciones de las distintas artes y ciencias.<\/p>\n<p><img loading=\"lazy\" decoding=\"async\" width=\"360\" height=\"203\" src=\"http:\/\/www.prospereando.es\/wp-content\/uploads\/2015\/08\/5818c.jpg\" class=\"alignleft size-medium\" id=\"wp-image-3886\" title=\"Biblioteca Nacional\" alt=\"Biblioteca Nacional\" srcset=\"https:\/\/www.prospereando.es\/wp-content\/uploads\/2015\/08\/5818c.jpg 360w, https:\/\/www.prospereando.es\/wp-content\/uploads\/2015\/08\/5818c-300x169.jpg 300w\" sizes=\"auto, (max-width: 360px) 100vw, 360px\" \/><\/p>\n<p>En la actualidad, la Biblioteca Nacional de Espa\u00f1a cuenta con unos fondos no exhaustivamente cuantificados, pero que se aproxima a los 28 millones de ejemplares. Entre ellos destaca la colecci\u00f3n de manuscritos, que abarca obras desde el siglo IX hasta un total de 23.000 obras, y la de incunables, 2.298 ediciones con 3.159 ejemplares, incluidos dos libros xilogr\u00e1ficos.<\/p>\n<p>Son dos edificios: El edificio principal e hist\u00f3rico, sede de la Biblioteca Nacional situado en el Paseo de Recoletos n\u00ba 20-22, pr\u00e1cticamente saturado de libros. Un segundo edificio denominado Centro de Acceso al Documento que se encuentra en Alcal\u00e1 de Henares y que cumple funciones de dep\u00f3sito.<\/p>\n<p><strong>El Palacio de Medinaceli<\/strong>. Inicialmente el palacio de Uceda o del Duque de Uceda estaba en la Plaza de Col\u00f3n, conocido tambi\u00e9n como palacio del Marqu\u00e9s de Salamanca.<\/p>\n<p><img loading=\"lazy\" decoding=\"async\" width=\"360\" height=\"203\" src=\"http:\/\/www.prospereando.es\/wp-content\/uploads\/2015\/08\/5818d.jpg\" class=\"alignleft size-medium\" id=\"wp-image-3887\" title=\"Centro Col\u00f3n\" alt=\"Centro Col\u00f3n\" srcset=\"https:\/\/www.prospereando.es\/wp-content\/uploads\/2015\/08\/5818d.jpg 360w, https:\/\/www.prospereando.es\/wp-content\/uploads\/2015\/08\/5818d-300x169.jpg 300w\" sizes=\"auto, (max-width: 360px) 100vw, 360px\" \/><\/p>\n<p>Despu\u00e9s de un incendio, que afect\u00f3 principalmente a la fachada y del que no se lleg\u00f3 a restaurar completamente, fue derribado en la d\u00e9cada de 1.960, levantando el actual Centro Col\u00f3n y un bloque de apartamentos.<\/p>\n<p><strong>La antigua Casa de la Moneda y timbre<\/strong>, edificio del siglo XVIII que fue derribado en 1.964, pese a las numerosas opiniones en contra, traslad\u00e1ndose a su ubicaci\u00f3n actual, en la calle Jorge Juan.<\/p>\n<p>Fue reemplazado por los fr\u00edos e impersonales <strong>Jardines del Descubrimiento<\/strong>. En su parte oriental est\u00e1 el monumento dedicado al <strong>Descubrimiento de Am\u00e9rica<\/strong>, inaugurado en 1.977, cuyo autor es Joaqu\u00edn Vaquero Turcios, que se compone de cuatro bloques de hormig\u00f3n dispuestos en tres conjuntos, &quot;<strong>las Profec\u00edas<\/strong>&quot;, &quot;<strong>la G\u00e9nesis<\/strong>&quot; y &quot;<strong>el Descubrimiento<\/strong>&quot; con relieves e inscripciones inaugurado en 1.970.<\/p>\n<p>Gran parte de su superficie sirve de cubierta al Teatro Fern\u00e1n G\u00f3mez, Centro Cultural de la Villa de Madrid, construido en el subsuelo, as\u00ed como a un aparcamiento, igualmente subterr\u00e1neo.<\/p>\n<p><strong>Monumento a Crist\u00f3bal Col\u00f3n.<\/strong><\/p>\n<p><img loading=\"lazy\" decoding=\"async\" width=\"210\" height=\"373\" src=\"http:\/\/www.prospereando.es\/wp-content\/uploads\/2015\/08\/5818b.jpg\" class=\"alignleft size-medium\" id=\"wp-image-3888\" title=\"Monumento Col\u00f3n\" alt=\"Monumento Col\u00f3n\" srcset=\"https:\/\/www.prospereando.es\/wp-content\/uploads\/2015\/08\/5818b.jpg 210w, https:\/\/www.prospereando.es\/wp-content\/uploads\/2015\/08\/5818b-169x300.jpg 169w\" sizes=\"auto, (max-width: 210px) 100vw, 210px\" \/><\/p>\n<p>Para conmemorar el matrimonio real entre Alfonso XII y Do\u00f1a Mar\u00eda de las Mercedes de Orleans, en 1.877 se convoc\u00f3 un concurso p\u00fablico para erigir un monumento a Crist\u00f3bal Col\u00f3n. La estatua que lo remata es obra de Jer\u00f3nimo Su\u00f1ol, de 3 metros de altura, tallada en m\u00e1rmol blanco de Italia. Viste sayo y manto propios de su tiempo. En la mano derecha porta una bandera de Castilla, que apoya sobre un globo terr\u00e1queo, al tiempo que tiende la izquierda en adem\u00e1n de oferta, y dirige su mirada al cielo.<\/p>\n<p>El largo pedestal sobre el que asienta la estatua es de estilo neo-g\u00f3tico isabelino y tiene una altura total de 17 de metros y en los laterales hay distintos motivos de la vida de los Reyes Cat\u00f3licos, de Col\u00f3n, las tres carabelas  y la Virgen del Pilar. En la parte Norte se puede leer &quot;<em>A CASTILLA Y A LE\u00d3N \/ NUEVO MUNDO \/ DIO COL\u00d3N<\/em>&quot;. En el basamento, &quot;<em>1885<\/em>&quot;.<\/p>\n<p>El 12 de octubre de 1.892 se hizo entrega de la obra al Ayuntamiento de Madrid.<\/p>\n<p>En la Plaza de Col\u00f3n, est\u00e1n tambi\u00e9n <strong>Las Torres de Col\u00f3n<\/strong>, dos rascacielos gemelos y uno de los edificios m\u00e1s altos de la capital, con sus 116 metros de altitud y sus 23 plantas. Construidas en 1.976 por el arquitecto madrile\u00f1o Antonio Lamela. Es un claro ejemplo de &quot;empezar a construir la casa por el tejado\u201d ya que primero se realizaron los cimientos de hormig\u00f3n sobre los que se plantaron los dos pilares y la plataforma superior. Posteriormente se fueron construyendo las torres de <em>arriba abajo<\/em>. Fueron la sede central de la empresa Rumasa.<\/p>\n<p><strong>Palacete Armilla<\/strong>, de Ruiz de Salces y que hoy est\u00e1 convertido en hotel, pasando previamente por Banca Nacional.<\/p>\n<p>Avanzando por la Castellana, est\u00e1 <strong>la Quinta Burguera<\/strong>, desde 1.860 hasta 1.970. Fue la primera casa de la Castellana con un espl\u00e9ndido jard\u00edn, en donde Garrigues conoci\u00f3 los torneos de florete, en los que daban como premio una fruta.<\/p>\n<p><strong>El Palacio del Marqu\u00e9s de Villamejor<\/strong>. Fue sede del infante de Espa\u00f1a Carlos de Borb\u00f3n y Borb\u00f3n-Dos Sicilias, para su residencia poco tiempo antes de la boda con Luisa Mar\u00eda de Orleans, naciendo all\u00ed Mercedes de Borb\u00f3n.<\/p>\n<p>Carlos de Borb\u00f3n vendi\u00f3 el edificio al gobierno de Alfonso XIII para instalar la Presidencia del Consejo de Ministros. La planta baja y primera se adaptaron para Presidencia y la planta segunda fue ocupada por la Inspecci\u00f3n Civil de Guerra y Marina y del Protectorado de Marruecos. Las caballerizas desaparecieron para dejar lugar al archivo y otras dependencias. Son famosos los Consejos de Ministros presididos por Manuel Aza\u00f1a en el sal\u00f3n de Consejos. En esta etapa sus salones fueron reformados con gran lujo, y se decoraron con ara\u00f1as, cuadros y muebles tra\u00eddos del palacio de Riofr\u00edo.<\/p>\n<p>Despu\u00e9s de distintos usos durante la Guerra Civil, y su posterior remodelaci\u00f3n y ampliaci\u00f3n el arquitecto Diego M\u00e9ndez fue el encargado de la conservaci\u00f3n de la Presidencia del Gobierno desde 1.955, que despu\u00e9s de unas reparaciones iniciales, decidi\u00f3 la ampliaci\u00f3n de una nueva planta.<\/p>\n<p>Desde los a\u00f1os 1.980 el palacio de <strong>Villamejor<\/strong> alberg\u00f3 la sede de Ministerio de Administraciones P\u00fablicas de Espa\u00f1a, reconvertido en Secretar\u00eda de Estado desde 2.011. El aspecto exterior del palacio es sim\u00e9trico y equilibrado, enmarcado dentro de la corriente ecl\u00e9ctica de ra\u00edz clasicista, desligada ya de la corriente francesa del palacio de Ucesa. La fachada, combina los par\u00e1metros de ladrillo con los detalles ornamentales en piedra variando la decoraci\u00f3n por plantas.<\/p>\n<p><strong>La Capilla de los Alemanes.<\/strong> Se trata de la antigua capilla de la Embajada Alemana en Madrid que cedi\u00f3 un terreno junto a su edificio. El origen es a comienzos del siglo XX, cuando se sustituy\u00f3 la capilla luterana que hab\u00eda en un peque\u00f1o local de la calle Ventura de la Vega.<\/p>\n<p>Las obras se realizaron bajo la direcci\u00f3n del arquitecto alem\u00e1n Oskar J\u00fcrgens. De piedra, es uno de los pocos edificios de estilo bizantino de la capital, destacando en su interior una ara\u00f1a del siglo VII de estilo visig\u00f3tico. En 1.966 cuando la ya Rep\u00fablica Federal Alemana se traslada a su nueva sede en la calle Fortuny, la embajada es derribada, y sobre su solar, el arquitecto Miguel Fisac construy\u00f3 el edificio de IBM. No obstante, la capilla se salv\u00f3, y actualmente sigue desempe\u00f1ando sus funciones para la comunidad alemana en Madrid.<\/p>\n<p>En terrenos situados alrededor del Paseo del Cisne, actual Paseo de Eduardo Dato, se encontraba la <strong>Huerta de Espa\u00f1a<\/strong> cuyos or\u00edgenes son muy antiguos. Posteriormente se construir\u00eda uno de los barrios m\u00e1s exquisitos, ocupado por la aristocracia, conocido como el <strong>Barrio de Indo<\/strong>, formado por varios \u201choteles\u201d o palacetes construidos entre 1.870 y 1.877 por Agust\u00edn Ortiz de Villajos y el propio <strong>Palacio de Indo<\/strong>. Los edificios de este exclusivo barrio fueron de los m\u00e1s lujosos de Madrid, en los que habitaron arist\u00f3cratas o clases pudientes, junto a su numeroso servicio, a veces mucho m\u00e1s que la propia aristocracia. Posteriormente, en su lugar se construy\u00f3 un enorme edificio de oficinas en r\u00e9gimen de alquiler.<\/p>\n<p>A comienzos del siglo XX el duque de Montellano compr\u00f3 el edificio, aunque construy\u00f3 uno nuevo. El <strong>Palacete de Montellano<\/strong>, obra de los arquitectos Juan Bautista L\u00e1zaro y Joaqu\u00edn Salda\u00f1a, a su vez fue derribado en 1.966 para construir el edificio de La Uni\u00f3n y el F\u00e9nix, hoy Mutua Madrile\u00f1a.<\/p>\n<p>La actual sede de la Fiscal\u00eda General del Estado, era el antiguo <strong>Palacio del Marqu\u00e9s de Fontalba<\/strong>, del arquitecto Jose Mar\u00eda Mendoza Uss\u00eda, que recibi\u00f3 en 1.912, el premio de arquitectura del Ayuntamiento de Madrid a la mejor casa construida y que albergaba \u201cinteligentes innovaciones\u201d, como los aspiradores, uso de centralitas.<\/p>\n<p>El Palacio del <strong>duque de Anglada<\/strong>, tambi\u00e9n conocido como palacio del marqu\u00e9s de Larios por su posterior propietario. Construido  por Emilio Rodr\u00edguez Ayuso  fue considerado por muchos como de los mejores edificios levantados en la segunda mitad del siglo XIX.<\/p>\n<p>La vivienda se hallaba en el centro de un magn\u00edfico y frondoso parque de con\u00edferas formado por jardines geom\u00e9tricos, en los que se levantaron caballerizas, pabellones, casa del jardinero, etc. En el palacio se daban cita muy distintos estilos como elementos neoegipcios en la fachada, neocl\u00e1sicos en el patio y griego, romano, g\u00f3tico y renacimiento en los distintos salones. El edificio estaba construido en piedra y ladrillo. Ten\u00eda dos plantas y un \u00e1tico. Lo m\u00e1s notable de este palacio era el patio central, realizado por Contreras que reproduc\u00eda al mismo tama\u00f1o, el famoso Patio de los Leones de la Alhambra.<\/p>\n<p>Fue el primer Palacio derribado en 1.962 y en su solar se construy\u00f3 el Hotel Villa Magna. Los \u00e1rboles situados frente a la fachada del hotel pertenecen al antiguo palacio.<\/p>\n<p>El Palacio  del <strong>Marqu\u00e9s de Eliseda<\/strong>, data de 1.900 y est\u00e1 situado en la calle Marqu\u00e9s de Riscal, esquina al Paseo de la Castellana. Es de los pocos palacios que se conservan. En d\u00f3nde ten\u00eda el despacho Jos\u00e9 Antonio Primo de Rivera y algunos creen se fund\u00f3 la Falange en 1933, otros autores consideran que no hay datos que lo avalen. Hoy es sede de la Direcci\u00f3n General de la Juventud.<\/p>\n<p><img loading=\"lazy\" decoding=\"async\" width=\"360\" height=\"203\" src=\"http:\/\/www.prospereando.es\/wp-content\/uploads\/2015\/08\/5818e.jpg\" class=\"alignleft size-medium\" id=\"wp-image-3889\" title=\"Palacete Eliseda\" alt=\"Palacete Eliseda\" srcset=\"https:\/\/www.prospereando.es\/wp-content\/uploads\/2015\/08\/5818e.jpg 360w, https:\/\/www.prospereando.es\/wp-content\/uploads\/2015\/08\/5818e-300x169.jpg 300w\" sizes=\"auto, (max-width: 360px) 100vw, 360px\" \/><\/p>\n<p>El Palacete <strong>del Marqu\u00e9s de Mudela<\/strong>, dise\u00f1ado por el arquitecto Lorenzo Alvarez Capra, es un ejemplo m\u00e1s de espl\u00e9ndida integraci\u00f3n org\u00e1nica que posteriormente el arquitecto Rafael Moneo, logr\u00f3, de un palacete cl\u00e1sico de principios del siglo XX con un edificio moderno, de finales de siglo, con auditor\u00eda, cine\u2026 Ambos edificios forman el Conjunto Bankinter.<\/p>\n<p>El Palacio de <strong>Luca de Tena<\/strong>, en el Paseo de la Castellana junto al edificio de ABC, del arquitecto Jos\u00e9 L\u00f3pez Salaberri, que se encarg\u00f3 de numerosas obras en Madrid, entre otras la de abrir el primer tramo de la Gran V\u00eda. Cuentan que Jos\u00e9 Calvo-Sotelo hab\u00eda sido invitado al citado palacete,la noche de su detenci\u00f3n pero declin\u00f3 la invitaci\u00f3n.<\/p>\n<p>El Palacio <strong>de Asc\u00f3<\/strong>, que hoy es la Fundaci\u00f3n Rafael del Pino, ingeniero de Caminos, Canales y Puertos, que en 1.952 fund\u00f3 el Grupo Ferrovial  del que fue presidente hasta el a\u00f1o 2.000, cuando dej\u00f3 la presidencia en manos de uno de sus hijos, Rafael del Pino Calvo-Sotelo que  constituy\u00f3 la Fundaci\u00f3n que pretende mejorar la formaci\u00f3n de los futuros l\u00edderes.<\/p>\n<p>Y finalmente, el grupo se acerc\u00f3  al \u00faltimo y antiguo <strong>Palacete de Moreno Benitez<\/strong>, que perteneci\u00f3 al financiero que da nombre al edificio. Fue levantado por el arquitecto Joaqu\u00edn Salda\u00f1a en 1.904 y actualmente depende del Ministerio del Interior.<\/p>\n","protected":false},"excerpt":{"rendered":"<p> Fotos de Carmen Grijalba  Un grupo de vecinas y vecinos de Madrid hemos hecho un recorrido por el Paseo de la Castellana. Un paseo en el tiempo, imaginando el medio centenar de mansiones de distintos estilos: Neog\u00f3ticos, neo\u00e1rabes, neocl\u00e1sicos o modernistas, que alternaban el estilo Villajos, con ladrillo y granito y el estilo Salda\u00f1a, hasta nuestros d\u00edas, en los que solo han sobrevivido poco m\u00e1s de diez palacios.<\/p>\n","protected":false},"author":1,"featured_media":3889,"comment_status":"closed","ping_status":"open","sticky":false,"template":"","format":"standard","meta":{"footnotes":""},"categories":[8],"tags":[],"class_list":["post-2384","post","type-post","status-publish","format-standard","has-post-thumbnail","hentry","category-lugares-emblematicos","sent_by-gloria-cavanna"],"_links":{"self":[{"href":"https:\/\/www.prospereando.es\/index.php\/wp-json\/wp\/v2\/posts\/2384","targetHints":{"allow":["GET"]}}],"collection":[{"href":"https:\/\/www.prospereando.es\/index.php\/wp-json\/wp\/v2\/posts"}],"about":[{"href":"https:\/\/www.prospereando.es\/index.php\/wp-json\/wp\/v2\/types\/post"}],"author":[{"embeddable":true,"href":"https:\/\/www.prospereando.es\/index.php\/wp-json\/wp\/v2\/users\/1"}],"replies":[{"embeddable":true,"href":"https:\/\/www.prospereando.es\/index.php\/wp-json\/wp\/v2\/comments?post=2384"}],"version-history":[{"count":0,"href":"https:\/\/www.prospereando.es\/index.php\/wp-json\/wp\/v2\/posts\/2384\/revisions"}],"wp:featuredmedia":[{"embeddable":true,"href":"https:\/\/www.prospereando.es\/index.php\/wp-json\/wp\/v2\/media\/3889"}],"wp:attachment":[{"href":"https:\/\/www.prospereando.es\/index.php\/wp-json\/wp\/v2\/media?parent=2384"}],"wp:term":[{"taxonomy":"category","embeddable":true,"href":"https:\/\/www.prospereando.es\/index.php\/wp-json\/wp\/v2\/categories?post=2384"},{"taxonomy":"post_tag","embeddable":true,"href":"https:\/\/www.prospereando.es\/index.php\/wp-json\/wp\/v2\/tags?post=2384"}],"curies":[{"name":"wp","href":"https:\/\/api.w.org\/{rel}","templated":true}]}}