{"id":2383,"date":"2015-08-19T23:01:22","date_gmt":"2015-08-19T23:01:22","guid":{"rendered":"http:\/\/www.prospereando.es\/?p=2383"},"modified":"2015-08-30T23:22:45","modified_gmt":"2015-08-30T23:22:45","slug":"chamartin-prepara-sus-fiestas","status":"publish","type":"post","link":"https:\/\/www.prospereando.es\/index.php\/2015\/08\/19\/chamartin-prepara-sus-fiestas\/","title":{"rendered":"Chamart\u00edn prepara sus Fiestas"},"content":{"rendered":"<\/p>\n<p>Por primera vez desde que  las Juntas Municipales de Distrito se hacen cargo de las Fiestas, la jefa de la Unidad de Cultura de la Junta Municipal, Pilar Redondo, de acuerdo con el Concejal del Distrito Mauricio Valiente, han convocado a los Partidos con representaci\u00f3n Municipal y a todas las Asociaciones, cerca de sesenta, inscritas en el Distrito de Chamart\u00edn, para formar la Comisi\u00f3n de Fiestas y recoger as\u00ed las aportaciones de cada uno de los colectivos.<\/p>\n<p>De los Partidos asisti\u00f3 s\u00f3lo Ahora Madrid, de las Asociaciones Vecinales, la Colonia Primo de Rivera, El Madro\u00f1o y Valle-Incl\u00e1n, otros colectivos La Escuela Popular, Jaire, Orquesta Sinf\u00f3nica de Chamart\u00edn, escuela de M\u00fasica Artes Fin, Colectivo de Artistas Liberalia, Naturbana, Aso sin Barreras Chamart\u00edn, Amanecer, Casa de Arag\u00f3n,  representantes del 15M, Podemos y Ganemos Chamart\u00edn.<\/p>\n<p><img loading=\"lazy\" decoding=\"async\" width=\"360\" height=\"203\" src=\"http:\/\/www.prospereando.es\/wp-content\/uploads\/2015\/08\/5819b.jpg\" class=\"alignleft size-medium\" id=\"wp-image-3885\" title=\"Reuni\u00f3n\" alt=\"Reuni\u00f3n\" srcset=\"https:\/\/www.prospereando.es\/wp-content\/uploads\/2015\/08\/5819b.jpg 360w, https:\/\/www.prospereando.es\/wp-content\/uploads\/2015\/08\/5819b-300x169.jpg 300w\" sizes=\"auto, (max-width: 360px) 100vw, 360px\" \/><\/p>\n<p>Se respiraban aires nuevos y ventanas abiertas, ganas de participar y mucho que aportar, di\u00e1logo, escucha y la experiencia de trabajar juntos siendo diversos, con un deseo com\u00fan, hacer un barrios mejor, en el que todos y todas seamos ciudadanos, sujetos de derechos y deberes intentando celebrar juntos.<\/p>\n<p>Ya se han tenido dos encuentros, en el Centro Nicol\u00e1s Salmer\u00f3n y en la Junta Municipal, y el tercero est\u00e1 convocado para el 17 de agosto, hay poco tiempo para llevar a cabo lo que se propone. Nos comunicaron que este a\u00f1o estaba ya cerrado el acuerdo con las Pymes Chamart\u00edn y la Junta Municipal se encargar\u00e1 de adecuar lo contratado con las aportaciones de los vecinos\/as.<\/p>\n<p>Se propusieron actividades varias con un claro tinte cultural, que se agruparon por temas: infantiles, deportivas, musicales, talleres participativos, concurso de pintura r\u00e1pida. Y otra novedad  es que durante las fiestas se quiere llevar a cabo  jornadas de Puertas abiertas en Museos, Edificios hist\u00f3ricos del Distrito, as\u00ed como en los Polideportivos de Chamart\u00edn y Pradillo. Tambi\u00e9n se propuso un paseo hist\u00f3rico guiado por el Distrito, y el anuncio de las Fiestas con un Pasacalles encabezado por una batucada.<\/p>\n<p>Tambi\u00e9n se habl\u00f3 de proponer el Lema de las Fiestas, colaboraciones voluntarias, para el C\u00e1rtel, ya que no hab\u00eda tiempo de hacer un concurso p\u00fablico y se expres\u00f3 que el Preg\u00f3n, fuera m\u00e1s por personas significativas del Distrito, incluida la representaci\u00f3n vecinal.<\/p>\n<p>Este a\u00f1o no ser\u00e1 posible ampliar las Fiestas a otros puntos, barrios del Distrito, pero se recoge el deseo y la necesidad de ello, para las pr\u00f3ximas Fiestas.<\/p>\n<p>Para terminar, aunque es importante el <strong>final del camino<\/strong>, es decir las Fiestas, tambi\u00e9n lo es el <strong>mismo camino<\/strong>, realizado entre todos y todas.<\/p>\n","protected":false},"excerpt":{"rendered":"<p>Por primera vez desde que las Juntas Municipales de Distrito se hacen cargo de las Fiestas, la jefa de la Unidad de Cultura de la Junta Municipal, Pilar Redondo, de acuerdo con el Concejal del Distrito Mauricio Valiente, han convocado a los Partidos con representaci\u00f3n Municipal y a todas las Asociaciones, cerca de sesenta, inscritas en el Distrito de Chamart\u00edn, para formar la Comisi\u00f3n de Fiestas y recoger as\u00ed las aportaciones de cada uno de los colectivos.<\/p>\n","protected":false},"author":1,"featured_media":0,"comment_status":"closed","ping_status":"open","sticky":false,"template":"","format":"standard","meta":{"footnotes":""},"categories":[26],"tags":[],"class_list":["post-2383","post","type-post","status-publish","format-standard","hentry","category-nuestro-barrio","sent_by-gloria-cavanna"],"_links":{"self":[{"href":"https:\/\/www.prospereando.es\/index.php\/wp-json\/wp\/v2\/posts\/2383","targetHints":{"allow":["GET"]}}],"collection":[{"href":"https:\/\/www.prospereando.es\/index.php\/wp-json\/wp\/v2\/posts"}],"about":[{"href":"https:\/\/www.prospereando.es\/index.php\/wp-json\/wp\/v2\/types\/post"}],"author":[{"embeddable":true,"href":"https:\/\/www.prospereando.es\/index.php\/wp-json\/wp\/v2\/users\/1"}],"replies":[{"embeddable":true,"href":"https:\/\/www.prospereando.es\/index.php\/wp-json\/wp\/v2\/comments?post=2383"}],"version-history":[{"count":0,"href":"https:\/\/www.prospereando.es\/index.php\/wp-json\/wp\/v2\/posts\/2383\/revisions"}],"wp:attachment":[{"href":"https:\/\/www.prospereando.es\/index.php\/wp-json\/wp\/v2\/media?parent=2383"}],"wp:term":[{"taxonomy":"category","embeddable":true,"href":"https:\/\/www.prospereando.es\/index.php\/wp-json\/wp\/v2\/categories?post=2383"},{"taxonomy":"post_tag","embeddable":true,"href":"https:\/\/www.prospereando.es\/index.php\/wp-json\/wp\/v2\/tags?post=2383"}],"curies":[{"name":"wp","href":"https:\/\/api.w.org\/{rel}","templated":true}]}}