{"id":2382,"date":"2015-07-22T10:46:12","date_gmt":"2015-07-22T10:46:12","guid":{"rendered":"http:\/\/www.prospereando.es\/?p=2382"},"modified":"2015-07-23T00:46:52","modified_gmt":"2015-07-23T00:46:52","slug":"visita-madrid-rio-2-parte","status":"publish","type":"post","link":"https:\/\/www.prospereando.es\/index.php\/2015\/07\/22\/visita-madrid-rio-2-parte\/","title":{"rendered":"VISITA MADRID RIO 2 parte."},"content":{"rendered":"<\/p>\n<p><strong>Un poco  de Historia del Matadero.<\/strong> <\/p>\n<p>Se remonta  a la \u00e9poca de los Reyes Cat\u00f3licos. Estaba en las afueras de la ciudad, junto con la casa de la Carnicer\u00eda en la actual Plaza Mayor. Estaba regulado  por el Municipio la matanza de reses, no as\u00ed la de cerdos, que era dom\u00e9stica.<\/p>\n<p>En el siglo XVII se encontraba en la actual Plaza de Cascorro y de ah\u00ed el nombre del Rastro, por el rastro, por las se\u00f1ales que iban dejando las reses en su traslado. Las Rondas eran los espacios en d\u00f3nde se situaban los controles de la entrada de la mercanc\u00eda a la ciudad, evitando la entrada clandestina de los productos. En el siglo XIX, se traslad\u00f3 de las inmediaciones de la Puerta de Toledo a la dehesa de Arganzuela.<\/p>\n<p>Se hizo un concurso p\u00fablico, lo gan\u00f3 Salda\u00f1a, aunque no lleg\u00f3 a realizarlo. En 1910-20, se le encargo al arquitecto municipal Luis Bellido y Gonz\u00e1lez, dedicado a la \u201carquitectura industrial\u201d que despu\u00e9s de visitar  los de Par\u00eds y Londres, se decide por el modelo alem\u00e1n. De la construcci\u00f3n, se encarg\u00f3 el ingeniero Jos\u00e9 Eugenio Ribera\n<\/p>\n<p>Su construcci\u00f3n se demor\u00f3 por la guerra Mundial, dada la escasez de hierro. Los materiales empleados eran los mismos que los de otros edificios madrile\u00f1os: piedra berroque\u00f1a en z\u00f3calos, ladrillo vista y mamposter\u00eda descubierta, claro  estilo  neomudejar\n<\/p>\n<p><img loading=\"lazy\" decoding=\"async\" width=\"360\" height=\"271\" src=\"http:\/\/www.prospereando.es\/wp-content\/uploads\/2015\/07\/5822b.jpg\" class=\"alignleft size-medium\" id=\"wp-image-3875\" title=\"Casa del Reloj\" alt=\"Casa del Reloj\" srcset=\"https:\/\/www.prospereando.es\/wp-content\/uploads\/2015\/07\/5822b.jpg 360w, https:\/\/www.prospereando.es\/wp-content\/uploads\/2015\/07\/5822b-300x226.jpg 300w\" sizes=\"auto, (max-width: 360px) 100vw, 360px\" \/><\/p>\n<p><strong>La Casa del Reloj<\/strong><\/p>\n<p>Inicialmente lo formaban 48 edificios, que m\u00e1s tarde se ampliaron a 64. En los a\u00f1os 30, el mismo Bellido, instal\u00f3 el edificio  dedicado al matadero de aves y gallinas.  Los edificios  est\u00e1n dispuestos seg\u00fan las funciones  del sacrificio de las reses y finalmente venta a mercados de abastos.<\/p>\n<p>Dise\u00f1ado desde el comienzo como \u201cespacio abierto\u201d, qued\u00f3 una especie de plaza interior, posteriormente convertida en espacio cultural  llamada  \u201cPlaza del Matadero\u201d.\n<\/p>\n<p>A principios de los ochenta, quedaron libres de uso el pabell\u00f3n de Direcci\u00f3n, conocido como Casa del Reloj, que  era la Oficina de contrataci\u00f3n, pas\u00f3 a ser la sede de la Junta Municipal de Arganzuela. En los antiguos establos de vacuno se ubic\u00f3 la sede permanente de la Compa\u00f1\u00eda Nacional de Danza y el Ballet Nacional de Espa\u00f1a,  y el antiguo establo que se convirti\u00f3  en el Palacio de Cristal de Arganzuela. Un conjunto de invernaderos reproducen el clima de zonas tropicales y subtropicales.<\/p>\n<p>Tras la Guerra Civil,  el matadero continu\u00f3 en uso. En algunas \u00e1reas de la zona del mercado de ganados se implement\u00f3 un almac\u00e9n de patatas en 1940, as\u00ed como construcci\u00f3n de locales de \u00edndole social. No obstante se continuaba utilizando las instalaciones como matadero, una prueba es que en el a\u00f1o 1943 el arquitecto Miguel Angel Esteve dise\u00f1\u00f3 un pabell\u00f3n de autopsias y an\u00e1lisis de reses: El laboratorio.<\/p>\n<p>Las instalaciones se fueron quedando obsoletas  y en 1996 se cerr\u00f3 definitivamente. Gracias a la creciente conciencia en defensa del patrimonio  urbano, que culmin\u00f3 en el Cat\u00e1logo de Edificios Protegidos, se evit\u00f3 su demolici\u00f3n, como hab\u00eda pasado con otros espacios p\u00fablicos, como el Mercado de Olavide.<\/p>\n<p>En 2003 se decidi\u00f3 su transformaci\u00f3n en un espacio cultural conocido como <strong>Matadero Madrid<\/strong>, que abri\u00f3 sus puertas en 2007<\/p>\n<p>La restauraci\u00f3n elimin\u00f3 elementos a\u00f1adidos posteriores a la construcci\u00f3n, as\u00ed como el sistema a\u00e9reo de transporte de reses mediante monorrieles. Las dos naves de deg\u00fcello de vacuno (las primeras en ser restauradas) son actualmente la Casa del Lector de la Fundaci\u00f3n S\u00e1nchez Ruip\u00e9rez  (desde el 3 de marzo de 2002).<\/p>\n<p>El resto de naves de deg\u00fcello est\u00e1 ocupado desde la rehabilitaci\u00f3n del conjunto por el espacio denominado Naves del Espa\u00f1ol dedicado al teatro <\/p>\n<p><strong>Los Puentes del invernadero y matadero<\/strong>,  gemelos.  Son dos b\u00f3vedas ligeras de hormig\u00f3n, que se asemejan a una canoa invertida, de las que cuelgan sendos tableros ligeros mediante tensores.<\/p>\n<p>Para la construcci\u00f3n de los puentes se realiz\u00f3, provisionalmente, una pen\u00ednsula artificial de tierra dentro del r\u00edo donde apoyar los micropilotes, que fue retirada una vez concluida la obra civil.<\/p>\n<p>Fueron concebidas no solo como elementos de paso sino como miradores. La b\u00f3veda fue  ornada posteriormente  por Daniel Canogar<\/p>\n<p><img loading=\"lazy\" decoding=\"async\" width=\"360\" height=\"271\" src=\"http:\/\/www.prospereando.es\/wp-content\/uploads\/2015\/07\/5822f.jpg\" class=\"alignleft size-medium\" id=\"wp-image-3876\" title=\"Techo\" alt=\"Techo\" srcset=\"https:\/\/www.prospereando.es\/wp-content\/uploads\/2015\/07\/5822f.jpg 360w, https:\/\/www.prospereando.es\/wp-content\/uploads\/2015\/07\/5822f-300x226.jpg 300w\" sizes=\"auto, (max-width: 360px) 100vw, 360px\" \/><\/p>\n<p>Para construir el cascar\u00f3n se realiz\u00f3 un encofrado de madera que fue fabricado a mano durante 6 meses. Este aspecto artesanal le confiere al acabado final del hormig\u00f3n un aspecto que recuerda a la arquitectura brutalista de los a\u00f1os 60 del siglo XX.<\/p>\n<p>Consiste en un gran mosaico realizado con peque\u00f1as teselas de vidrio. La imagen representa a los vecinos de los dos barrios que unen estas pasarelas.<\/p>\n<p>En cada puente, 25 ciudadanos an\u00f3nimos de ambas orillas del r\u00edo, representan la diversidad de gente de la zona, en actitud muy din\u00e1mica y con una est\u00e9tica contempor\u00e1nea. Sobre un fondo azul oscuro se recortan las siluetas de estos personajes en colores vivos que, flotando bajo la b\u00f3veda, provocan una sensaci\u00f3n envolvente en el espectador.<\/p>\n<p><img loading=\"lazy\" decoding=\"async\" width=\"360\" height=\"270\" src=\"http:\/\/www.prospereando.es\/wp-content\/uploads\/2015\/07\/5822g.jpg\" class=\"alignleft size-medium\" id=\"wp-image-3877\" title=\"Techo 2\" alt=\"Techo 2\" srcset=\"https:\/\/www.prospereando.es\/wp-content\/uploads\/2015\/07\/5822g.jpg 360w, https:\/\/www.prospereando.es\/wp-content\/uploads\/2015\/07\/5822g-300x225.jpg 300w\" sizes=\"auto, (max-width: 360px) 100vw, 360px\" \/><\/p>\n<p><img loading=\"lazy\" decoding=\"async\" width=\"360\" height=\"269\" src=\"http:\/\/www.prospereando.es\/wp-content\/uploads\/2015\/07\/5822h.jpg\" class=\"alignleft size-medium\" id=\"wp-image-3878\" title=\"Techo 3\" alt=\"Techo 3\" srcset=\"https:\/\/www.prospereando.es\/wp-content\/uploads\/2015\/07\/5822h.jpg 360w, https:\/\/www.prospereando.es\/wp-content\/uploads\/2015\/07\/5822h-300x224.jpg 300w\" sizes=\"auto, (max-width: 360px) 100vw, 360px\" \/><\/p>\n<p><img loading=\"lazy\" decoding=\"async\" width=\"360\" height=\"272\" src=\"http:\/\/www.prospereando.es\/wp-content\/uploads\/2015\/07\/5822i.jpg\" class=\"alignleft size-medium\" id=\"wp-image-3879\" title=\"Techo 4\" alt=\"Techo 4\" srcset=\"https:\/\/www.prospereando.es\/wp-content\/uploads\/2015\/07\/5822i.jpg 360w, https:\/\/www.prospereando.es\/wp-content\/uploads\/2015\/07\/5822i-300x227.jpg 300w\" sizes=\"auto, (max-width: 360px) 100vw, 360px\" \/><\/p>\n<p><img loading=\"lazy\" decoding=\"async\" width=\"360\" height=\"270\" src=\"http:\/\/www.prospereando.es\/wp-content\/uploads\/2015\/07\/5822j.jpg\" class=\"alignleft size-medium\" id=\"wp-image-3880\" title=\"Techo 5\" alt=\"Techo 5\" srcset=\"https:\/\/www.prospereando.es\/wp-content\/uploads\/2015\/07\/5822j.jpg 360w, https:\/\/www.prospereando.es\/wp-content\/uploads\/2015\/07\/5822j-300x225.jpg 300w\" sizes=\"auto, (max-width: 360px) 100vw, 360px\" \/><\/p>\n<p><strong>Pasarella Perralult<\/strong>, Pasarela Arganzuela,  puente peatonal y tambi\u00e9n para ciclistas, que une  las dos orillas del rio Manzanares. Situado en un punto estrat\u00e9gico de la ciudad, la pasarela mejora las conexiones urbanas entre los barrios del norte y del sur de la capital espa\u00f1ola, a la vez que crea un nuevo lugar de reuni\u00f3n que permite descansar y admirar la ciudad puede ver el conocido Puente de Toledo, construido entre 1718 y 1732 por el arquitecto Pedro de Rivera. La nueva pasarela se encuentra entre este puente y el Puente de Praga, uniendo el barrio de Arganzuela con el de Carabanchel.<\/p>\n<p>Estos dos conos que se encuentran en la parte m\u00e1s alta del terreno no tienen un eje continuo, est\u00e1n desplazadas entre s\u00ed. Una parte de la pasarela de 278 metros de longitud, cruza el r\u00edo Manzanares, la otra se despliega sobre el Parque de la Arganzuela, por debajo del cual corre la carretera de circunvalaci\u00f3n de la ciudad<\/p>\n<p>La estructura autoportante helicoidal, con forma de cono, est\u00e1 formada por dos espirales internos de metal entrelazados que se cruzan diagonalmente y cuyas costillas est\u00e1n envueltas con cintas met\u00e1licas. Listones de madera separados entre s\u00ed, forman el suelo, permitiendo de este modo que el sol los atraviese e ilumine la parte del parque que queda debajo.<\/p>\n<p><img loading=\"lazy\" decoding=\"async\" width=\"250\" height=\"446\" src=\"http:\/\/www.prospereando.es\/wp-content\/uploads\/2015\/07\/5822k.jpg\" class=\"alignleft size-medium\" id=\"wp-image-3881\" title=\"Tubo\" alt=\"Tubo\" srcset=\"https:\/\/www.prospereando.es\/wp-content\/uploads\/2015\/07\/5822k.jpg 250w, https:\/\/www.prospereando.es\/wp-content\/uploads\/2015\/07\/5822k-168x300.jpg 168w\" sizes=\"auto, (max-width: 250px) 100vw, 250px\" \/><\/p>\n<p>Desde ese gigante caracol se puede observar a derecha e izquierda no solo la obra de ingenier\u00eda realizada en esta pasarela, sino tambi\u00e9n el cauce del r\u00edo transcurriendo mansamente bajo los puentes de \u00e9pocas no muy lejanas empeque\u00f1ecidos por la espectacularidad de \u00e9ste.<\/p>\n<p>Estos dos conos que se encuentran en la parte m\u00e1s alta del terreno no tienen un eje continuo, est\u00e1n desplazadas entre s\u00ed. Una parte de la pasarela de 278 metros de longitud, cruza el r\u00edo Manzanares, la otra se despliega sobre el Parque de la Arganzuela, por debajo del cual corre la carretera de circunvalaci\u00f3n de la ciudad<\/p>\n<p>La estructura autoportante helicoidal, con forma de cono, est\u00e1 formada por dos espirales internos de metal entrelazados que se cruzan diagonalmente y cuyas costillas est\u00e1n envueltas con cintas met\u00e1licas. Listones de madera separados entre s\u00ed, forman el suelo, permitiendo de este modo que el sol los atraviese e ilumine la parte del parque que queda debajo.<\/p>\n<p>Contemplando el paisaje del r\u00edo y sus alrededores a trav\u00e9s de los curiosos marcos cambiantes que nos ofrece la geometr\u00eda del puente llegamos lado opuesto.<\/p>\n<p>Dejamos atr\u00e1s el t\u00fanel de hierro horadado y nos dirigimos hacia el bell\u00edsimo puente de piedra construido por el arquitecto Pedro de Ribera. Como varios puentes anteriores hab\u00edan sido arrastrados por la corriente, \u00e9ste decidi\u00f3 alargarlo m\u00e1s all\u00e1 del cauce adem\u00e1s de poner enormes contrafuertes y piedras sillares en sus pilares. No solo result\u00f3 ser resistente a las crecidas sino que  posee la belleza de su armon\u00eda y clasicismo. Se comenz\u00f3 en 1715 y se acab\u00f3 en 1735<\/p>\n<p><img loading=\"lazy\" decoding=\"async\" width=\"360\" height=\"202\" src=\"http:\/\/www.prospereando.es\/wp-content\/uploads\/2015\/07\/5822e.jpg\" class=\"alignleft size-medium\" id=\"wp-image-3882\" title=\"Puente Toledo\" alt=\"Puente Toledo\" srcset=\"https:\/\/www.prospereando.es\/wp-content\/uploads\/2015\/07\/5822e.jpg 360w, https:\/\/www.prospereando.es\/wp-content\/uploads\/2015\/07\/5822e-300x168.jpg 300w\" sizes=\"auto, (max-width: 360px) 100vw, 360px\" \/><\/p>\n<p>Pasando bajo uno de los nueve arcos que forman el puente llegamos a la calle de Antonio L\u00f3pez camino de la Pradera de San Isidro.<\/p>\n<p>Con anterioridad a la construcci\u00f3n de la ermita eran  tierras de campo y de labor, La romer\u00eda asociada al santo, consist\u00eda en ir a beber el agua milagrosa que brotaba de la fuente y fue inmortalizada por Francisco de Goya, quien en muchas ocasiones acudi\u00f3 a Carabanchel para retratar al pueblo y sus costumbres y tradiciones cuyo c\u00e9lebre cuadro se encuentra en el Museo del Prado<br \/>\nComo v\u00edspera del Santo los vendedores se afanaban en acabar sus puestos para colocar las viandas de la fecha: rosquillas: tontas, listas, de santa clara, embutidos y quesos de todo el pa\u00eds, etc. Por el camino nos encontramos escolares, algunos con trajes de chulos.<\/p>\n<p><img loading=\"lazy\" decoding=\"async\" width=\"360\" height=\"202\" src=\"http:\/\/www.prospereando.es\/wp-content\/uploads\/2015\/07\/5822c.jpg\" class=\"alignleft size-medium\" id=\"wp-image-3883\" title=\"Ermita\" alt=\"Ermita\" srcset=\"https:\/\/www.prospereando.es\/wp-content\/uploads\/2015\/07\/5822c.jpg 360w, https:\/\/www.prospereando.es\/wp-content\/uploads\/2015\/07\/5822c-300x168.jpg 300w\" sizes=\"auto, (max-width: 360px) 100vw, 360px\" \/><\/p>\n<p>Llegamos a la ermita del Santo<\/p>\n<p><strong>La ermita de San Isidro<\/strong>  est\u00e1 dedicada al santo patr\u00f3n de la ciudad, San Isidro Labrador. Situada en el paseo de la Ermita del Santo, al final del paseo del Quince de Mayo. El origen de la primera ermita data de 1528, cuando la emperatriz Isabel de Portugal, esposa de Carlos I, orden\u00f3 su construcci\u00f3n junto al manantial cuya agua la tradici\u00f3n popular considera milagrosa  A las aguas de este manantial se le atribuye la curaci\u00f3n del hijo de la reina Isabel de Portugal, el futuro rey Felipe II. La ermita actual es una segunda edificaci\u00f3n que data del a\u00f1o 1.725. El exterior es simple y elegante y muestra, sobre el atrio, una fachada a modo de espada\u00f1a-campanario rematada con front\u00f3n triangular.<\/p>\n<p>El lugar donde se ubica la ermita fueron unas tierras pertenecientes a Iv\u00e1n de Vargas en Carabanchel, que  era el patr\u00f3n que contrat\u00f3 a San Isidro como pocero y labrador. El manantial exist\u00eda ya desde el siglo XII, en vida de San Isidro. Situada al borde del r\u00edo Manzanares, al otro lado de las ermitas de la  Virgen del Puerto y de San Antonio de la Florida, es la \u00fanica de sus contempor\u00e1neas que mantiene una continuidad con el edificio original entre el barroco culto y el castizo.<\/p>\n<p>A mediados del siglo XX el pozo queda cancelado y la fuente se conecta al Canal de Isabel II. Pero no ha sido obst\u00e1culo para mantener la tradici\u00f3n cada 15 de mayo.<\/p>\n<p><img loading=\"lazy\" decoding=\"async\" width=\"360\" height=\"200\" src=\"http:\/\/www.prospereando.es\/wp-content\/uploads\/2015\/07\/5822d.jpg\" class=\"alignleft size-medium\" id=\"wp-image-3884\" title=\"Ermita 2\" alt=\"Ermita 2\" srcset=\"https:\/\/www.prospereando.es\/wp-content\/uploads\/2015\/07\/5822d.jpg 360w, https:\/\/www.prospereando.es\/wp-content\/uploads\/2015\/07\/5822d-300x167.jpg 300w\" sizes=\"auto, (max-width: 360px) 100vw, 360px\" \/><\/p>\n<p>Es un sencillo templo, de luminosidad interior, con planta de sal\u00f3n, nave \u00fanica de tres tramos cubierta por b\u00f3vedas de ca\u00f1\u00f3n sobre arcos fajones con lunetas laterales, coro y p\u00f3rtico a los pies, altar bajo retablo con calle central y dos laterales sostenidos por grandes columnas salom\u00f3nicas y una sobria c\u00fapula de media.<\/p>\n","protected":false},"excerpt":{"rendered":"<p>Un poco de Historia del Matadero. Se remonta a la \u00e9poca de los Reyes Cat\u00f3licos. Estaba en las afueras de la ciudad, junto con la casa de la Carnicer\u00eda en la actual Plaza Mayor. Estaba regulado por el Municipio la matanza de reses, no as\u00ed la de cerdos, que era dom\u00e9stica.<\/p>\n","protected":false},"author":1,"featured_media":0,"comment_status":"closed","ping_status":"open","sticky":false,"template":"","format":"standard","meta":{"footnotes":""},"categories":[8],"tags":[],"class_list":["post-2382","post","type-post","status-publish","format-standard","hentry","category-lugares-emblematicos","sent_by-pilar-leon"],"_links":{"self":[{"href":"https:\/\/www.prospereando.es\/index.php\/wp-json\/wp\/v2\/posts\/2382","targetHints":{"allow":["GET"]}}],"collection":[{"href":"https:\/\/www.prospereando.es\/index.php\/wp-json\/wp\/v2\/posts"}],"about":[{"href":"https:\/\/www.prospereando.es\/index.php\/wp-json\/wp\/v2\/types\/post"}],"author":[{"embeddable":true,"href":"https:\/\/www.prospereando.es\/index.php\/wp-json\/wp\/v2\/users\/1"}],"replies":[{"embeddable":true,"href":"https:\/\/www.prospereando.es\/index.php\/wp-json\/wp\/v2\/comments?post=2382"}],"version-history":[{"count":0,"href":"https:\/\/www.prospereando.es\/index.php\/wp-json\/wp\/v2\/posts\/2382\/revisions"}],"wp:attachment":[{"href":"https:\/\/www.prospereando.es\/index.php\/wp-json\/wp\/v2\/media?parent=2382"}],"wp:term":[{"taxonomy":"category","embeddable":true,"href":"https:\/\/www.prospereando.es\/index.php\/wp-json\/wp\/v2\/categories?post=2382"},{"taxonomy":"post_tag","embeddable":true,"href":"https:\/\/www.prospereando.es\/index.php\/wp-json\/wp\/v2\/tags?post=2382"}],"curies":[{"name":"wp","href":"https:\/\/api.w.org\/{rel}","templated":true}]}}