{"id":2381,"date":"2015-07-22T10:36:40","date_gmt":"2015-07-22T10:36:40","guid":{"rendered":"http:\/\/www.prospereando.es\/?p=2381"},"modified":"2015-07-23T00:13:50","modified_gmt":"2015-07-23T00:13:50","slug":"34-marea-blanca","status":"publish","type":"post","link":"https:\/\/www.prospereando.es\/index.php\/2015\/07\/22\/34-marea-blanca\/","title":{"rendered":"34 MAREA BLANCA"},"content":{"rendered":"<\/p>\n<p>La 34 MAREA BLANCA ha tenido lugar en la ma\u00f1ana del domingo 19 de julio en forma de una concentraci\u00f3n en el Paseo del Prado frente al Ministerio de Sanidad<\/p>\n<p>\u00bfEl motivo?. Que un a\u00f1o m\u00e1s el Gobierno Regional cerrar\u00e1 camas hospitalarias en \u00e9poca estival, bajo el pretexto de una menor demanda asistencial. Se reivindica una Sanidad 100X 100 P\u00fablica y de Calidad.<\/p>\n<p><img loading=\"lazy\" decoding=\"async\" width=\"300\" height=\"428\" src=\"http:\/\/www.prospereando.es\/wp-content\/uploads\/2015\/07\/5820b.jpg\" class=\"alignleft size-medium\" id=\"wp-image-3873\" title=\"Marea Blanca 34\" alt=\"Marea blanca 34\" srcset=\"https:\/\/www.prospereando.es\/wp-content\/uploads\/2015\/07\/5820b.jpg 300w, https:\/\/www.prospereando.es\/wp-content\/uploads\/2015\/07\/5820b-210x300.jpg 210w\" sizes=\"auto, (max-width: 300px) 100vw, 300px\" \/><\/p>\n<p>Convocados por la Mesa en Defensa de la Sanidad P\u00fablica, y el Encuentro entre otras Plataformas  y con el lema: <strong>\u201cSi no hay recortes, \u00bfpor qu\u00e9 cierran las camas?\u201d<\/strong> varios centenares de personas han permanecido durante m\u00e1s de una hora coreando esl\u00f3ganes delante del Ministerio de Sanidad, Servicios Sociales e Igualdad.<\/p>\n<p>Se repet\u00eda: \u201dSanidad, P\u00fablica\u201d; \u201cestas son las manos que lavan tu ropa\u201d en referencia a la privatizaci\u00f3n de la Lavander\u00eda de la Comunidad de Madrid y \u201cTratamiento para todos\u201d y \u201c No son muertes son asesinatos\u201d, exigiendo el tratamiento ya para los pacientes afectados de Hepatitis C.<\/p>\n<p>Peque\u00f1as pancartas surcaban la Marea con textos de : \u201cRecortes homicidas en Sanidad\u201d; \u201cRecortar Sanidad Corrupci\u00f3n moral\u201d; \u201cLa Salud y la Vida son de Justicia\u201d; \u201c\u201dCurar al PP\u201d; \u201dSalvar lo p\u00fablico, Gesti\u00f3n p\u00fablica\u201d; \u201cRoban tu Salud, los recortes matan\u201d; \u201c Sanidad Negocio NO\u201d.<\/p>\n<p>Entre los presentes no deca\u00eda el \u00e1nimo, profesionales sanitarios, entre los que se  pod\u00eda destacar a los doctores Ruiz-Jimenez,  Luis Montes y S\u00e1nchez Bayle, se hac\u00edan eco de la necesidad de seguir reclamando la Sanidad P\u00fablica, Universal y de Calidad.<\/p>\n<p><img loading=\"lazy\" decoding=\"async\" width=\"360\" height=\"270\" src=\"http:\/\/www.prospereando.es\/wp-content\/uploads\/2015\/07\/5820c.jpg\" class=\"alignleft size-medium\" id=\"wp-image-3874\" title=\"Ante el ministerio de Sanidad\" alt=\"Ante el ministerio\" srcset=\"https:\/\/www.prospereando.es\/wp-content\/uploads\/2015\/07\/5820c.jpg 360w, https:\/\/www.prospereando.es\/wp-content\/uploads\/2015\/07\/5820c-300x225.jpg 300w\" sizes=\"auto, (max-width: 360px) 100vw, 360px\" \/><\/p>\n<p>Carmen Esbr\u00ed  y Jes\u00fas Escudero cerraron el acto con la lectura del Manifiesto de la 34 Marea Blanca en el que se remarc\u00f3  que las pol\u00edticas de recortes y p\u00e9rdida de derechos siguen siendo el com\u00fan denominador de las pol\u00edticas sanitarias del nuevo gobierno regional, como son la disminuci\u00f3n de las plantillas en los Centros, el incremento de las listas de espera y el colapso en las Urgencias. Igualmente se dijo que el consabido cierre de camas hospitalarias es debido a la falta de cobertura de las vacantes producidas como consecuencia del periodo vacacional.<\/p>\n","protected":false},"excerpt":{"rendered":"<p>La 34 MAREA BLANCA ha tenido lugar en la ma\u00f1ana del domingo 19 de julio en forma de una concentraci\u00f3n en el Paseo del Prado frente al Ministerio de Sanidad<\/p>\n","protected":false},"author":1,"featured_media":0,"comment_status":"closed","ping_status":"open","sticky":false,"template":"","format":"standard","meta":{"footnotes":""},"categories":[11],"tags":[],"class_list":["post-2381","post","type-post","status-publish","format-standard","hentry","category-sanidad","sent_by-maribel-rodriguez-gorostiza"],"_links":{"self":[{"href":"https:\/\/www.prospereando.es\/index.php\/wp-json\/wp\/v2\/posts\/2381","targetHints":{"allow":["GET"]}}],"collection":[{"href":"https:\/\/www.prospereando.es\/index.php\/wp-json\/wp\/v2\/posts"}],"about":[{"href":"https:\/\/www.prospereando.es\/index.php\/wp-json\/wp\/v2\/types\/post"}],"author":[{"embeddable":true,"href":"https:\/\/www.prospereando.es\/index.php\/wp-json\/wp\/v2\/users\/1"}],"replies":[{"embeddable":true,"href":"https:\/\/www.prospereando.es\/index.php\/wp-json\/wp\/v2\/comments?post=2381"}],"version-history":[{"count":0,"href":"https:\/\/www.prospereando.es\/index.php\/wp-json\/wp\/v2\/posts\/2381\/revisions"}],"wp:attachment":[{"href":"https:\/\/www.prospereando.es\/index.php\/wp-json\/wp\/v2\/media?parent=2381"}],"wp:term":[{"taxonomy":"category","embeddable":true,"href":"https:\/\/www.prospereando.es\/index.php\/wp-json\/wp\/v2\/categories?post=2381"},{"taxonomy":"post_tag","embeddable":true,"href":"https:\/\/www.prospereando.es\/index.php\/wp-json\/wp\/v2\/tags?post=2381"}],"curies":[{"name":"wp","href":"https:\/\/api.w.org\/{rel}","templated":true}]}}