{"id":23776,"date":"2023-11-25T19:06:06","date_gmt":"2023-11-25T18:06:06","guid":{"rendered":"http:\/\/www.prospereando.es\/?p=23776"},"modified":"2023-11-25T19:06:46","modified_gmt":"2023-11-25T18:06:46","slug":"acto-en-solidaridad-con-el-pueblo-palestino","status":"publish","type":"post","link":"https:\/\/www.prospereando.es\/index.php\/2023\/11\/25\/acto-en-solidaridad-con-el-pueblo-palestino\/","title":{"rendered":"Acto en solidaridad con el pueblo palestino"},"content":{"rendered":"<p align=\"LEFT\"><img loading=\"lazy\" decoding=\"async\" class=\" wp-image-23777 aligncenter\" src=\"http:\/\/www.prospereando.es\/wp-content\/uploads\/2023\/11\/solidaridadpalestina1-300x287.jpg\" alt=\"\" width=\"621\" height=\"594\" srcset=\"https:\/\/www.prospereando.es\/wp-content\/uploads\/2023\/11\/solidaridadpalestina1-300x287.jpg 300w, https:\/\/www.prospereando.es\/wp-content\/uploads\/2023\/11\/solidaridadpalestina1.jpg 600w\" sizes=\"auto, (max-width: 621px) 100vw, 621px\" \/><\/p>\n<p align=\"LEFT\">El domingo 12 de noviembre se celebr\u00f3 en la Escuela de la Prospe una acto de solidaridad con el pueblo palestino, que cont\u00f3 con la participaci\u00f3n de tres destacados miembros de la comunidad palestina en Madrid: Majed Dibsi (jurista y periodista palestino), Selma (del Movimiento de Mujeres Palestinas Alkarama) y Selim (del BDS, Boicot, Desinversiones y Sanciones a Israel). Representantes como ellos mismos dijeron de tres generaciones de personas palestinas en lucha para liberar su tierra. El acto cont\u00f3 con la participaci\u00f3n de unas 70 personas, tanto de la propia Escuela, como de la AA.VV. Valle-Incl\u00e1n, como de otros colectivos, vecinos y vecinas del barrio.<\/p>\n<p align=\"LEFT\">En primer lugar Majed nos explic\u00f3 algo de la historia del conflicto de Palestina con el estado de Israel desde sus or\u00edgenes, la situaci\u00f3n actual y luego, durante el turno de preguntas, sobre su posici\u00f3n de cara a las opciones de futuro, decant\u00e1ndose claramente por la opci\u00f3n de la creaci\u00f3n de un estado multicultural y multirracial en el que tengan cabida todos los habitantes de ese territorio, incluyendo a los palestinos de la di\u00e1spora que quieran regresar.<\/p>\n<p align=\"LEFT\">Selma nos habl\u00f3 de la terrible situaci\u00f3n en esos momentos de las mujeres palestinas y de la dif\u00edcil vida cotidiana de las familias palestinas desde siempre. Finalmente, Selim nos habl\u00f3 de las acciones en las que podemos participar apoyando la lucha del pueblo palestino. Adem\u00e1s de por supuesto asistir a todos los actos y manifestaciones de apoyo que nos sea posible, participando en los actos de boicot comercial a las empresas con capital israel\u00ed.<\/p>\n<p align=\"LEFT\">Luego durante m\u00e1s de una hora, en un animado debate, las personas asistentes formularon sus preguntas y dudas que fueron respondidas por los miembros de la mesa, en el que mostraron un esperanzador optimismo acerca del futuro del pueblo palestino, su resistencia y victoria final. Terminando el acto con una breve intervenci\u00f3n y agradecimiento de una persona de la Escuela.<\/p>\n<p align=\"LEFT\"><img loading=\"lazy\" decoding=\"async\" class=\" wp-image-23778 aligncenter\" src=\"http:\/\/www.prospereando.es\/wp-content\/uploads\/2023\/11\/solidaridadpalestina2-300x225.jpg\" alt=\"\" width=\"596\" height=\"447\" srcset=\"https:\/\/www.prospereando.es\/wp-content\/uploads\/2023\/11\/solidaridadpalestina2-300x225.jpg 300w, https:\/\/www.prospereando.es\/wp-content\/uploads\/2023\/11\/solidaridadpalestina2.jpg 600w\" sizes=\"auto, (max-width: 596px) 100vw, 596px\" \/><\/p>\n","protected":false},"excerpt":{"rendered":"<p>El domingo 12 de noviembre se celebr\u00f3 en la Escuela de la Prospe una acto de solidaridad con el pueblo palestino, que cont\u00f3 con la participaci\u00f3n de tres destacados miembros de la comunidad palestina en Madrid.<\/p>\n","protected":false},"author":1,"featured_media":23777,"comment_status":"open","ping_status":"open","sticky":false,"template":"","format":"standard","meta":{"footnotes":""},"categories":[6],"tags":[],"class_list":["post-23776","post","type-post","status-publish","format-standard","has-post-thumbnail","hentry","category-sociedad","sent_by-jose-moncho-morales"],"_links":{"self":[{"href":"https:\/\/www.prospereando.es\/index.php\/wp-json\/wp\/v2\/posts\/23776","targetHints":{"allow":["GET"]}}],"collection":[{"href":"https:\/\/www.prospereando.es\/index.php\/wp-json\/wp\/v2\/posts"}],"about":[{"href":"https:\/\/www.prospereando.es\/index.php\/wp-json\/wp\/v2\/types\/post"}],"author":[{"embeddable":true,"href":"https:\/\/www.prospereando.es\/index.php\/wp-json\/wp\/v2\/users\/1"}],"replies":[{"embeddable":true,"href":"https:\/\/www.prospereando.es\/index.php\/wp-json\/wp\/v2\/comments?post=23776"}],"version-history":[{"count":2,"href":"https:\/\/www.prospereando.es\/index.php\/wp-json\/wp\/v2\/posts\/23776\/revisions"}],"predecessor-version":[{"id":23780,"href":"https:\/\/www.prospereando.es\/index.php\/wp-json\/wp\/v2\/posts\/23776\/revisions\/23780"}],"wp:featuredmedia":[{"embeddable":true,"href":"https:\/\/www.prospereando.es\/index.php\/wp-json\/wp\/v2\/media\/23777"}],"wp:attachment":[{"href":"https:\/\/www.prospereando.es\/index.php\/wp-json\/wp\/v2\/media?parent=23776"}],"wp:term":[{"taxonomy":"category","embeddable":true,"href":"https:\/\/www.prospereando.es\/index.php\/wp-json\/wp\/v2\/categories?post=23776"},{"taxonomy":"post_tag","embeddable":true,"href":"https:\/\/www.prospereando.es\/index.php\/wp-json\/wp\/v2\/tags?post=23776"}],"curies":[{"name":"wp","href":"https:\/\/api.w.org\/{rel}","templated":true}]}}