{"id":23678,"date":"2023-11-16T20:38:31","date_gmt":"2023-11-16T19:38:31","guid":{"rendered":"http:\/\/www.prospereando.es\/?p=23678"},"modified":"2023-11-16T23:03:15","modified_gmt":"2023-11-16T22:03:15","slug":"presentacion-del-libro-mis-queridas-genias","status":"publish","type":"post","link":"https:\/\/www.prospereando.es\/index.php\/2023\/11\/16\/presentacion-del-libro-mis-queridas-genias\/","title":{"rendered":"Presentaci\u00f3n del libro \u201cMis queridas GENIAS\u201d"},"content":{"rendered":"<p><b>Por Antonio Cruz, Biblioteca de la Asociaci\u00f3n vecinal \u201cValle Incl\u00e1n\u201d de Prosperidad.<\/b><\/p>\n<p><img loading=\"lazy\" decoding=\"async\" class=\" wp-image-23676 aligncenter\" src=\"http:\/\/www.prospereando.es\/wp-content\/uploads\/2023\/11\/anaiglesias5-210x300.jpg\" alt=\"\" width=\"390\" height=\"557\" srcset=\"https:\/\/www.prospereando.es\/wp-content\/uploads\/2023\/11\/anaiglesias5-210x300.jpg 210w, https:\/\/www.prospereando.es\/wp-content\/uploads\/2023\/11\/anaiglesias5.jpg 342w\" sizes=\"auto, (max-width: 390px) 100vw, 390px\" \/><\/p>\n<p>&nbsp;<\/p>\n<table border=\"1\" width=\"643\" cellspacing=\"0\" cellpadding=\"4\">\n<tbody>\n<tr>\n<td valign=\"TOP\" width=\"633\">Foto 1 . Pie: La autora, Marisa Manchado. (foto: Chus Sanmill\u00e1n)<\/td>\n<\/tr>\n<\/tbody>\n<\/table>\n<p align=\"JUSTIFY\">El 8 de noviembre, en el espacio de literatura de los Mi\u00e9rcoles de la Asociaci\u00f3n Vecinal Valle Incl\u00e1n de Prosperidad, presentamos el libro de Marisa Manchado, \u201cMis queridas GENIAS\u201d.<\/p>\n<p align=\"JUSTIFY\">Marisa es Compositora musical y pianista, licenciada en Psicolog\u00eda y Doctora en Musicolog\u00eda, entre sus m\u00faltiples y merecidos t\u00edtulos y cargos.<\/p>\n<p align=\"JUSTIFY\">En la semana precedente ha presentado la \u00f3pera <strong>La Regenta en el Teatro Real de Madrid<\/strong>, con gran \u00e9xito.<\/p>\n<p align=\"JUSTIFY\">Ella nos cont\u00f3 que su libro estaba realizado pensando en las mujeres que hab\u00edan sido su inspiraci\u00f3n y le hab\u00edan acompa\u00f1ado en el devenir musical, as\u00ed como en su lucha por aparecer profesionalmente, en un mundo de hombres, que consideraban una intromisi\u00f3n el hecho de compartir profesi\u00f3n con personas de distinto g\u00e9nero.<\/p>\n<p align=\"JUSTIFY\">As\u00ed nos refiri\u00f3 sus primeros pasos en el colegio Estilo de Madrid, con Josefina Aldecoa, y su madre Nieves Conde.<\/p>\n<p align=\"JUSTIFY\">Pasados unos a\u00f1os convulsos, sobre su verdadera profesi\u00f3n, a mediados de los 70 del pasado siglo, sus padres consiguen una beca para que vaya a estudiar a Tur\u00edn, en Italia. All\u00ed tuvo una primera influencia feminista con Edda Melon.<\/p>\n<p align=\"JUSTIFY\">Despu\u00e9s acude a Siena a estudiar composici\u00f3n con Franco Donadoni (a primeros de los 80). Y se encuentra con otras compositoras de la misma edad: Kaija Saariaho, e Hilda Paredes.<\/p>\n<p align=\"JUSTIFY\">Ni que decir tiene que a pesar de estas amistades, el ambiente es de patriarcado masculino, discriminaci\u00f3n, invisibilidad y borrado \u201chist\u00f3rico\u201d.<\/p>\n<p align=\"JUSTIFY\"><img loading=\"lazy\" decoding=\"async\" class=\" wp-image-23675 aligncenter\" src=\"http:\/\/www.prospereando.es\/wp-content\/uploads\/2023\/11\/anaiglesias3-300x225.jpg\" alt=\"\" width=\"503\" height=\"377\" srcset=\"https:\/\/www.prospereando.es\/wp-content\/uploads\/2023\/11\/anaiglesias3-300x225.jpg 300w, https:\/\/www.prospereando.es\/wp-content\/uploads\/2023\/11\/anaiglesias3.jpg 600w\" sizes=\"auto, (max-width: 503px) 100vw, 503px\" \/><\/p>\n<table border=\"1\" width=\"643\" cellspacing=\"0\" cellpadding=\"4\">\n<tbody>\n<tr>\n<td valign=\"TOP\" width=\"633\">\n<p align=\"JUSTIFY\">Foto 2. La autora firmando ejemplares. (Foto de Juan Vidal)<\/p>\n<\/td>\n<\/tr>\n<\/tbody>\n<\/table>\n<p align=\"JUSTIFY\">Vuelve a Madrid, encontr\u00e1ndose con Zulema de la Cruz y Mar\u00eda Escribano, que influyen en su formaci\u00f3n, aunque son s\u00f3lo int\u00e9rpretes, no creadoras. Fueron alumnas de Carmelo Bernaola.<\/p>\n<p align=\"JUSTIFY\">Su transcurrir por Alemania Federal en 1982, la lleva a unos encuentros de m\u00fasica contempor\u00e1nea. Conoce a B\u00e1rbara Heller, editora de m\u00fasica de mujeres. Que le muestra \u201cEl concierto en la menor\u201d de Clara Wiek-Schumann, esposa que fu\u00e9 de Robert Schumann, y amante de Brahms. Este concierto lo compuso a los 16 a\u00f1os.<\/p>\n<p align=\"JUSTIFY\">Para nuestra autora, todo cambi\u00f3 al volver de Alemania. Incidiendo en el papel de las mujeres en la m\u00fasica popular. De ah\u00ed surgi\u00f3 \u201cMujeres en la m\u00fasica\u201d en 1983, con referencia a sus compa\u00f1eras Dolores Tonarro y Amalia Die.<\/p>\n<p align=\"JUSTIFY\"><img loading=\"lazy\" decoding=\"async\" class=\" wp-image-23698 aligncenter\" src=\"http:\/\/www.prospereando.es\/wp-content\/uploads\/2023\/11\/anaiglesias1-300x225.jpg\" alt=\"\" width=\"480\" height=\"360\" srcset=\"https:\/\/www.prospereando.es\/wp-content\/uploads\/2023\/11\/anaiglesias1-300x225.jpg 300w, https:\/\/www.prospereando.es\/wp-content\/uploads\/2023\/11\/anaiglesias1.jpg 600w\" sizes=\"auto, (max-width: 480px) 100vw, 480px\" \/><\/p>\n<table border=\"1\" width=\"643\" cellspacing=\"0\" cellpadding=\"4\">\n<tbody>\n<tr>\n<td valign=\"TOP\" width=\"633\">\n<p align=\"JUSTIFY\">Foto 3.- Vista del acto: Asistentes y mesa. (Foto de Juan Vidal)<\/p>\n<\/td>\n<\/tr>\n<\/tbody>\n<\/table>\n<p align=\"JUSTIFY\">Tambi\u00e9n en su libro cita la Edad de Plata de las compositoras, Mar\u00eda de Pablos, Mar\u00eda Rodrigo Bellido, Emiliana de Zubeld\u00eda, Mar\u00eda Teresa Prieto.<\/p>\n<p align=\"JUSTIFY\">Y entre las extranjeras, la brit\u00e1nica Rebeca Clarke, que tuvo que utilizar seud\u00f3nimo para poder trabajar como compositora y concertista de viola. Tambi\u00e9n Cathy Berberian y Umn Kalzum. Todas ellas desarrolladas con m\u00e1s detalle en su tomo.<\/p>\n<p align=\"JUSTIFY\">\u00bfPor qu\u00e9 llamarlas GENIAS?, aqu\u00ed Marisa nos explic\u00f3 que en los siglos XVIII y XIX los artistas eran ya denominados genios, cosa que no ocurr\u00eda con las mujeres, que se las minusvaloraba y ocultaba. Por eso la autora rompe con ello y las llama con may\u00fasculas GENIAS.<\/p>\n<p align=\"JUSTIFY\">Con una explicaci\u00f3n sobre los avances del feminismo y la desaparici\u00f3n poco a poco de miedos y fobias contra la mujer, se termin\u00f3 el acto, tras breve coloquio con los asistentes.<\/p>\n<p align=\"JUSTIFY\">Fu\u00e9 un acto muy cordial, y muy lleno de una exposici\u00f3n inteligente que nos hace acercarnos al mundo de la mujer en la m\u00fasica.<\/p>\n<p align=\"JUSTIFY\">Agradecemos a Marisa su compromiso con nosotros y le deseamos suerte con todo nuestro cari\u00f1o.<\/p>\n","protected":false},"excerpt":{"rendered":"<p>El 8 de noviembre, en el espacio de literatura de los Mi\u00e9rcoles de la Asociaci\u00f3n Vecinal Valle Incl\u00e1n de Prosperidad, presentamos el libro de Marisa Manchado, \u201cMis queridas GENIAS\u201d.<\/p>\n","protected":false},"author":1,"featured_media":23727,"comment_status":"open","ping_status":"open","sticky":false,"template":"","format":"standard","meta":{"footnotes":""},"categories":[18],"tags":[],"class_list":["post-23678","post","type-post","status-publish","format-standard","has-post-thumbnail","hentry","category-cultura","sent_by-antonio-cruz"],"_links":{"self":[{"href":"https:\/\/www.prospereando.es\/index.php\/wp-json\/wp\/v2\/posts\/23678","targetHints":{"allow":["GET"]}}],"collection":[{"href":"https:\/\/www.prospereando.es\/index.php\/wp-json\/wp\/v2\/posts"}],"about":[{"href":"https:\/\/www.prospereando.es\/index.php\/wp-json\/wp\/v2\/types\/post"}],"author":[{"embeddable":true,"href":"https:\/\/www.prospereando.es\/index.php\/wp-json\/wp\/v2\/users\/1"}],"replies":[{"embeddable":true,"href":"https:\/\/www.prospereando.es\/index.php\/wp-json\/wp\/v2\/comments?post=23678"}],"version-history":[{"count":3,"href":"https:\/\/www.prospereando.es\/index.php\/wp-json\/wp\/v2\/posts\/23678\/revisions"}],"predecessor-version":[{"id":23723,"href":"https:\/\/www.prospereando.es\/index.php\/wp-json\/wp\/v2\/posts\/23678\/revisions\/23723"}],"wp:featuredmedia":[{"embeddable":true,"href":"https:\/\/www.prospereando.es\/index.php\/wp-json\/wp\/v2\/media\/23727"}],"wp:attachment":[{"href":"https:\/\/www.prospereando.es\/index.php\/wp-json\/wp\/v2\/media?parent=23678"}],"wp:term":[{"taxonomy":"category","embeddable":true,"href":"https:\/\/www.prospereando.es\/index.php\/wp-json\/wp\/v2\/categories?post=23678"},{"taxonomy":"post_tag","embeddable":true,"href":"https:\/\/www.prospereando.es\/index.php\/wp-json\/wp\/v2\/tags?post=23678"}],"curies":[{"name":"wp","href":"https:\/\/api.w.org\/{rel}","templated":true}]}}