{"id":23391,"date":"2023-10-03T22:41:21","date_gmt":"2023-10-03T20:41:21","guid":{"rendered":"http:\/\/www.prospereando.es\/?p=23391"},"modified":"2023-10-03T22:41:21","modified_gmt":"2023-10-03T20:41:21","slug":"fiestas-de-san-miguel-2023","status":"publish","type":"post","link":"https:\/\/www.prospereando.es\/index.php\/2023\/10\/03\/fiestas-de-san-miguel-2023\/","title":{"rendered":"Fiestas de San Miguel 2023"},"content":{"rendered":"<p><img loading=\"lazy\" decoding=\"async\" class=\" wp-image-23399 aligncenter\" src=\"http:\/\/www.prospereando.es\/wp-content\/uploads\/2023\/10\/aaa1-300x225.jpg\" alt=\"\" width=\"457\" height=\"342\" srcset=\"https:\/\/www.prospereando.es\/wp-content\/uploads\/2023\/10\/aaa1-300x225.jpg 300w, https:\/\/www.prospereando.es\/wp-content\/uploads\/2023\/10\/aaa1.jpg 640w\" sizes=\"auto, (max-width: 457px) 100vw, 457px\" \/><\/p>\n<p>El jueves<b> <\/b>28 de septiembre<b> <\/b>se inauguraron las Fiestas de San Miguel en el Parque de Berl\u00edn. A las seis de la tarde la caseta de la Asociaci\u00f3n Vecinal Valle Incl\u00e1n, era un hervidero de gente ultimando los preparativos para evitar cualquier imprevisto. Los congeladores con las bebidas, las viandas, la plancha de los pinchos, los grifos de cerveza, los vasos\u2026.La voluntad de que todo saliera bien.<\/p>\n<p>El preg\u00f3n corri\u00f3 a cargo de la capitana de la Selecci\u00f3n Espa\u00f1ola de Futbol ganadora de la Copa del Mundo femenino y capitana del Real Madrid Club de Futbol, Ivana Andr\u00e9s. En el estrado del Auditorio se encontraba Gloria Cavanna, portavoz de nuestra Asociaci\u00f3n junto con miembros de la Junta Municipal del Distrito.<\/p>\n<p>La m\u00fasica de DJ Pulpo y la Edad de oro del Pop espa\u00f1ol, resonaban por todo el parque. Los brazos resultaban insuficientes para responder a las peticiones de cervezas, bocadillos, patatas bravas, tinto de verano\u2026. El buen humor reinaba en la caseta Valle Incl\u00e1n.<\/p>\n<p>Por la noche nos visit\u00f3 la pregonera, la felicitamos por sus \u00e9xitos, y le ense\u00f1amos la pegatina que llev\u00e1bamos prendida en las camisetas: \u201cSE ACAB\u00d3\u201d. Nos lo agradeci\u00f3 y reconoci\u00f3 la labor de la Asociaci\u00f3n Vecinal.<\/p>\n<p>El viernes tuvo lugar la Gymkana organizada por la Asociaci\u00f3n Vecinal Valle Incl\u00e1n y un a\u00f1o m\u00e1s fue un \u00e9xito. M\u00e1s tarde el grupo Efecto Pasillo se subi\u00f3 al escenario del parque Berl\u00edn para hacer bailar y cantar a los vecinos del distrito.<\/p>\n<p>El s\u00e1bado la Asociaci\u00f3n Vecinal comparti\u00f3 la caseta con la Escuela de Prosperidad a la hora del verm\u00fa y con comida vegana. Repartieron carteles de los pr\u00f3ximos actos que tendr\u00e1n lugar en la Escuela para festejar sus 50 a\u00f1os de andadura.<\/p>\n<p><img loading=\"lazy\" decoding=\"async\" class=\" wp-image-23400 aligncenter\" src=\"http:\/\/www.prospereando.es\/wp-content\/uploads\/2023\/10\/aaa33-300x201.jpg\" alt=\"\" width=\"401\" height=\"269\" srcset=\"https:\/\/www.prospereando.es\/wp-content\/uploads\/2023\/10\/aaa33-300x201.jpg 300w, https:\/\/www.prospereando.es\/wp-content\/uploads\/2023\/10\/aaa33.jpg 700w\" sizes=\"auto, (max-width: 401px) 100vw, 401px\" \/><\/p>\n<p>Fueron cuatro d\u00edas intensos, donde los diferentes grupos musicales, amenizaron las tardes y noches. No falt\u00f3 la zarzuela, ni bandas modernas con sus efectos especiales que electrizaban al respetable. Hab\u00eda para todos los p\u00fablicos. Las noches eran un hervidero de gente delante de la caseta que tambi\u00e9n danzaba al ritmo de la m\u00fasica.<\/p>\n<p>D\u00edas intensos de cansancio, de brazos arremangados, pero felices y con el coraz\u00f3n satisfecho. Las fiestas de San Miguel se despidieron con el plato fuerte de los fuegos artificiales a las diez de la noche. Menci\u00f3n especial para quienes trabajaron los cuatro d\u00edas para que todo saliera bien, gentes de la Asociaci\u00f3n, amigos y vecinas que se acercaron. Con el \u00faltimo fuego artificial cay\u00f3 el tel\u00f3n y se acab\u00f3. El otro SE ACAB\u00d3 sigue su vuelo.<\/p>\n<p>&nbsp;<\/p>\n<p>&nbsp;<\/p>\n","protected":false},"excerpt":{"rendered":"<p>El jueves 28 de septiembre se inauguraron las Fiestas de San Miguel en el Parque de Berl\u00edn. A las seis de la tarde la caseta de la Asociaci\u00f3n Vecinal Valle Incl\u00e1n, era un hervidero de gente ultimando los preparativos para evitar cualquier imprevisto. Los congeladores con las bebidas, las viandas, la plancha de los pinchos, los grifos de cerveza, los vasos\u2026.La voluntad de que todo saliera bien. El preg\u00f3n corri\u00f3 a cargo de la capitana de la Selecci\u00f3n Espa\u00f1ola de Futbol ganadora de la Copa del Mundo femenino y capitana &hellip; <\/p>\n","protected":false},"author":1,"featured_media":23399,"comment_status":"open","ping_status":"open","sticky":false,"template":"","format":"standard","meta":{"footnotes":""},"categories":[26],"tags":[],"class_list":["post-23391","post","type-post","status-publish","format-standard","has-post-thumbnail","hentry","category-nuestro-barrio","sent_by-carmen-moleres"],"_links":{"self":[{"href":"https:\/\/www.prospereando.es\/index.php\/wp-json\/wp\/v2\/posts\/23391","targetHints":{"allow":["GET"]}}],"collection":[{"href":"https:\/\/www.prospereando.es\/index.php\/wp-json\/wp\/v2\/posts"}],"about":[{"href":"https:\/\/www.prospereando.es\/index.php\/wp-json\/wp\/v2\/types\/post"}],"author":[{"embeddable":true,"href":"https:\/\/www.prospereando.es\/index.php\/wp-json\/wp\/v2\/users\/1"}],"replies":[{"embeddable":true,"href":"https:\/\/www.prospereando.es\/index.php\/wp-json\/wp\/v2\/comments?post=23391"}],"version-history":[{"count":2,"href":"https:\/\/www.prospereando.es\/index.php\/wp-json\/wp\/v2\/posts\/23391\/revisions"}],"predecessor-version":[{"id":23401,"href":"https:\/\/www.prospereando.es\/index.php\/wp-json\/wp\/v2\/posts\/23391\/revisions\/23401"}],"wp:featuredmedia":[{"embeddable":true,"href":"https:\/\/www.prospereando.es\/index.php\/wp-json\/wp\/v2\/media\/23399"}],"wp:attachment":[{"href":"https:\/\/www.prospereando.es\/index.php\/wp-json\/wp\/v2\/media?parent=23391"}],"wp:term":[{"taxonomy":"category","embeddable":true,"href":"https:\/\/www.prospereando.es\/index.php\/wp-json\/wp\/v2\/categories?post=23391"},{"taxonomy":"post_tag","embeddable":true,"href":"https:\/\/www.prospereando.es\/index.php\/wp-json\/wp\/v2\/tags?post=23391"}],"curies":[{"name":"wp","href":"https:\/\/api.w.org\/{rel}","templated":true}]}}