{"id":22822,"date":"2023-06-13T22:19:40","date_gmt":"2023-06-13T20:19:40","guid":{"rendered":"http:\/\/www.prospereando.es\/?p=22822"},"modified":"2023-06-13T22:20:36","modified_gmt":"2023-06-13T20:20:36","slug":"sabes-a-que-nos-referimos-cuando-hablamos-de-diversidad-funcional","status":"publish","type":"post","link":"https:\/\/www.prospereando.es\/index.php\/2023\/06\/13\/sabes-a-que-nos-referimos-cuando-hablamos-de-diversidad-funcional\/","title":{"rendered":"\u00bfSabes a qu\u00e9 nos referimos cuando hablamos de Diversidad Funcional?"},"content":{"rendered":"<p align=\"justify\"><img loading=\"lazy\" decoding=\"async\" class=\" wp-image-22829 aligncenter\" src=\"http:\/\/www.prospereando.es\/wp-content\/uploads\/2023\/06\/diversidad1-300x225.jpg\" alt=\"\" width=\"642\" height=\"481\" srcset=\"https:\/\/www.prospereando.es\/wp-content\/uploads\/2023\/06\/diversidad1-300x225.jpg 300w, https:\/\/www.prospereando.es\/wp-content\/uploads\/2023\/06\/diversidad1.jpg 600w\" sizes=\"auto, (max-width: 642px) 100vw, 642px\" \/><\/p>\n<p align=\"justify\">Hace un a\u00f1o, la FRAVM constituy\u00f3 una nueva comisi\u00f3n de trabajo, la comisi\u00f3n de Diversidad y Accesibilidad, formada por un grupo de personas de varias de sus asociaciones vecinales, interesadas en trabajar por una sociedad inclusiva.<\/p>\n<p align=\"justify\">Aqu\u00ed tenemos ya el primer concepto. <strong>Sociedad inclusiva<\/strong>: la que acoge bien a todas las personas, la que reconoce su identidad y su dignidad a todos sus miembros, diferentes entre s\u00ed, pero iguales como sujetos de derecho.<\/p>\n<p align=\"justify\">\u00bfHas pensado alguna vez en ello? No hay dos personas iguales, y esa diferencia nos enriquece a todas y a todos.<\/p>\n<p align=\"justify\">Pues bien, partiendo de esta realidad, sucede a veces que hay diferencias importantes, que de manera inevitable, configuran ciertos grupos, mayor\u00edas y minor\u00edas, que tienen su peso en la configuraci\u00f3n de nuestra sociedad.<\/p>\n<p align=\"justify\">Un motivo que marca diferencias es el de tener alguna de lo que se viene llamando discapacidad, alguna carencia que, para resolverla, requiere cierta respuesta de la sociedad, porque esta carencia impone <strong>FUNCIONAR<\/strong> de manera <strong>DIVERSA<\/strong> a la mayor\u00eda de personas, y eso no hace que alguien sea mejor o peor que los dem\u00e1s, sino: diferente.<\/p>\n<p align=\"justify\">En nuestra Asociaci\u00f3n Valle Incl\u00e1n, el 31 de mayo tuvimos un debate sobre Diversidad Funcional promovido por la mencionada comisi\u00f3n de la FRAVM. En el debate intervinimos como ponentes: Remedios Toboso, Luc\u00eda Santos y Carmen Bonet.<\/p>\n<p align=\"justify\">Compartimos nuestro punto de vista sobre este tema, ilustrando nuestra exposici\u00f3n con informaci\u00f3n sobre las vivencias de una persona sorda, una persona ciega, y diversas consideraciones generales sobre personas con alg\u00fan tipo de \u00bfdiscapacidad?<\/p>\n<p align=\"justify\">Es decir: personas con <strong>Diversidad funcional<\/strong>. Despu\u00e9s de nuestra intervenci\u00f3n tuvimos un animado coloquio. A decir por las y los vecinos asistentes, aprendieron mucho, la charla les supo a poco, y s\u00ed, no te sorprendas, fue una exposici\u00f3n divertida.<\/p>\n<p align=\"justify\">Si hemos conseguido reclamar tu atenci\u00f3n, te sugerimos que pinches este enlace y disfrutes t\u00fa tambi\u00e9n de la charla: \u00a0<a href=\"https:\/\/youtu.be\/J3t2YSK-8ZY\">ENLACE<\/a><\/p>\n<p align=\"justify\">Si participas en alguna asociaci\u00f3n y quieres que llevemos all\u00ed este debate, no te lo pienses dos veces. ponte en contacto con nosotras a trav\u00e9s de la asociaci\u00f3n Valle Incl\u00e1n y acudiremos.<\/p>\n<p align=\"justify\">Y nuestro grito de guerra que les lanzamos y que (as\u00ed lo sentimos) nos compraron:<\/p>\n<p style=\"text-align: center;\" align=\"justify\">\u201cno me ignores, con\u00f3ceme.<br \/>\nno me mires, qui\u00e9reme\u201d.<br \/>\n\u00a1Cuento contigo, cuenta conmigo!<\/p>\n","protected":false},"excerpt":{"rendered":"<p>Hace un a\u00f1o, la FRAVM constituy\u00f3 una nueva comisi\u00f3n de trabajo, la comisi\u00f3n de Diversidad y Accesibilidad, formada por un grupo de personas de varias de sus asociaciones vecinales, interesadas en trabajar por una sociedad inclusiva.<\/p>\n","protected":false},"author":1,"featured_media":22829,"comment_status":"open","ping_status":"open","sticky":false,"template":"","format":"standard","meta":{"footnotes":""},"categories":[6],"tags":[],"class_list":["post-22822","post","type-post","status-publish","format-standard","has-post-thumbnail","hentry","category-sociedad","sent_by-carmen-bonet","sent_by-lucia-santos","sent_by-remedios-toboso"],"_links":{"self":[{"href":"https:\/\/www.prospereando.es\/index.php\/wp-json\/wp\/v2\/posts\/22822","targetHints":{"allow":["GET"]}}],"collection":[{"href":"https:\/\/www.prospereando.es\/index.php\/wp-json\/wp\/v2\/posts"}],"about":[{"href":"https:\/\/www.prospereando.es\/index.php\/wp-json\/wp\/v2\/types\/post"}],"author":[{"embeddable":true,"href":"https:\/\/www.prospereando.es\/index.php\/wp-json\/wp\/v2\/users\/1"}],"replies":[{"embeddable":true,"href":"https:\/\/www.prospereando.es\/index.php\/wp-json\/wp\/v2\/comments?post=22822"}],"version-history":[{"count":5,"href":"https:\/\/www.prospereando.es\/index.php\/wp-json\/wp\/v2\/posts\/22822\/revisions"}],"predecessor-version":[{"id":22835,"href":"https:\/\/www.prospereando.es\/index.php\/wp-json\/wp\/v2\/posts\/22822\/revisions\/22835"}],"wp:featuredmedia":[{"embeddable":true,"href":"https:\/\/www.prospereando.es\/index.php\/wp-json\/wp\/v2\/media\/22829"}],"wp:attachment":[{"href":"https:\/\/www.prospereando.es\/index.php\/wp-json\/wp\/v2\/media?parent=22822"}],"wp:term":[{"taxonomy":"category","embeddable":true,"href":"https:\/\/www.prospereando.es\/index.php\/wp-json\/wp\/v2\/categories?post=22822"},{"taxonomy":"post_tag","embeddable":true,"href":"https:\/\/www.prospereando.es\/index.php\/wp-json\/wp\/v2\/tags?post=22822"}],"curies":[{"name":"wp","href":"https:\/\/api.w.org\/{rel}","templated":true}]}}