{"id":22523,"date":"2023-05-03T10:11:19","date_gmt":"2023-05-03T08:11:19","guid":{"rendered":"http:\/\/www.prospereando.es\/?p=22523"},"modified":"2023-05-03T10:11:19","modified_gmt":"2023-05-03T08:11:19","slug":"primero-de-mayo-en-madrid","status":"publish","type":"post","link":"https:\/\/www.prospereando.es\/index.php\/2023\/05\/03\/primero-de-mayo-en-madrid\/","title":{"rendered":"Primero de Mayo en Madrid"},"content":{"rendered":"<p align=\"JUSTIFY\"><img loading=\"lazy\" decoding=\"async\" class=\" wp-image-22524 aligncenter\" src=\"http:\/\/www.prospereando.es\/wp-content\/uploads\/2023\/05\/1demayo1-300x135.jpg\" alt=\"\" width=\"649\" height=\"292\" srcset=\"https:\/\/www.prospereando.es\/wp-content\/uploads\/2023\/05\/1demayo1-300x135.jpg 300w, https:\/\/www.prospereando.es\/wp-content\/uploads\/2023\/05\/1demayo1.jpg 600w\" sizes=\"auto, (max-width: 649px) 100vw, 649px\" \/><\/p>\n<p align=\"JUSTIFY\">Este Primero de Mayo se ha celebrado el D\u00eda Internacional de los Trabajadores en Madrid, mediante una gran manifestaci\u00f3n abierta a todos los que desearan acceder, que ha transitado por la Gran V\u00eda madrile\u00f1a, desde su comienzo hasta la Plaza de Espa\u00f1a.<\/p>\n<p align=\"JUSTIFY\">Ha sido convocada por los sindicatos mayoritarios, CCOO y UGT y ha estado marcada por la situaci\u00f3n actual de los salarios, la subida de la vida y la necesidad de distribuir la riqueza.<\/p>\n<p align=\"JUSTIFY\">Una gran pancarta con el lema: \u201cSubir salarios, bajar precios, repartir beneficios\u201d, abri\u00f3 la manifestaci\u00f3n, seguida por los l\u00edderes sindicales y cuatro ministros del gobierno de coalici\u00f3n. M\u00faltiples banderas ondeaban entre los miles de manifestantes y diversas pancartas hac\u00edan referencia a la actuaci\u00f3n de pol\u00edticas sociales, a la subida de las hipotecas, a la sanidad, a la dependencia, a la inflaci\u00f3n y a la necesidad de que la CEOE desbloquee los m\u00e1s de 1.300 convenios que est\u00e1n pendientes.<\/p>\n<p align=\"JUSTIFY\">Se coreaba: \u201cMenos beneficios, m\u00e1s solidaridad\u201d. Tambi\u00e9n se ped\u00eda apoyo a los afectados de las obras del metro en San Fernando, que estaban representados por un nutrido grupo de vecinos de dicho colectivo.<\/p>\n<p align=\"JUSTIFY\">La m\u00fasica no falt\u00f3, una tamborrada, animaci\u00f3n con panderetas y canciones de Ana Bel\u00e9n, \u201cSolo le pido a Dios\u201d, el himno de \u201cLa Revoluci\u00f3n de los Claveles\u201d y Quilapay\u00fan: \u201cEl pueblo unido jam\u00e1s ser\u00e1 vencido\u201d.<\/p>\n<p align=\"JUSTIFY\">Al llegar a la Plaza de Espa\u00f1a, en la tribuna de oradores fueron desfilando los l\u00edderes locales y nacionales de los dos sindicatos mayoritarios y dos ministros del gobierno. De los discursos cabe destacar la apelaci\u00f3n a la Patronal, a la CEOE, para que desbloquee los m\u00e1s de 1.300 convenios, como el convenio de hosteler\u00eda de Madrid, que est\u00e1n pendientes de negociaci\u00f3n y para que antes del verano se acuerde una subida salarial acorde con la creciente subida de la vida o, de lo contrario, anunciaron en oto\u00f1o grandes movilizaciones.<\/p>\n<p align=\"JUSTIFY\">Se reconocieron los beneficios que aport\u00f3 la Reforma Laboral y el papel de los ERTES, en un a\u00f1o decisivo para favorecer los servicios p\u00fablicos frente a la privatizaci\u00f3n.<\/p>\n<p align=\"JUSTIFY\">Se refirieron a dos modelos para salir de la crisis: el modelo del P. P de los recortes y financiaci\u00f3n a los bancos y el modelo del gobierno actual de fortalecimiento del Estado de Bienestar y medidas como el salario m\u00ednimo vital, los ERTES, la ley de educaci\u00f3n inclusiva y la ley de vivienda, entre otras disposiciones .<\/p>\n<p align=\"JUSTIFY\">Insistieron en muchos aspectos que est\u00e1n pendientes como la desigualdad creciente, la necesidad de la concertaci\u00f3n social, imprescindible para avanzar en Derechos Sociales, el fortalecimiento de la industria y la vivienda p\u00fablica de alquiler, el apoyo a la sanidad y el reparto de riquezas, que ya hay en nuestro pa\u00eds m\u00e1s de 12 millones de pobres.<\/p>\n<p align=\"JUSTIFY\">La Marcha de la Internacional dio fin a este acto conmemorativo y, en esta ocasi\u00f3n, especialmente reivindicativo.<\/p>\n<p align=\"JUSTIFY\"><img loading=\"lazy\" decoding=\"async\" class=\" wp-image-22525 aligncenter\" src=\"http:\/\/www.prospereando.es\/wp-content\/uploads\/2023\/05\/1demayo2-300x135.jpg\" alt=\"\" width=\"671\" height=\"302\" srcset=\"https:\/\/www.prospereando.es\/wp-content\/uploads\/2023\/05\/1demayo2-300x135.jpg 300w, https:\/\/www.prospereando.es\/wp-content\/uploads\/2023\/05\/1demayo2.jpg 600w\" sizes=\"auto, (max-width: 671px) 100vw, 671px\" \/><\/p>\n<p align=\"RIGHT\">\n<p>&nbsp;<\/p>\n<p>&nbsp;<\/p>\n","protected":false},"excerpt":{"rendered":"<p>Este Primero de Mayo se ha celebrado el D\u00eda Internacional de los Trabajadores en Madrid, mediante una gran manifestaci\u00f3n abierta a todos los que desearan acceder, que ha transitado por la Gran V\u00eda madrile\u00f1a, desde su comienzo hasta la Plaza de Espa\u00f1a. Ha sido convocada por los sindicatos mayoritarios, CCOO y UGT y ha estado marcada por la situaci\u00f3n actual de los salarios, la subida de la vida y la necesidad de distribuir la riqueza. Una gran pancarta con el lema: \u201cSubir salarios, bajar precios, repartir beneficios\u201d, abri\u00f3 la manifestaci\u00f3n, &hellip; <\/p>\n","protected":false},"author":1,"featured_media":22524,"comment_status":"open","ping_status":"open","sticky":false,"template":"","format":"standard","meta":{"footnotes":""},"categories":[14],"tags":[],"class_list":["post-22523","post","type-post","status-publish","format-standard","has-post-thumbnail","hentry","category-ciudadania","sent_by-maribel-rodriguez-gorostiza"],"_links":{"self":[{"href":"https:\/\/www.prospereando.es\/index.php\/wp-json\/wp\/v2\/posts\/22523","targetHints":{"allow":["GET"]}}],"collection":[{"href":"https:\/\/www.prospereando.es\/index.php\/wp-json\/wp\/v2\/posts"}],"about":[{"href":"https:\/\/www.prospereando.es\/index.php\/wp-json\/wp\/v2\/types\/post"}],"author":[{"embeddable":true,"href":"https:\/\/www.prospereando.es\/index.php\/wp-json\/wp\/v2\/users\/1"}],"replies":[{"embeddable":true,"href":"https:\/\/www.prospereando.es\/index.php\/wp-json\/wp\/v2\/comments?post=22523"}],"version-history":[{"count":1,"href":"https:\/\/www.prospereando.es\/index.php\/wp-json\/wp\/v2\/posts\/22523\/revisions"}],"predecessor-version":[{"id":22526,"href":"https:\/\/www.prospereando.es\/index.php\/wp-json\/wp\/v2\/posts\/22523\/revisions\/22526"}],"wp:featuredmedia":[{"embeddable":true,"href":"https:\/\/www.prospereando.es\/index.php\/wp-json\/wp\/v2\/media\/22524"}],"wp:attachment":[{"href":"https:\/\/www.prospereando.es\/index.php\/wp-json\/wp\/v2\/media?parent=22523"}],"wp:term":[{"taxonomy":"category","embeddable":true,"href":"https:\/\/www.prospereando.es\/index.php\/wp-json\/wp\/v2\/categories?post=22523"},{"taxonomy":"post_tag","embeddable":true,"href":"https:\/\/www.prospereando.es\/index.php\/wp-json\/wp\/v2\/tags?post=22523"}],"curies":[{"name":"wp","href":"https:\/\/api.w.org\/{rel}","templated":true}]}}