{"id":22428,"date":"2023-04-25T23:54:10","date_gmt":"2023-04-25T21:54:10","guid":{"rendered":"http:\/\/www.prospereando.es\/?p=22428"},"modified":"2023-04-27T19:10:26","modified_gmt":"2023-04-27T17:10:26","slug":"hacia-un-verano-en-primavera","status":"publish","type":"post","link":"https:\/\/www.prospereando.es\/index.php\/2023\/04\/25\/hacia-un-verano-en-primavera\/","title":{"rendered":"Hacia un verano en\u00a0primavera"},"content":{"rendered":"<p align=\"justify\">La <a href=\"https:\/\/twitter.com\/AEMET_Esp\/status\/1648688054469550083\">sequ\u00eda se acent\u00faa en Espa\u00f1a<\/a>. Si las precipitaciones siguiesen la tendencia hist\u00f3rica, deber\u00eda llover todos los a\u00f1os entre noviembre y abril: seis meses. Pero desde hace unos diez a\u00f1os, se ha reducido el intervalo de lluvias a cuatro meses, de diciembre a marzo. Y este a\u00f1o, particularmente, no ha llovido casi nada en estos meses.<\/p>\n<p align=\"justify\">La <a href=\"https:\/\/theconversation.com\/es\/topics\/sequia-58358\">sequ\u00eda<\/a> no debe considerarse solo como la falta de lluvia acumulada, sino que es preciso considerar cu\u00e1ndo deja de llover. Si no hay agua ni en marzo ni en abril, no grana el trigo, aunque luego quiz\u00e1s llueva mucho a finales de mayo.<\/p>\n<p align=\"justify\">Estos d\u00edas, <a href=\"https:\/\/eportal.miteco.gob.es\/BoleHWeb\/accion\/cargador_archivo.htm?file=cache\/pdf\/202316\/20231640_es.pdf&amp;mimetype=application\/pdf\">la reserva de agua alcanza los 28\u00a0400\u00a0hm\u00b3<\/a>, cuando lo normal ser\u00edan 37\u00a0000. Y <a href=\"https:\/\/aemetblog.es\/2023\/04\/21\/resumen-de-la-evolucion-de-las-precipitaciones-en-espana-del-12-al-18-de-abril\/\">la precipitaci\u00f3n entre el uno de octubre y la segunda semana de abril ha sido, de media, de 337\u00a0l\/m\u00b2<\/a>, cuando la media hist\u00f3rica son 411\u00a0l\/m\u00b2 (en toda Espa\u00f1a).<\/p>\n<p align=\"justify\">Las <a href=\"https:\/\/theconversation.com\/es\/topics\/calima-83202\">calimas<\/a>, invasiones de aire muy c\u00e1lido desde \u00c1frica con polvo muy fino en suspensi\u00f3n, son desde hace 10 a\u00f1os mucho m\u00e1s frecuentes que antes de 2010. Y las gotas fr\u00edas (ahora llamadas <a href=\"https:\/\/theconversation.com\/es\/topics\/dana-81991\">DANA<\/a>) se repiten a lo largo del a\u00f1o una y otra vez, cuando hace 50 a\u00f1os se concentraban entre octubre y noviembre.<\/p>\n<h3 class=\"western\">La corriente en chorro polar<\/h3>\n<p align=\"justify\">El tiempo meteorol\u00f3gico en Espa\u00f1a est\u00e1 controlado por la <a href=\"https:\/\/es.wikipedia.org\/wiki\/Corriente_en_chorro\">corriente del chorro polar<\/a>, una corriente de aire muy intensa que circula en torno al polo norte a unos 11\u00a0000 metros de altura, dando la vuelta a todo el globo terr\u00e1queo.<\/p>\n<p align=\"justify\"><img loading=\"lazy\" decoding=\"async\" class=\" wp-image-22429 aligncenter\" src=\"http:\/\/www.prospereando.es\/wp-content\/uploads\/2023\/04\/mapamundi1-300x295.jpg\" alt=\"\" width=\"625\" height=\"615\" srcset=\"https:\/\/www.prospereando.es\/wp-content\/uploads\/2023\/04\/mapamundi1-300x295.jpg 300w, https:\/\/www.prospereando.es\/wp-content\/uploads\/2023\/04\/mapamundi1.jpg 600w\" sizes=\"auto, (max-width: 625px) 100vw, 625px\" \/><\/p>\n<p align=\"justify\">Circulaci\u00f3n del chorro polar visto desde el polo, predicci\u00f3n para el 27 de Abril de 2023. GrADS \/ COLA<\/p>\n<p align=\"justify\">Esta corriente existe por la diferencia de temperaturas entre el ecuador y el polo. La ley que regula el comportamiento de los gases, y por lo tanto, del aire de la atm\u00f3sfera, nos dice que las diferencias de presi\u00f3n entre unos puntos y otros de una masa de aire son proporcionales a las diferencias de temperatura.<\/p>\n<p align=\"justify\">Las diferencias de presi\u00f3n causan los flujos de aire. Y en nuestro planeta, ese movimiento forzado por la diferencia de presi\u00f3n y la aceleraci\u00f3n debida a la rotaci\u00f3n terrestre se convierte en un movimiento a lo largo de los paralelos en latitud, cada vez mas intenso seg\u00fan se asciende en la atm\u00f3sfera.<\/p>\n<p align=\"justify\">La m\u00e1xima intensidad del chorro polar se sit\u00faa sobre el paralelo donde las diferencias de temperatura son mayores.<\/p>\n<p align=\"justify\">Este flujo de aire es tan intenso (de unos 200\u00a0km\/h), que los pilotos de las l\u00edneas a\u00e9reas lo buscan en los vuelos de oeste a este, de California a Espa\u00f1a, por ejemplo, pues aumenta en esa cantidad la velocidad de los aviones respecto a la superficie de la Tierra.<\/p>\n<p align=\"justify\">Como la velocidad del chorro depende de la diferencia de temperatura entre el ecuador y el polo, es m\u00e1s intensa en invierno (un polo m\u00e1s fr\u00edo) que en verano (un polo m\u00e1s caliente). Adem\u00e1s, circula, o deber\u00eda circular, con meandros d\u00e9biles en invierno y con meandros fuertes en verano, cuando su velocidad disminuye.<\/p>\n<p align=\"justify\">Adicionalmente, en invierno, al extenderse los hielos polares hacia del sur, el punto de m\u00e1ximo gradiente de temperaturas desciende hacia el sur, y sube hacia el norte en verano, como vemos en la figura anterior.<\/p>\n<h3 class=\"western\">Efectos del calentamiento global<\/h3>\n<p align=\"justify\">El cambio clim\u00e1tico actual, causado por la emisi\u00f3n constante y acelerada (y sin visos de frenado) de di\u00f3xido de carbono debido a la quema de combustibles f\u00f3siles, y ampliado por la <a href=\"https:\/\/www.nature.com\/articles\/s41558-022-01512-4\">emisi\u00f3n de metano desde las tundras desheladas de Siberia<\/a> y Canad\u00e1, calienta mucho m\u00e1s las regiones polares del norte que las zonas ecuatoriales. De hecho, m\u00e1s del doble.<\/p>\n<p>Esto es as\u00ed debido a fen\u00f3menos de retroalimentaci\u00f3n. Si hay hielo, este refleja la luz incidente, y el polo se mantiene fr\u00edo. Pero si el hielo comienza a retirarse hacia el norte, la luz solar se absorbe por el suelo deshelado y se retiene como \u201ccalor\u201d (energ\u00eda) en la superficie.<\/p>\n<p align=\"justify\">A lo anterior hay que a\u00f1adir que aunque est\u00e1 calent\u00e1ndose, el polo sigue fr\u00edo, de manera que no tiene convecci\u00f3n del aire: el calor se retiene en la superficie. Adicionalmente, el agua fundida en veranos m\u00e1s calientes retiene el calor, y calienta el hielo en invierno.<\/p>\n<p align=\"justify\">El resultado es el mencionado: el polo se est\u00e1 calentando a un ritmo el doble de r\u00e1pido que el resto del planeta. Es decir, estamos avanzando hacia una situaci\u00f3n de \u201cverano\u201d en invierno: el chorro polar se ha desplazado a una latitud m\u00e1s alta, se ha debilitado y, consecuentemente, sus meandros son m\u00e1s intensos. El resultado son cambios muy bruscos de tiempo, de calor a fr\u00edo y a la inversa, y calimas como la <a href=\"https:\/\/apalmet.es\/calima\/modeloskyron\">prevista para la \u00faltima semana de abril<\/a>.<\/p>\n<p align=\"justify\">Esto es lo que debemos esperar de aqu\u00ed a finales del siglo XXI, porque es evidente que, a pesar de los esfuerzos de la Uni\u00f3n Europea, el resto de los miles de millones de ciudadanos del planeta no van a dejar de emitir cada vez m\u00e1s CO\u2082. Y al calentarse la Tierra, la emisi\u00f3n de metano va a seguir aumentando.<\/p>\n<h3 class=\"western\">La adaptaci\u00f3n, \u00fanica salida<\/h3>\n<p align=\"justify\">La \u00fanica respuesta es la adaptaci\u00f3n a fen\u00f3menos meteorol\u00f3gicos extremos: grandes sequ\u00edas, calor intenso, episodios de heladas muy fuertes, subida del nivel del mar e invasi\u00f3n de especies for\u00e1neas, <a href=\"https:\/\/theconversation.com\/si-no-sanamos-el-clima-volveremos-a-enfermar-135091\">incluyendo pat\u00f3genos<\/a>.<\/p>\n<p align=\"justify\">Entre otras medidas, necesitamos almacenar agua, controlar las riadas plantando \u00e1rboles de forma masiva (miles de millones), reducir el riesgo de heladas en los frutales de La Mancha y del Valle del Ebro, desarrollar cultivos y <a href=\"https:\/\/theconversation.com\/aun-no-sabemos-si-las-plantas-podran-adaptarse-al-cambio-climatico-185735\">especies m\u00e1s resistentes a la sequ\u00eda temprana<\/a> y establecer sistemas de control de la entrada de agua del mar en las costas debida a la combinaci\u00f3n de subida del nivel del mar y el oleaje.<\/p>\n<p align=\"justify\">Esto, adem\u00e1s de proteger nuestra econom\u00eda, generar\u00eda una enorme cantidad de puestos de trabajo.<\/p>\n<p align=\"justify\">Este mismo mensaje lo he lanzado sin cesar respecto a la necesidad del desarrollo de la energ\u00eda solar desde hace 35 a\u00f1os. Se han perdido 30 de estos a\u00f1os, y ahora ya es tarde. No vamos a frenar el cambio clim\u00e1tico.<\/p>\n<p align=\"justify\">Tenemos otros 30 a\u00f1os para adaptarnos al mismo. \u00a1Ojal\u00e1 esta vez s\u00ed nos pongamos al trabajo y no tengamos que decir en 2053 que ya hemos perdido la capacidad de adaptaci\u00f3n en una Espa\u00f1a destrozada!<\/p>\n<p align=\"justify\">Publicado antes en The Confidential<\/p>\n<h3 class=\"western\">Por <a href=\"https:\/\/theconversation.com\/profiles\/antonio-ruiz-de-elvira-serra-832369\">Antonio Ruiz de Elvira Serra <\/a><\/h3>\n<h3 class=\"western\">Catedr\u00e1tico de F\u00edsica Aplicada, Universidad de Alcal\u00e1<\/h3>\n<p>&nbsp;<\/p>\n<p>&nbsp;<\/p>\n","protected":false},"excerpt":{"rendered":"<p>La sequ\u00eda se acent\u00faa en Espa\u00f1a. Si las precipitaciones siguiesen la tendencia hist\u00f3rica, deber\u00eda llover todos los a\u00f1os entre noviembre y abril: seis meses. Pero desde hace unos diez a\u00f1os, se ha reducido el intervalo de lluvias a cuatro meses, de diciembre a marzo.<\/p>\n","protected":false},"author":1,"featured_media":22430,"comment_status":"open","ping_status":"open","sticky":false,"template":"","format":"standard","meta":{"footnotes":""},"categories":[3],"tags":[],"class_list":["post-22428","post","type-post","status-publish","format-standard","has-post-thumbnail","hentry","category-medio-ambiente","sent_by-antonio-ruiz-de-elvira"],"_links":{"self":[{"href":"https:\/\/www.prospereando.es\/index.php\/wp-json\/wp\/v2\/posts\/22428","targetHints":{"allow":["GET"]}}],"collection":[{"href":"https:\/\/www.prospereando.es\/index.php\/wp-json\/wp\/v2\/posts"}],"about":[{"href":"https:\/\/www.prospereando.es\/index.php\/wp-json\/wp\/v2\/types\/post"}],"author":[{"embeddable":true,"href":"https:\/\/www.prospereando.es\/index.php\/wp-json\/wp\/v2\/users\/1"}],"replies":[{"embeddable":true,"href":"https:\/\/www.prospereando.es\/index.php\/wp-json\/wp\/v2\/comments?post=22428"}],"version-history":[{"count":2,"href":"https:\/\/www.prospereando.es\/index.php\/wp-json\/wp\/v2\/posts\/22428\/revisions"}],"predecessor-version":[{"id":22468,"href":"https:\/\/www.prospereando.es\/index.php\/wp-json\/wp\/v2\/posts\/22428\/revisions\/22468"}],"wp:featuredmedia":[{"embeddable":true,"href":"https:\/\/www.prospereando.es\/index.php\/wp-json\/wp\/v2\/media\/22430"}],"wp:attachment":[{"href":"https:\/\/www.prospereando.es\/index.php\/wp-json\/wp\/v2\/media?parent=22428"}],"wp:term":[{"taxonomy":"category","embeddable":true,"href":"https:\/\/www.prospereando.es\/index.php\/wp-json\/wp\/v2\/categories?post=22428"},{"taxonomy":"post_tag","embeddable":true,"href":"https:\/\/www.prospereando.es\/index.php\/wp-json\/wp\/v2\/tags?post=22428"}],"curies":[{"name":"wp","href":"https:\/\/api.w.org\/{rel}","templated":true}]}}