{"id":21828,"date":"2023-01-26T20:44:20","date_gmt":"2023-01-26T19:44:20","guid":{"rendered":"http:\/\/www.prospereando.es\/?p=21828"},"modified":"2023-01-26T20:44:20","modified_gmt":"2023-01-26T19:44:20","slug":"encierro-en-manoteras","status":"publish","type":"post","link":"https:\/\/www.prospereando.es\/index.php\/2023\/01\/26\/encierro-en-manoteras\/","title":{"rendered":"Encierro en Manoteras"},"content":{"rendered":"<p align=\"justify\"><img loading=\"lazy\" decoding=\"async\" class=\" wp-image-21829 aligncenter\" src=\"http:\/\/www.prospereando.es\/wp-content\/uploads\/2023\/01\/encierromedicos1-300x212.jpg\" alt=\"\" width=\"677\" height=\"478\" srcset=\"https:\/\/www.prospereando.es\/wp-content\/uploads\/2023\/01\/encierromedicos1-300x212.jpg 300w, https:\/\/www.prospereando.es\/wp-content\/uploads\/2023\/01\/encierromedicos1.jpg 600w\" sizes=\"auto, (max-width: 677px) 100vw, 677px\" \/><\/p>\n<p align=\"justify\">Un grupo de vecinas y vecinos de la Asociaci\u00f3n Vecinal Valle Incl\u00e1n de Prosperidad hemos ido a visitar a los m\u00e9dicos encerrados desde hace una semana en La Soci (Asociaci\u00f3n Vecinal de Manoteras). Nos recibi\u00f3 el m\u00e9dico que estaba de guardia ya que el resto estaba en la manifestaci\u00f3n que tienen convocada todos los mi\u00e9rcoles de Sagasta a Sol.<\/p>\n<p align=\"justify\">Esperamos a que volvieran para saludarlos y que nos contaron su experiencia. Ya son unos 100 m\u00e9dicos y m\u00e9dicas los que se turnan cada ma\u00f1ana, tarde y noche, son 5 \u00f3 6 los profesionales que se encierran cada vez, ya que no dejan de asistir a su centro de trabajo.<\/p>\n<p align=\"justify\">Nos comentaron que se sienten muy apoyados por las vecinas y vecinos de Manoteras que les llevan todo tipo de comida. Durante el encierro realizan actividades l\u00fadico-educativas abiertas a todas las personas que deseen asistir. As\u00ed mismo se ofrecen a atender a las personas del barrio que lo necesiten.<\/p>\n<p align=\"justify\">Nos pidieron como colaboraci\u00f3n que les llev\u00e1ramos una pancarta que pusiera SUME MANOTERAS. Se la llevaremos en una pr\u00f3xima visita.<\/p>\n","protected":false},"excerpt":{"rendered":"<p>Un grupo de vecinas y vecinos de la Asociaci\u00f3n Vecinal Valle Incl\u00e1n de Prosperidad hemos ido a visitar a los m\u00e9dicos encerrados desde hace una semana en La Soci (Asociaci\u00f3n Vecinal de Manoteras). Nos recibi\u00f3 el m\u00e9dico que estaba de guardia ya que el resto estaba en la manifestaci\u00f3n que tienen convocada todos los mi\u00e9rcoles de Sagasta a Sol. Esperamos a que volvieran para saludarlos y que nos contaron su experiencia. Ya son unos 100 m\u00e9dicos y m\u00e9dicas los que se turnan cada ma\u00f1ana, tarde y noche, son 5 \u00f3 &hellip; <\/p>\n","protected":false},"author":1,"featured_media":21829,"comment_status":"open","ping_status":"open","sticky":false,"template":"","format":"standard","meta":{"footnotes":""},"categories":[11],"tags":[],"class_list":["post-21828","post","type-post","status-publish","format-standard","has-post-thumbnail","hentry","category-sanidad","sent_by-esther-alcolea","sent_by-piedad-blanco"],"_links":{"self":[{"href":"https:\/\/www.prospereando.es\/index.php\/wp-json\/wp\/v2\/posts\/21828","targetHints":{"allow":["GET"]}}],"collection":[{"href":"https:\/\/www.prospereando.es\/index.php\/wp-json\/wp\/v2\/posts"}],"about":[{"href":"https:\/\/www.prospereando.es\/index.php\/wp-json\/wp\/v2\/types\/post"}],"author":[{"embeddable":true,"href":"https:\/\/www.prospereando.es\/index.php\/wp-json\/wp\/v2\/users\/1"}],"replies":[{"embeddable":true,"href":"https:\/\/www.prospereando.es\/index.php\/wp-json\/wp\/v2\/comments?post=21828"}],"version-history":[{"count":1,"href":"https:\/\/www.prospereando.es\/index.php\/wp-json\/wp\/v2\/posts\/21828\/revisions"}],"predecessor-version":[{"id":21830,"href":"https:\/\/www.prospereando.es\/index.php\/wp-json\/wp\/v2\/posts\/21828\/revisions\/21830"}],"wp:featuredmedia":[{"embeddable":true,"href":"https:\/\/www.prospereando.es\/index.php\/wp-json\/wp\/v2\/media\/21829"}],"wp:attachment":[{"href":"https:\/\/www.prospereando.es\/index.php\/wp-json\/wp\/v2\/media?parent=21828"}],"wp:term":[{"taxonomy":"category","embeddable":true,"href":"https:\/\/www.prospereando.es\/index.php\/wp-json\/wp\/v2\/categories?post=21828"},{"taxonomy":"post_tag","embeddable":true,"href":"https:\/\/www.prospereando.es\/index.php\/wp-json\/wp\/v2\/tags?post=21828"}],"curies":[{"name":"wp","href":"https:\/\/api.w.org\/{rel}","templated":true}]}}