{"id":21793,"date":"2023-01-18T23:46:30","date_gmt":"2023-01-18T22:46:30","guid":{"rendered":"http:\/\/www.prospereando.es\/?p=21793"},"modified":"2023-01-18T23:51:59","modified_gmt":"2023-01-18T22:51:59","slug":"operacion-moises","status":"publish","type":"post","link":"https:\/\/www.prospereando.es\/index.php\/2023\/01\/18\/operacion-moises\/","title":{"rendered":"Operaci\u00f3n Mois\u00e9s"},"content":{"rendered":"<p><img loading=\"lazy\" decoding=\"async\" class=\" wp-image-21794 aligncenter\" src=\"http:\/\/www.prospereando.es\/wp-content\/uploads\/2023\/01\/MoisesVaticano1-300x296.jpg\" alt=\"\" width=\"571\" height=\"564\" srcset=\"https:\/\/www.prospereando.es\/wp-content\/uploads\/2023\/01\/MoisesVaticano1-300x296.jpg 300w, https:\/\/www.prospereando.es\/wp-content\/uploads\/2023\/01\/MoisesVaticano1.jpg 600w\" sizes=\"auto, (max-width: 571px) 100vw, 571px\" \/><\/p>\n<p style=\"text-align: center;\"><strong>FANTAS\u00cdA-IMPROMPTU EN TRES ESCENAS Y UN EP\u00cdLOGO<\/strong><\/p>\n<p><strong>ESCENA PRIMERA<\/strong><\/p>\n<p><em>(Sala de estar en la residencia vaticana del Papa).<\/em><\/p>\n<p>-H\u00e1gale pasar -dice el Papa al sacerdote que le anuncia una visita.<\/p>\n<p>-Cuanto honor al llamarme, Su Santidad -dice el hombre de aspecto impecable que se inclina al estrechar la mano que le tiende.<\/p>\n<p>-Estimado director. Primero deseo que perdone esta cita a hora tan intempestiva, pero por el asunto que hemos de tartar lo requiere.<\/p>\n<p>-Siempre, a cualquier hora y lugar, a su servicio, Santidad.<\/p>\n<p>-Por favor, llam\u00e9monos sencillamente director y Francisco, solo eso, es m\u00e1s f\u00e1cil. Y conveniente -hace adem\u00e1n de que las paredes oyen.<\/p>\n<p>-Escucho atentamente, Francisco.<\/p>\n<p>-Quisiera que me indicase que cuadros del Museo Vaticano tendr\u00e1n un buen precio en una subasta en su entidad de Londres.<\/p>\n<p>-\u00bfP\u00fablica?<\/p>\n<p>-Mejor privada. Solo para compradores discretos seleccionados por usted entre sus mejores clientes. Ha de ser confidencial todo el proceso hasta que se complete la operaci\u00f3n.<\/p>\n<p>-Bien, as\u00ed, sin pensarlo mucho, creo que los cuadros m\u00e1s vendibles ser\u00edan&#8230;<\/p>\n<p>-Ver\u00e1, director, antes de eso quiz\u00e1 sea bueno conocer algunos detalles de la operaci\u00f3n que llamaremos en lo sucesivo \u201cMois\u00e9s\u201d, por aquello de la larga traves\u00eda del desierto conduciendo a los israelitas.<\/p>\n<p>-Bien, Operaci\u00f3n Mois\u00e9s, entonces.<\/p>\n<p>-Necesitar\u00eda solamente vender algunos tesoros vaticanos, cuadros en primer lugar, para conseguir unos cuatrocientos millones de euros. El destino no puedo revelarlo por el momento, pondr\u00eda en peligro su resultado -dice el Papa con gesto de inquietud.<\/p>\n<p>-Entiendo, Santidad, s\u00e9 que es por una buena causa y, tambi\u00e9n, arriesgado.<\/p>\n<p>-Para usted no, director. Todo se har\u00e1 con documentos, pero sin que se sepa hasta m\u00e1s adelante.<\/p>\n<p>-Tendr\u00e1 mi absoluta discreci\u00f3n, Francisco.<\/p>\n<p>-\u00a1Gratias Deo! Bien, se trata de subastar algunos cuadros de la Pinacoteca Vaticana, lo cual habr\u00e1 que cerrarlo por obras durante un tiempo hasta que se saquen, siempre con absoluto secreto. No s\u00e9 la forma de hacerlo, pero ustedes podr\u00edan ayudar en ello, espero.<\/p>\n<p>-Es dif\u00edcil, pero simulando una obra y sin que la Guardia Suiza husmee mucho, se podr\u00edan sacar entre los escombros, protegidos y escondidos en los contendores. Por ejemplo, si se trabajase en algunos s\u00f3tanos en los que se guarden obras de arte no expuestas como tienen todos los museos.<\/p>\n<p>-Excelente idea, \u00a1nunca se me hubiese ocurrido! -dice el Papa pensativo.<\/p>\n<p>-Sin duda, naturalmente. Ambos sonr\u00eden.<\/p>\n<p>-Bien, ahora seleccionemos los cuadros de mayor valor para no tener que proteger muchos y sacarlos intactos.<\/p>\n<p>-Hacerlo bien, requerir\u00e1 la ayuda de expertos, c\u00f3mo los nuestros, Francisco, muy acostumbrados a manejar esos tesoros.<\/p>\n<p>-Claro, y se abonar\u00e1n todos los gastos. \u00a1Por supuesto!<\/p>\n<p>-No ser\u00e1n excesivos. Haremos precio de amigo. Y los dos sonr\u00eden de nuevo con cierta complicidad.<\/p>\n<p>-Muy bien. \u00bfQu\u00e9 cuadros piensa usted que ser\u00edan los m\u00e1s adecuados, por tama\u00f1o y dem\u00e1s?<\/p>\n<p>-As\u00ed, recordando&#8230; -cierra los ojos-: de Di Gentile, \u201cLa Virgen de la mariposa\u201d y de Crivelli la \u201cPiedad\u201d, no son muy grandes, creo recordar&#8230; luego, de Cranach El Viejo, el \u201c Cristo de Piedad\u201d&#8230;<\/p>\n<p>-Ah, son del tama\u00f1o adecuado, pero, acaso, su valor&#8230;<\/p>\n<p>-Y se compran mejor&#8230; \u00a1ummm&#8230;!, la \u201cVirgen de la leche\u201d, de Lorenzo di Credi, pudiera ser adecuado.<\/p>\n<p>-No es muy bonito, creo, Quiz\u00e1 sea necesario sacar alguno m\u00e1s&#8230; importante, de m\u00e1s valor, por ejemplo, \u00a1mea culpa!, uno no religioso y tal vez de mayor importancia y precio, a poder ser, de tema seglar.<\/p>\n<p>-Entiendo, por ejemplo, el retrato del Dux Niccolo Marcello&#8230;<\/p>\n<p>-Ese estar\u00eda bien, \u00a1Deux propitius mehi! -y se santigua-, es un Ticiano, valdr\u00e1 una fortuna, imagino, director.<\/p>\n<p>-No tanto.<\/p>\n<p>-Con esto, \u00bfcu\u00e1nto?<\/p>\n<p>-La mitad de lo establecido, supongo.<\/p>\n<p>-Pensaba que tendr\u00eda ya lo suficiente.<\/p>\n<p>-No, Santidad, fallar\u00edan, al menos, dos importantes y otro menor. Por ejemplo, la colecci\u00f3n de los seis cuadros de Donato Creto titulada \u201cObservaciones astron\u00f3micas: El Sol, la Luna, Mercurio, Venus, J\u00fapiter y Saturno\u201d&#8230;<\/p>\n<p>-No s\u00e9. Esos cuadros son muy apreciados por algunos prelados aqu\u00ed, me refiero al propio Vaticano. No quiero molestar demasiado a la Cur\u00eda.<\/p>\n<p>-Entiendo, podremos buscar otros.<\/p>\n<p>-Adem\u00e1s, contamos con mi anillo papal, mis libros y algunas cosas personales, quiz\u00e1&#8230;<\/p>\n<p>-\u00a1Seguro que son m\u00e1s apreciados que muchas de esas pinturas, Santidad!<\/p>\n<p>-No creo, son de escaso valor, pero se las puede poner a subasta por si eso ayudase.<\/p>\n<p>-Entonces, espero \u00f3rdenes. Lo primero, los arreglos en la pinacoteca.<\/p>\n<p>-As\u00ed se har\u00e1, estimado director.<\/p>\n<p>Cuando el responsable de la casa de subastas, sita en King Street y nombre muy apropiado para tratar con el Vaticano, el Pont\u00edfice llama a su secretario:<\/p>\n<p>-Por favor, localice al director de la Pinacoteca&#8230;<\/p>\n<p>-&#8230;<\/p>\n<p>-S\u00ed, ahora. Es mu urgente. Ah, y por la ma\u00f1ana pronto, al responsable de las obras en ese museo. Creo que, en el s\u00f3tano, hay filtraciones del T\u00edber que pueden da\u00f1ar los cuadros. Hay que tomar medidas urgentes.<\/p>\n<p><strong>ESCENA SEGUNDA.<\/strong><\/p>\n<p><em>(Reuni\u00f3n en el despacho del cardenal que se ocupa de las relaciones internacionales, la Geopol\u00edtica y los Movimientos Sociales en el Vaticano)<\/em>.<\/p>\n<p>-Estimado Cardenal, ya conoce mis puntos de vista sobre el papel que est\u00e1 haciendo la Uni\u00f3n Europea en la cuesti\u00f3n de los migrantes y el terrible coste en vidas humanas que esos desafortunados pueblos en oriente pr\u00f3ximo y \u00c1frica est\u00e1n sufriendo por librarse de las guerras y las condiciones sociales que padecen, inimaginables a veces.<\/p>\n<p>-S\u00ed, Santo Padre. No se hace lo que ser\u00eda necesario.<\/p>\n<p>-\u00a1No se hace nada! Y por eso, lo vamos a hacer nosotros, aqu\u00ed en el Vaticano, todo lo que sea preciso para terminar con esas crueles muertes en el mar. Quiero dictar una&#8230;<\/p>\n<p>-\u00bfEnc\u00edclica?<\/p>\n<p>-No. Eso no lo lee nadie, cardenal. Una orden a los nuncios en todos los pa\u00edses de Europa, pidiendo su colaboraci\u00f3n y ayuda. Usted, prepare ya todo lo que necesite para cumplir la orden escrita que le envi\u00e9 hace un par de d\u00edas. Recemos juntos por el buen resultado en nuestras gestiones. <em>\u201cPadre nuestro&#8230;\u00bb<\/em><\/p>\n<p>Al terminar, el Pap\u00e1 sale y yendo en su coche por calles intrincadas de la vieja capital romana, llega hasta la Vicar\u00eda que se ocupa de las \u00d3rdenes Religiosas y, Prelaturas Apost\u00f3licas en todos los pa\u00edses europeos implicados).<\/p>\n<p>-\u00a1Qu\u00e9 tal van esas tares Superior General<\/p>\n<p>-Muy bien, Santidad. Ya saben en todos los monasterios y conventos, casas parroquiales y seminarios de cualquier tipo, lo que deben hacer. Y todos est\u00e1n recibiendo las cantidades de euros que les ha correspondido para hacer frente a los gastos de acogida y manutenci\u00f3n seg\u00fan su capacidad y n\u00famero de refugiados acogidos en ellos hasta que, las autoridades y la iniciativa privada de cada pa\u00eds, Italia en primer lugar, Grecia y luego, Espa\u00f1a, Portugal y Francia os reciban y den trabajo cuando se rescaten por nuestros \u201cManos amigas\u201d y \u201cBrazos abiertos\u201d, adem\u00e1s de los de los otros pa\u00edses y ONGs, y puedan llegar sanos y salvos a tierra.<\/p>\n<p>-Buen trabajo, General, los Jesuitas siempre tan eficaces en todo.<\/p>\n<p>-Santidad. Dice y se arrodilla para besarle el anillo que no encuentra en su dedo.<\/p>\n<p>-Lo he perdido -dice el Papa que, sonriente, le alza y le abraza. Estamos en el camino, Arturo -le dice llam\u00e1ndole por su nombre.<\/p>\n<p><strong>CUADRO TERCERO<\/strong><\/p>\n<p><em>(En el Ministerio de Asuntos Exteriores de un pa\u00eds de la UE)<\/em><\/p>\n<p>-Se\u00f1or ministro -dice un funcionario por el tel\u00e9fono seguro de su departamento-, esta es una operaci\u00f3n a gran escala.<br \/>\n-&#8230;.<\/p>\n<p>-Ya hemos recibido a seis mil en solo dos meses y no paran de llegar m\u00e1s. Es una avalancha.<\/p>\n<p>-&#8230;<\/p>\n<p>-No, no podemos hacer nada. Vienen con su visado y el pasaporte del Vaticano y van directamente a sus seminarios, casas parroquiales, conventos, monasterios y otros centros de oraci\u00f3n y casas sacerdotales preparadas para ello. No se les puede retener, menos a\u00fan, expulsar. Es una operaci\u00f3n vaticana en toda regla. Operaci\u00f3n Mois\u00e9s lo llaman.<\/p>\n<p>-&#8230;<\/p>\n<p>-No, de momento no nos han creado graves problemas, tienes tambi\u00e9n sus monjas m\u00e9dicos y cirujanos entre sus miembros que se hacen cargo de los enfermos o heridos que llegan por la dura traves\u00eda realizada hasta llegar a la tierra prometida&#8230; Europa.<\/p>\n<p>-&#8230;<\/p>\n<p>-Sinceramente, se\u00f1or ministro, es una maravilla y todos aqu\u00ed y en el Ministerio del Interior estamos en \u00e9xtasis. \u00a1Qu\u00e9 fant\u00e1stico, ni que lo hubiesen organizado los jesuitas!<\/p>\n<p>-&#8230;<\/p>\n<p>-S\u00ed, esos s\u00ed que saben. Son peligrosos.<\/p>\n<p>-&#8230;<\/p>\n<p>-Lo intentamos, se\u00f1or. Gracias por sus palabras de apoyo.<\/p>\n<p><strong>EP\u00cdLOGO<\/strong><\/p>\n<p>-Santidad, desde que se puso en marcha nuestra operaci\u00f3n Mois\u00e9s, ya no han muerto m\u00e1s migrantes tratando de huir de la guerra, la tiran\u00eda o el hambre. Est\u00e1 siendo un \u00e9xito. Y est\u00e1n a salvo en tierra.<\/p>\n<p>-Disfruto escuch\u00e1ndole, \u00a1menos mal, superior general!&#8230; hoy vamos a dormir todos como ni\u00f1os. Gracias por su informaci\u00f3n y su ayuda. \u00a1Dominus in nobis!<\/p>\n<p>Cuelga el tel\u00e9fono, apaga la luz y al poco se oye su respiraci\u00f3n pausada y tranquila. Sobre la mesilla de noche queda humeante la infusi\u00f3n de mate que le traen todas las noche y que \u00e9l, previsoramente, tira por el sumidero.<\/p>\n","protected":false},"excerpt":{"rendered":"<p>FANTAS\u00cdA-IMPROMPTU EN TRES ESCENAS Y UN EP\u00cdLOGO.<br \/>\nESCENA PRIMERA.<br \/>\n(Sala de estar en la residencia vaticana del Papa).<br \/>\n-H\u00e1gale pasar -dice el Papa al sacerdote que le anuncia una visita.<br \/>\n-Cuanto honor al llamarme, Su Santidad -dice el hombre de aspecto impecable que se inclina al estrechar la mano que le tiende.<\/p>\n","protected":false},"author":1,"featured_media":21795,"comment_status":"open","ping_status":"open","sticky":false,"template":"","format":"standard","meta":{"footnotes":""},"categories":[29],"tags":[],"class_list":["post-21793","post","type-post","status-publish","format-standard","has-post-thumbnail","hentry","category-cuentame","sent_by-gregorio-torres-trivino"],"_links":{"self":[{"href":"https:\/\/www.prospereando.es\/index.php\/wp-json\/wp\/v2\/posts\/21793","targetHints":{"allow":["GET"]}}],"collection":[{"href":"https:\/\/www.prospereando.es\/index.php\/wp-json\/wp\/v2\/posts"}],"about":[{"href":"https:\/\/www.prospereando.es\/index.php\/wp-json\/wp\/v2\/types\/post"}],"author":[{"embeddable":true,"href":"https:\/\/www.prospereando.es\/index.php\/wp-json\/wp\/v2\/users\/1"}],"replies":[{"embeddable":true,"href":"https:\/\/www.prospereando.es\/index.php\/wp-json\/wp\/v2\/comments?post=21793"}],"version-history":[{"count":5,"href":"https:\/\/www.prospereando.es\/index.php\/wp-json\/wp\/v2\/posts\/21793\/revisions"}],"predecessor-version":[{"id":21800,"href":"https:\/\/www.prospereando.es\/index.php\/wp-json\/wp\/v2\/posts\/21793\/revisions\/21800"}],"wp:featuredmedia":[{"embeddable":true,"href":"https:\/\/www.prospereando.es\/index.php\/wp-json\/wp\/v2\/media\/21795"}],"wp:attachment":[{"href":"https:\/\/www.prospereando.es\/index.php\/wp-json\/wp\/v2\/media?parent=21793"}],"wp:term":[{"taxonomy":"category","embeddable":true,"href":"https:\/\/www.prospereando.es\/index.php\/wp-json\/wp\/v2\/categories?post=21793"},{"taxonomy":"post_tag","embeddable":true,"href":"https:\/\/www.prospereando.es\/index.php\/wp-json\/wp\/v2\/tags?post=21793"}],"curies":[{"name":"wp","href":"https:\/\/api.w.org\/{rel}","templated":true}]}}