{"id":21718,"date":"2023-01-04T20:43:37","date_gmt":"2023-01-04T19:43:37","guid":{"rendered":"http:\/\/www.prospereando.es\/?p=21718"},"modified":"2023-01-04T20:43:37","modified_gmt":"2023-01-04T19:43:37","slug":"haciendo-barrio","status":"publish","type":"post","link":"https:\/\/www.prospereando.es\/index.php\/2023\/01\/04\/haciendo-barrio\/","title":{"rendered":"Haciendo barrio"},"content":{"rendered":"<p><img loading=\"lazy\" decoding=\"async\" class=\" wp-image-21719 aligncenter\" src=\"http:\/\/www.prospereando.es\/wp-content\/uploads\/2023\/01\/villancicoscoro1-300x199.jpg\" alt=\"\" width=\"610\" height=\"405\" srcset=\"https:\/\/www.prospereando.es\/wp-content\/uploads\/2023\/01\/villancicoscoro1-300x199.jpg 300w, https:\/\/www.prospereando.es\/wp-content\/uploads\/2023\/01\/villancicoscoro1.jpg 600w\" sizes=\"auto, (max-width: 610px) 100vw, 610px\" \/><\/p>\n<p>Hoy quiero compartir con vosotros una experiencia muy especial. El viernes 16 de diciembre hemos abierto nuestro local para recibir a los coros, infantil y adulto, de nuestra Escuela Municipal de M\u00fasica Mar\u00eda Rodrigo que se ubica en el Centro Cultural Nicol\u00e1s Salmer\u00f3n.<\/p>\n<p>Ha sido precioso ver a un pu\u00f1ado de ni\u00f1os desde&#8230;\u00bfcuatro? a\u00f1os hasta&#8230; \u00bfcatorce, quince?\u00a0 bajo la batuta de su directora Dafne Oramas, regalarnos unos villancicos.<\/p>\n<p>Hemos sido muchos, padres, hermanos,abuelos, vecinos, para escucharles y disfrutar. Ha tomado el relevo un grupo de adultos en el que domina de manera abrumadora el sexo femenino para continuar con m\u00e1s villancicos, el \u00faltimo de los cuales ha sido Adeste Fideles que lo hemos cantado ni\u00f1os y mayores juntos.<\/p>\n<p>El programa elegido por la directora ha sido muy variado, desde el supercl\u00e1sico \u201cNoche de Paz\u201d, el Argentino \u201cAy para Navidad\u201d hasta el espa\u00f1ol m\u00e1s actual \u201cEl delantal de la Virgen.\u201d<\/p>\n<p>Valoro mucho la m\u00fasica como alimento espiritual, y creo que ha sido una suerte vivir esta emoci\u00f3n como vecina y como integrante del coro de adultos.<\/p>\n<p>Esta manera de hacer barrio, que nos ayuda a conocernos a trav\u00e9s de la cultura, nos enriquece a todos, y ha sido\u00a0 una experiencia nueva para la asociaci\u00f3n que por cierto, conoc\u00eda ya la escuela de m\u00fasica, porque desde hace a\u00f1os, y esperamos que as\u00ed vuelva a ocurrir en 2023, ha recibido a su agrupaci\u00f3n de guitarras.<\/p>\n<p>Si te gusta cantar puedes apuntarte, ser\u00e1s bienvenido o bienvenida. Y ya te contamos tambi\u00e9n que en la misma asociaci\u00f3n tenemos un peque\u00f1o coro, que ensaya los viernes y que nos proporciona muy buenos ratos, donde te esperamos tambi\u00e9n.<\/p>\n","protected":false},"excerpt":{"rendered":"<p>Hoy quiero compartir con vosotros una experiencia muy especial. El viernes 16 de diciembre hemos abierto nuestro local para recibir a los coros, infantil y adulto, de nuestra Escuela Municipal de M\u00fasica Mar\u00eda Rodrigo que se ubica en el Centro Cultural Nicol\u00e1s Salmer\u00f3n.<\/p>\n","protected":false},"author":1,"featured_media":21719,"comment_status":"open","ping_status":"open","sticky":false,"template":"","format":"standard","meta":{"footnotes":""},"categories":[26],"tags":[],"class_list":["post-21718","post","type-post","status-publish","format-standard","has-post-thumbnail","hentry","category-nuestro-barrio","sent_by-carmen-bonet"],"_links":{"self":[{"href":"https:\/\/www.prospereando.es\/index.php\/wp-json\/wp\/v2\/posts\/21718","targetHints":{"allow":["GET"]}}],"collection":[{"href":"https:\/\/www.prospereando.es\/index.php\/wp-json\/wp\/v2\/posts"}],"about":[{"href":"https:\/\/www.prospereando.es\/index.php\/wp-json\/wp\/v2\/types\/post"}],"author":[{"embeddable":true,"href":"https:\/\/www.prospereando.es\/index.php\/wp-json\/wp\/v2\/users\/1"}],"replies":[{"embeddable":true,"href":"https:\/\/www.prospereando.es\/index.php\/wp-json\/wp\/v2\/comments?post=21718"}],"version-history":[{"count":1,"href":"https:\/\/www.prospereando.es\/index.php\/wp-json\/wp\/v2\/posts\/21718\/revisions"}],"predecessor-version":[{"id":21720,"href":"https:\/\/www.prospereando.es\/index.php\/wp-json\/wp\/v2\/posts\/21718\/revisions\/21720"}],"wp:featuredmedia":[{"embeddable":true,"href":"https:\/\/www.prospereando.es\/index.php\/wp-json\/wp\/v2\/media\/21719"}],"wp:attachment":[{"href":"https:\/\/www.prospereando.es\/index.php\/wp-json\/wp\/v2\/media?parent=21718"}],"wp:term":[{"taxonomy":"category","embeddable":true,"href":"https:\/\/www.prospereando.es\/index.php\/wp-json\/wp\/v2\/categories?post=21718"},{"taxonomy":"post_tag","embeddable":true,"href":"https:\/\/www.prospereando.es\/index.php\/wp-json\/wp\/v2\/tags?post=21718"}],"curies":[{"name":"wp","href":"https:\/\/api.w.org\/{rel}","templated":true}]}}