{"id":21660,"date":"2022-12-21T21:55:29","date_gmt":"2022-12-21T20:55:29","guid":{"rendered":"http:\/\/www.prospereando.es\/?p=21660"},"modified":"2022-12-23T20:16:33","modified_gmt":"2022-12-23T19:16:33","slug":"villancicos-firmas-teatro-y-asociacionismo","status":"publish","type":"post","link":"https:\/\/www.prospereando.es\/index.php\/2022\/12\/21\/villancicos-firmas-teatro-y-asociacionismo\/","title":{"rendered":"Villancicos, firmas, teatro y asociacionismo"},"content":{"rendered":"<p><img loading=\"lazy\" decoding=\"async\" class=\" wp-image-21661 aligncenter\" src=\"http:\/\/www.prospereando.es\/wp-content\/uploads\/2022\/12\/navidad22coro-300x133.jpg\" alt=\"\" width=\"640\" height=\"284\" srcset=\"https:\/\/www.prospereando.es\/wp-content\/uploads\/2022\/12\/navidad22coro-300x133.jpg 300w, https:\/\/www.prospereando.es\/wp-content\/uploads\/2022\/12\/navidad22coro-768x340.jpg 768w, https:\/\/www.prospereando.es\/wp-content\/uploads\/2022\/12\/navidad22coro.jpg 787w\" sizes=\"auto, (max-width: 640px) 100vw, 640px\" \/><\/p>\n<p>Fiesta de Navidad en la Asociaci\u00f3n Vecinal Valle Incl\u00e1n. Son las 18.30, el aforo ya est\u00e1 lleno. La lluvia que cae persistentemente en Madrid no desanima a los asistentes al acto.<\/p>\n<p>Seju Monz\u00f3n es el conductor de los festejos, introduce al Presidente de la A. Vecinal, Felix Arias, que nos da la bienvenida y nos relata el trabajo realizado en el a\u00f1o que se acaba. Ha estado mayoritariamente enfocado a la sanidad p\u00fablica, con la respuesta de la ciudadan\u00eda de Madrid el pasado 13 de diciembre, en una manifestaci\u00f3n colosal. Nos avisa que se prepara otra para el 12 de febrero. La Asociaci\u00f3n no faltar\u00e1 a la cita, para mostrar su lucha por la defensa de lo p\u00fablico, sanidad, educaci\u00f3n servicios sociales y para conseguir una sociedad m\u00e1s igualitaria.<\/p>\n<p>Seju, recuerda que existe una recogida de firmas para exigir a la Comunidad de Madrid, un autob\u00fas que una el CAP de Prosperidad con el de Baviera y por una sanidad universal y de calidad. El p\u00fablico es solidario y firma.<\/p>\n<p>Sus palabras dieron paso al Coro de la Asociaci\u00f3n, dirigido por Miguel, a cuatro villancicos, \u201cNoche de paz\u201d, \u201cDu\u00e9rmete ni\u00f1o\u201d, \u201cAdeste fidele\u201d y \u201cZamba navide\u00f1a\u201d. La m\u00fasica y las voces graves y agudas bien afinadas nos introducen en el ambiente navide\u00f1o. El p\u00fablico lo siente y lo demuestra con sus aplausos.<\/p>\n<p><img loading=\"lazy\" decoding=\"async\" class=\" wp-image-21662 aligncenter\" src=\"http:\/\/www.prospereando.es\/wp-content\/uploads\/2022\/12\/navidad22guitarra-221x300.jpg\" alt=\"\" width=\"412\" height=\"559\" srcset=\"https:\/\/www.prospereando.es\/wp-content\/uploads\/2022\/12\/navidad22guitarra-221x300.jpg 221w, https:\/\/www.prospereando.es\/wp-content\/uploads\/2022\/12\/navidad22guitarra.jpg 442w\" sizes=\"auto, (max-width: 412px) 100vw, 412px\" \/><\/p>\n<p>De nuevo Seju introduce a Jose Antonio, cantante y guitarrista. Suenan los acordes de Pablo Milan\u00e9s, Joan Manuel Serrat, el p\u00fablico se hace una sola voz y los aplausos vuelven a llenar la sala.<\/p>\n<p><img loading=\"lazy\" decoding=\"async\" class=\" wp-image-21663 aligncenter\" src=\"http:\/\/www.prospereando.es\/wp-content\/uploads\/2022\/12\/navidad22lagente-300x131.jpg\" alt=\"\" width=\"650\" height=\"284\" srcset=\"https:\/\/www.prospereando.es\/wp-content\/uploads\/2022\/12\/navidad22lagente-300x131.jpg 300w, https:\/\/www.prospereando.es\/wp-content\/uploads\/2022\/12\/navidad22lagente-768x335.jpg 768w, https:\/\/www.prospereando.es\/wp-content\/uploads\/2022\/12\/navidad22lagente.jpg 800w\" sizes=\"auto, (max-width: 650px) 100vw, 650px\" \/><\/p>\n<p>Y llega el acto final \u201cVerde que te quiero verde\u201d, obra de teatro, en la que se aborda el calentamiento global. Los mensajes hacen acto de presencia en la sala: por un consumo sostenible, por el cuidado de la naturaleza, por la b\u00fasqueda de la felicidad fuera de los cauces establecidos, por el amor a la tierra.<\/p>\n<p><img loading=\"lazy\" decoding=\"async\" class=\" wp-image-21667 aligncenter\" src=\"http:\/\/www.prospereando.es\/wp-content\/uploads\/2022\/12\/navidad22greta-145x300.jpg\" alt=\"\" width=\"457\" height=\"946\" srcset=\"https:\/\/www.prospereando.es\/wp-content\/uploads\/2022\/12\/navidad22greta-145x300.jpg 145w, https:\/\/www.prospereando.es\/wp-content\/uploads\/2022\/12\/navidad22greta.jpg 387w\" sizes=\"auto, (max-width: 457px) 100vw, 457px\" \/><\/p>\n<p>Se acaba la representaci\u00f3n poniendo el acento en la situaci\u00f3n de emergencia clim\u00e1tica en la que se encuentra el planeta.<\/p>\n<p><img loading=\"lazy\" decoding=\"async\" class=\" wp-image-21664 aligncenter\" src=\"http:\/\/www.prospereando.es\/wp-content\/uploads\/2022\/12\/navidad22maribel-300x131.jpg\" alt=\"\" width=\"623\" height=\"272\" srcset=\"https:\/\/www.prospereando.es\/wp-content\/uploads\/2022\/12\/navidad22maribel-300x131.jpg 300w, https:\/\/www.prospereando.es\/wp-content\/uploads\/2022\/12\/navidad22maribel-768x335.jpg 768w, https:\/\/www.prospereando.es\/wp-content\/uploads\/2022\/12\/navidad22maribel.jpg 800w\" sizes=\"auto, (max-width: 623px) 100vw, 623px\" \/><\/p>\n<p>Saludos de las personas que han contribuido a la realizaci\u00f3n de la obra de teatro: Marga, Gisela, Gloria, Cristina, Chus, Carmen, Elena, Pepa, Maria Jos\u00e9, Miguel, Elisa, Esther, Maite, Juan,\u2026 y la guionista y directora del mismo Maribel Rodr\u00edguez Gorostiza.<\/p>\n<p>Se oye alg\u00fan bravo, el p\u00fablico con caras sonrientes aplaude y la temperatura de la sala aumenta unos cuantos grados en solidaridad, en asociacionismo, en voluntad de hacer un mundo sostenible.<\/p>\n<p>El encuentro continua con un vino ilustrado, por el 2023, y por avanzar en igualdad, ecolog\u00eda y feminismo.<\/p>\n<p><img loading=\"lazy\" decoding=\"async\" class=\" wp-image-21666 aligncenter\" src=\"http:\/\/www.prospereando.es\/wp-content\/uploads\/2022\/12\/navidad22cristina-300x131.jpg\" alt=\"\" width=\"676\" height=\"295\" srcset=\"https:\/\/www.prospereando.es\/wp-content\/uploads\/2022\/12\/navidad22cristina-300x131.jpg 300w, https:\/\/www.prospereando.es\/wp-content\/uploads\/2022\/12\/navidad22cristina-768x335.jpg 768w, https:\/\/www.prospereando.es\/wp-content\/uploads\/2022\/12\/navidad22cristina.jpg 800w\" sizes=\"auto, (max-width: 676px) 100vw, 676px\" \/><\/p>\n<p>&nbsp;<\/p>\n<p><a href=\"https:\/\/photos.app.goo.gl\/rk6MLUZBbBuczk1J9\">Video Fiesta de Navidad 2022 Aso Valle Incl\u00e1n <\/a><\/p>\n","protected":false},"excerpt":{"rendered":"<p>Fiesta de Navidad en la Asociaci\u00f3n Vecinal Valle Incl\u00e1n. Son las 18.30, el aforo ya est\u00e1 lleno. La lluvia que cae persistentemente en Madrid no desanima a los asistentes al acto.<\/p>\n","protected":false},"author":1,"featured_media":21661,"comment_status":"open","ping_status":"open","sticky":false,"template":"","format":"standard","meta":{"footnotes":""},"categories":[26],"tags":[],"class_list":["post-21660","post","type-post","status-publish","format-standard","has-post-thumbnail","hentry","category-nuestro-barrio","sent_by-carmen-moleres"],"_links":{"self":[{"href":"https:\/\/www.prospereando.es\/index.php\/wp-json\/wp\/v2\/posts\/21660","targetHints":{"allow":["GET"]}}],"collection":[{"href":"https:\/\/www.prospereando.es\/index.php\/wp-json\/wp\/v2\/posts"}],"about":[{"href":"https:\/\/www.prospereando.es\/index.php\/wp-json\/wp\/v2\/types\/post"}],"author":[{"embeddable":true,"href":"https:\/\/www.prospereando.es\/index.php\/wp-json\/wp\/v2\/users\/1"}],"replies":[{"embeddable":true,"href":"https:\/\/www.prospereando.es\/index.php\/wp-json\/wp\/v2\/comments?post=21660"}],"version-history":[{"count":4,"href":"https:\/\/www.prospereando.es\/index.php\/wp-json\/wp\/v2\/posts\/21660\/revisions"}],"predecessor-version":[{"id":21678,"href":"https:\/\/www.prospereando.es\/index.php\/wp-json\/wp\/v2\/posts\/21660\/revisions\/21678"}],"wp:featuredmedia":[{"embeddable":true,"href":"https:\/\/www.prospereando.es\/index.php\/wp-json\/wp\/v2\/media\/21661"}],"wp:attachment":[{"href":"https:\/\/www.prospereando.es\/index.php\/wp-json\/wp\/v2\/media?parent=21660"}],"wp:term":[{"taxonomy":"category","embeddable":true,"href":"https:\/\/www.prospereando.es\/index.php\/wp-json\/wp\/v2\/categories?post=21660"},{"taxonomy":"post_tag","embeddable":true,"href":"https:\/\/www.prospereando.es\/index.php\/wp-json\/wp\/v2\/tags?post=21660"}],"curies":[{"name":"wp","href":"https:\/\/api.w.org\/{rel}","templated":true}]}}