{"id":21654,"date":"2022-12-21T21:22:08","date_gmt":"2022-12-21T20:22:08","guid":{"rendered":"http:\/\/www.prospereando.es\/?p=21654"},"modified":"2022-12-21T21:22:56","modified_gmt":"2022-12-21T20:22:56","slug":"pistas-clave-para-reconocer-un-alimento-ultraprocesado","status":"publish","type":"post","link":"https:\/\/www.prospereando.es\/index.php\/2022\/12\/21\/pistas-clave-para-reconocer-un-alimento-ultraprocesado\/","title":{"rendered":"Pistas clave para reconocer un alimento ultraprocesado"},"content":{"rendered":"<p><img loading=\"lazy\" decoding=\"async\" class=\" wp-image-21657 aligncenter\" src=\"http:\/\/www.prospereando.es\/wp-content\/uploads\/2022\/12\/supertratados3-300x192.jpg\" alt=\"\" width=\"674\" height=\"431\" srcset=\"https:\/\/www.prospereando.es\/wp-content\/uploads\/2022\/12\/supertratados3-300x192.jpg 300w, https:\/\/www.prospereando.es\/wp-content\/uploads\/2022\/12\/supertratados3.jpg 600w\" sizes=\"auto, (max-width: 674px) 100vw, 674px\" \/><\/p>\n<p><strong>Pistas clave para reconocer un alimento ultraprocesado<\/strong><\/p>\n<p>Nos encontramos frente a la estanter\u00eda del supermercado. Nuestro carro de la compra ya est\u00e1 medio lleno. \u00daltimamente se habla mucho de los alimentos <em><a href=\"https:\/\/theconversation.com\/la-libertad-de-elegir-una-alimentacion-saludable-frente-al-negocio-de-los-ultraprocesados-162029\">ultraprocesados <\/a><\/em>y lo perjudicial que es su consumo, y hoy venimos decididos a desterrarlos de la cesta de la compra.<\/p>\n<p>Pero al echar un vistazo al contenido del carrito de la compra nos asalta la duda: \u00bfde verdad hemos conseguido nuestro objetivo? \u00bfSabemos distinguir los alimentos ultraprocesados de los que no lo son?<\/p>\n<p>La realidad es que a la mayor\u00eda de la gente le cuesta clasificar correctamente los alimentos seg\u00fan su grado de procesamiento. Por ejemplo, no todo el mundo sabe que el yogur natural no es un alimento ultraprocesado, pero s\u00ed lo es el yogur de sabores. El yogur natural es un producto l\u00e1cteo obtenido a partir de un proceso de fermentaci\u00f3n de leche que ha sido previamente tratada t\u00e9rmicamente, pero sin a\u00f1adidos de az\u00facares o sal.<\/p>\n<p>Siguiendo con los productos l\u00e1cteos, la leche entera, la semidesnatada y la desnatada se clasifican en el mismo grupo, el grupo de alimentos m\u00ednimamente procesados, a pesar de su muy diferente contenido en grasa saturada.<\/p>\n<p><strong>Nuestra misi\u00f3n es compartir el conocimiento y enriquecer el debate.<\/strong><\/p>\n<p>Tampoco se clasifican como alimentos ultraprocesados los aceites refinados. Ni siquiera la mantequilla, aunque s\u00ed la margarina, <a href=\"https:\/\/www.mayoclinic.org\/es-es\/healthy-lifestyle\/nutrition-and-healthy-eating\/expert-answers\/butter-vs-margarine\/faq-20058152\">a <\/a><em><a href=\"https:\/\/www.mayoclinic.org\/es-es\/healthy-lifestyle\/nutrition-and-healthy-eating\/expert-answers\/butter-vs-margarine\/faq-20058152\">pesar de que la mantequilla contiene m\u00e1s grasas saturadas (y algunas tienen m\u00e1s grasas trans que otras)<\/a>. <\/em><\/p>\n<p><strong>Pros y contras del sistema NOVA<\/strong><\/p>\n<p>No es de extra\u00f1ar que se confundan los t\u00e9rminos, dado que, en la actualidad, existen diferentes m\u00e9todos para clasificar a los alimentos seg\u00fan su grado de procesamiento. El m\u00e1s extendido es el sistema <em><a href=\"https:\/\/www.fao.org\/3\/ca5644en\/ca5644en.pdf\">NOVA<\/a><\/em>, desarrollado en la Universidad de Sao Paulo (Brasil) por Carlos Monteiro. Define a los alimentos ultraprocesados como productos alimenticios compuestos, en su mayor parte o en su totalidad, por <em><a href=\"https:\/\/www.scielo.br\/j\/csp\/a\/fQWy8tBbJkMFhGq6gPzsGkb\/?lang=en\">sustancias derivadas de alimentos y aditivos <\/a><\/em>con una cantidad m\u00ednima o inexistente del alimento no procesado o m\u00ednimamente procesado del que proceden.<\/p>\n<p>En la actualidad, existe <em><a href=\"https:\/\/www.nutricio.urv.cat\/media\/upload\/domain_1498\/imatges\/llibres\/ULTRAPROCESADOS%2021-06.pdf\">mucho debate sobre la idoneidad de este sistema<\/a>. <\/em>A favor est\u00e1 el hecho de que es claro y preciso. En su contra se ha argumentado que clasifica a los alimentos por el n\u00famero, tipo y cantidad de aditivos que llevan, m\u00e1s que por el grado de procesamiento en s\u00ed.<\/p>\n<p>Por ejemplo, si usamos la clasificaci\u00f3n NOVA muchos productos alimenticios veganos o vegetarianos son clasificados como ultraprocesados. De hecho, hasta el 40 % de la dieta habitual vegetariana o\u00a0<em><a href=\"https:\/\/academic.oup.com\/ajcn\/advance-article\/doi\/10.1093\/ajcn\/nqac230\/6762413?login=false\">vegana <\/a><\/em>la constituir\u00edan alimentos ultraprocesados.<\/p>\n<p>Tambi\u00e9n se ha argumentado que este sistema de clasificaci\u00f3n es vago y\u00a0<a href=\"https:\/\/pubmed.ncbi.nlm.nih.gov\/35078675\/\">confuso<\/a>. As\u00ed, dentro de la simplificaci\u00f3n de las categor\u00edas NOVA nos podemos encontrar con alimentos con alg\u00fan tipo de procesamiento y alg\u00fan nutriente cr\u00edtico (az\u00facar), que se califican como ultraprocesados pero en realidad mantienen su alta densidad nutricional. Y, en la misma categor\u00eda, alimentos que han sido modificados para que resulten m\u00e1s apetecibles y que desde el punto de vista nutricional tienen una densidad nutricional muy baja.<\/p>\n<p>Sin ir m\u00e1s lejos, el sistema NOVA coloca en la misma categor\u00eda los yogures naturales\u2026 \u00a1y el bacon ahumado! De hecho, el bacon se clasifica como alimento procesado, pero no ultraprocesado, a pesar de que se recomienda reducir su consumo.<\/p>\n<p>Por ejemplo: seg\u00fan NOVA el pan blanco de molde no se clasifica como alimento ultraprocesado, solo procesado. Lo mismo pasa con el pan de molde integral y, sin embargo, tienen caracter\u00edsticas nutricionales bastante diferentes. En concreto, el integral es nutricionalmente mejor.<\/p>\n<p>Los cereales de grano completo, presentes en los panes integrales, son una fuente importante de nutrientes como minerales y vitaminas y, sobre todo, <a href=\"https:\/\/www.ncbi.nlm.nih.gov\/pmc\/articles\/PMC9196906\/\">fibra<\/a>. Se han asociado a beneficios para la salud y pueden ayudar a prevenir enfermedades cr\u00f3nicas como la enfermedad cardiovascular o la diabetes. Al contrario, los cereales refinados son pobres en estos nutrientes y se han asociado al desarrollo de estas enfermedades.<\/p>\n<p>El Informe del Comit\u00e9 Cient\u00edfico de la Agencia Espa\u00f1ola de Seguridad Alimentaria y Nutrici\u00f3n (AESAN) <em><a href=\"https:\/\/www.aesan.gob.es\/AECOSAN\/docs\/documentos\/seguridad_alimentaria\/evaluacion_riesgos\/informes_comite\/ULTRAPROCESADOS.pdf\">sobre el impacto del consumo de alimentos \u201cultra-procesados\u201d en la salud de los consumidores <\/a><\/em>de 2020 tambi\u00e9n remarca que \u201cel t\u00e9rmino ultra-procesado (sic) no debe asociarse ni con la intensidad del grado de procesado de un alimento ni a una baja calidad nutricional del producto\u201d. As\u00ed, este comit\u00e9 pone como ejemplo el caf\u00e9 tostado, clasificado como alimento m\u00ednimamente procesado, a pesar de que el tostado del caf\u00e9 es una t\u00e9cnica de procesamiento intensa que modifica en gran medida las propiedades nutricionales del caf\u00e9.<\/p>\n<p><img loading=\"lazy\" decoding=\"async\" class=\" wp-image-21655 aligncenter\" src=\"http:\/\/www.prospereando.es\/wp-content\/uploads\/2022\/12\/supertratados1-300x150.jpg\" alt=\"\" width=\"660\" height=\"330\" srcset=\"https:\/\/www.prospereando.es\/wp-content\/uploads\/2022\/12\/supertratados1-300x150.jpg 300w, https:\/\/www.prospereando.es\/wp-content\/uploads\/2022\/12\/supertratados1.jpg 754w\" sizes=\"auto, (max-width: 660px) 100vw, 660px\" \/><\/p>\n<p>&nbsp;<\/p>\n<p><strong>\u00bfLos aditivos matan?<\/strong><\/p>\n<p>En la actualidad existen muchos estudios que muestran que el abuso de alimentos ultraprocesados <em><a href=\"https:\/\/pubmed.ncbi.nlm.nih.gov\/34124866\/\">se asocia a mayor mortalidad y a mayor incidencia de enfermedades del coraz\u00f3n, diabetes, c\u00e1ncer y obesidad, entre otras<\/a><\/em>. Teniendo en cuenta que el consumo de estos alimentos ha aumentado en las \u00faltimas d\u00e9cadas en <em><a href=\"https:\/\/www.ncbi.nlm.nih.gov\/pmc\/articles\/PMC8921104\/\">muchos pa\u00edses<\/a>, <\/em>incluida <em><a href=\"https:\/\/www.ncbi.nlm.nih.gov\/pmc\/articles\/PMC9370340\/\">Espa\u00f1a<\/a>, <\/em>tenemos sobrados motivos para preocuparnos.<\/p>\n<p>Pero, \u00bfqu\u00e9 cuenta m\u00e1s, el grado de procesamiento o el tipo y cantidad de aditivos que llevan los alimentos? \u00bfSupondr\u00eda el mismo perjuicio para la salud el consumo de estos alimentos si se redujeran o eliminaran aditivos como la sal o el az\u00facar? \u00bfIncluso si siguen siendo ultraprocesados?<\/p>\n<p><strong>Alternativas a NOVA<\/strong><\/p>\n<p>Aunque NOVA es el sistema m\u00e1s utilizado en estudios epidemiol\u00f3gicos, existen alternativas que superan algunos de sus inconvenientes. En concreto, <em><a href=\"https:\/\/hal.archives-ouvertes.fr\/hal-03182220\/document\">el sistema SIGA (de origen franc\u00e9s) recurre a 8 categor\u00edas en lugar de a 4<\/a>, <\/em>con lo que gana en matices. Adem\u00e1s, seg\u00fan los expertos incorpora nuevos elementos cient\u00edficos haciendo m\u00e1s hincapi\u00e9 en el grado de procesamiento e incluyendo el uso de aditivos sobre los que existe controversia sobre su posible riesgo para la salud y algunos procesos dr\u00e1sticos que impactan directamente sobre la matriz de los alimentos, como el inflado o el fre\u00eddo previo. En definitiva, tiene m\u00e1s marcadores de ultraprocesamiento o transformaci\u00f3n, mientras que NOVA se fija m\u00e1s en la funci\u00f3n de los aditivos a\u00f1adidos.<\/p>\n<p><img loading=\"lazy\" decoding=\"async\" class=\" wp-image-21656 aligncenter\" src=\"http:\/\/www.prospereando.es\/wp-content\/uploads\/2022\/12\/supertratados2-300x115.jpg\" alt=\"\" width=\"649\" height=\"249\" srcset=\"https:\/\/www.prospereando.es\/wp-content\/uploads\/2022\/12\/supertratados2-300x115.jpg 300w, https:\/\/www.prospereando.es\/wp-content\/uploads\/2022\/12\/supertratados2.jpg 754w\" sizes=\"auto, (max-width: 649px) 100vw, 649px\" \/><\/p>\n<p><strong>Leer bien las etiquetas y\u2026 \u00a1movimiento!<\/strong><\/p>\n<p>M\u00ednimamente procesados, procesados o ultraprocesados, lo importante es que los alimentos se escojan por sus propiedades nutricionales. Conviene leer cuidadosamente el etiquetado de los alimentos e integrarlos en un patr\u00f3n de dieta saludable. Es decir, una dieta que potencie el consumo de alimentos con buena calidad nutricional y limite el resto.<\/p>\n<p>Si a esto le sumamos movimiento, tenemos la receta universal de unos h\u00e1bitos saludables.<\/p>\n<p><a href=\"https:\/\/theconversation.com\/profiles\/lidia-daimiel-ruiz-1378857\">Por \u00a0 Lidia Daimiel Ruiz <\/a><\/p>\n<p><em>Investigadora Principal &#8211; Control Nutricional del Epigenoma &#8211; Nutrici\u00f3n de Precisi\u00f3n en Obesidad, IMDEA ALIMENTACI\u00d3N<\/em><\/p>\n<p><a href=\"https:\/\/theconversation.com\/profiles\/esther-cuadrado-1393539\">Esther Cuadrado <\/a><\/p>\n<p><em>Investigadora posdoctoral, IMDEA ALIMENTACI\u00d3N<\/em><\/p>\n<p>Publicado en The Conversation<\/p>\n","protected":false},"excerpt":{"rendered":"<p>Nos encontramos frente a la estanter\u00eda del supermercado. Nuestro carro de la compra ya est\u00e1 medio lleno. \u00daltimamente se habla mucho de los alimentos ultraprocesados y lo perjudicial que es su consumo, y hoy venimos decididos a desterrarlos de la cesta de la compra.<\/p>\n","protected":false},"author":1,"featured_media":21657,"comment_status":"open","ping_status":"open","sticky":false,"template":"","format":"standard","meta":{"footnotes":""},"categories":[15],"tags":[],"class_list":["post-21654","post","type-post","status-publish","format-standard","has-post-thumbnail","hentry","category-consumo","sent_by-lidia-daimiel-ruiz"],"_links":{"self":[{"href":"https:\/\/www.prospereando.es\/index.php\/wp-json\/wp\/v2\/posts\/21654","targetHints":{"allow":["GET"]}}],"collection":[{"href":"https:\/\/www.prospereando.es\/index.php\/wp-json\/wp\/v2\/posts"}],"about":[{"href":"https:\/\/www.prospereando.es\/index.php\/wp-json\/wp\/v2\/types\/post"}],"author":[{"embeddable":true,"href":"https:\/\/www.prospereando.es\/index.php\/wp-json\/wp\/v2\/users\/1"}],"replies":[{"embeddable":true,"href":"https:\/\/www.prospereando.es\/index.php\/wp-json\/wp\/v2\/comments?post=21654"}],"version-history":[{"count":2,"href":"https:\/\/www.prospereando.es\/index.php\/wp-json\/wp\/v2\/posts\/21654\/revisions"}],"predecessor-version":[{"id":21659,"href":"https:\/\/www.prospereando.es\/index.php\/wp-json\/wp\/v2\/posts\/21654\/revisions\/21659"}],"wp:featuredmedia":[{"embeddable":true,"href":"https:\/\/www.prospereando.es\/index.php\/wp-json\/wp\/v2\/media\/21657"}],"wp:attachment":[{"href":"https:\/\/www.prospereando.es\/index.php\/wp-json\/wp\/v2\/media?parent=21654"}],"wp:term":[{"taxonomy":"category","embeddable":true,"href":"https:\/\/www.prospereando.es\/index.php\/wp-json\/wp\/v2\/categories?post=21654"},{"taxonomy":"post_tag","embeddable":true,"href":"https:\/\/www.prospereando.es\/index.php\/wp-json\/wp\/v2\/tags?post=21654"}],"curies":[{"name":"wp","href":"https:\/\/api.w.org\/{rel}","templated":true}]}}