{"id":19890,"date":"2022-03-22T18:35:03","date_gmt":"2022-03-22T17:35:03","guid":{"rendered":"http:\/\/www.prospereando.es\/?p=19890"},"modified":"2022-03-22T18:37:50","modified_gmt":"2022-03-22T17:37:50","slug":"no-a-la-guerra-de-putin","status":"publish","type":"post","link":"https:\/\/www.prospereando.es\/index.php\/2022\/03\/22\/no-a-la-guerra-de-putin\/","title":{"rendered":"No a la guerra de Putin"},"content":{"rendered":"<p align=\"justify\"><img loading=\"lazy\" decoding=\"async\" class=\" wp-image-19891 aligncenter\" src=\"http:\/\/www.prospereando.es\/wp-content\/uploads\/2022\/03\/porlapaz1-300x281.jpg\" alt=\"\" width=\"649\" height=\"608\" srcset=\"https:\/\/www.prospereando.es\/wp-content\/uploads\/2022\/03\/porlapaz1-300x281.jpg 300w, https:\/\/www.prospereando.es\/wp-content\/uploads\/2022\/03\/porlapaz1.jpg 598w\" sizes=\"auto, (max-width: 649px) 100vw, 649px\" \/><\/p>\n<p align=\"justify\">Convocada por los diversos movimientos, organizaciones por la Paz y a favor de los Derechos Humanos, tuvo lugar una manifestaci\u00f3n, el d\u00eda 20 en Madrid, que transcurri\u00f3 desde el Circulo de Bellas Artes, en la calle Alcal\u00e1, hasta la Puerta del Sol.<\/p>\n<p align=\"justify\">Una peque\u00f1a furgoneta, con una pancarta adosada en su parte posterior, diciendo: \u201cNo a la guerra de Putin\u201d, abri\u00f3 la marcha y ambient\u00f3 todo el recorrido con canciones alusivas a la paz y a la lucha por conseguirla, algunas de ellas coreadas por los asistentes como, \u201cEl canto a la paz\u201d, de Jos\u00e9 Antonio Labordeta.<\/p>\n<p align=\"justify\"><img loading=\"lazy\" decoding=\"async\" class=\" wp-image-19892 aligncenter\" src=\"http:\/\/www.prospereando.es\/wp-content\/uploads\/2022\/03\/porlapaz3-300x294.jpg\" alt=\"\" width=\"580\" height=\"569\" \/><\/p>\n<p align=\"justify\">Dos grandes pancartas marcaban el contenido de la marcha. En una de ellas se le\u00eda: \u201cPor la paz, fuera tropas rusas de Ucrania\u201d, con tonalidades azul y amarillo, y en cabeza, portada por los organizadores: \u201cNo a la guerra de Putin \u201c, con un logo de la paloma de la paz, tambi\u00e9n con los colores de la bandera de Ucrania.<\/p>\n<p align=\"justify\">Muchos manifestantes llevaban sus peque\u00f1as pancartas que rezaban: \u201cPaz\u201d, \u201cNo, la guerra es invasi\u00f3n\u201d, \u201cStop non Putin war, hands off Ukraine\u201d, \u201cPutin nos ataca y da\u00f1a a todos\u201d, \u201cPaz pactada\u201d, \u201cNo a la invasi\u00f3n, solidaridad con Ucrania\u201d, \u201cRusia, paz ya\u201d.<\/p>\n<p align=\"justify\"><img loading=\"lazy\" decoding=\"async\" class=\" wp-image-19893 aligncenter\" src=\"http:\/\/www.prospereando.es\/wp-content\/uploads\/2022\/03\/porlapaz2-225x300.jpg\" alt=\"\" width=\"571\" height=\"762\" srcset=\"https:\/\/www.prospereando.es\/wp-content\/uploads\/2022\/03\/porlapaz2-225x300.jpg 225w, https:\/\/www.prospereando.es\/wp-content\/uploads\/2022\/03\/porlapaz2.jpg 600w\" sizes=\"auto, (max-width: 571px) 100vw, 571px\" \/><\/p>\n<p align=\"justify\">Al llegar a la Puerta del Sol, se ley\u00f3 un manifiesto, finalizando as\u00ed el acto<\/p>\n<p align=\"justify\"><strong>Documento del manifiesto:<\/strong> \u00a0\u00a0 <a href=\"http:\/\/www.prospereando.es\/wp-content\/uploads\/2022\/03\/Manifiestookfinal.pdf\">\u00a0\u00a0 Manifiestookfinal<\/a><\/p>\n<p align=\"justify\">\n<p align=\"justify\">\n","protected":false},"excerpt":{"rendered":"<p>Convocada por los diversos movimientos, organizaciones por la Paz y a favor de los Derechos Humanos, tuvo lugar una manifestaci\u00f3n, el d\u00eda 20 en Madrid, que transcurri\u00f3 desde el Circulo de Bellas Artes, en la calle Alcal\u00e1, hasta la Puerta del Sol. Una peque\u00f1a furgoneta, con una pancarta adosada en su parte posterior, diciendo: \u201cNo a la guerra de Putin\u201d, abri\u00f3 la marcha y ambient\u00f3 todo el recorrido con canciones alusivas a la paz y a la lucha por conseguirla, algunas de ellas coreadas por los asistentes como, \u201cEl canto &hellip; <\/p>\n","protected":false},"author":1,"featured_media":19891,"comment_status":"open","ping_status":"open","sticky":false,"template":"","format":"standard","meta":{"footnotes":""},"categories":[16],"tags":[],"class_list":["post-19890","post","type-post","status-publish","format-standard","has-post-thumbnail","hentry","category-derechos-humanos","sent_by-maribel-rodriguez-gorostiza"],"_links":{"self":[{"href":"https:\/\/www.prospereando.es\/index.php\/wp-json\/wp\/v2\/posts\/19890","targetHints":{"allow":["GET"]}}],"collection":[{"href":"https:\/\/www.prospereando.es\/index.php\/wp-json\/wp\/v2\/posts"}],"about":[{"href":"https:\/\/www.prospereando.es\/index.php\/wp-json\/wp\/v2\/types\/post"}],"author":[{"embeddable":true,"href":"https:\/\/www.prospereando.es\/index.php\/wp-json\/wp\/v2\/users\/1"}],"replies":[{"embeddable":true,"href":"https:\/\/www.prospereando.es\/index.php\/wp-json\/wp\/v2\/comments?post=19890"}],"version-history":[{"count":3,"href":"https:\/\/www.prospereando.es\/index.php\/wp-json\/wp\/v2\/posts\/19890\/revisions"}],"predecessor-version":[{"id":19897,"href":"https:\/\/www.prospereando.es\/index.php\/wp-json\/wp\/v2\/posts\/19890\/revisions\/19897"}],"wp:featuredmedia":[{"embeddable":true,"href":"https:\/\/www.prospereando.es\/index.php\/wp-json\/wp\/v2\/media\/19891"}],"wp:attachment":[{"href":"https:\/\/www.prospereando.es\/index.php\/wp-json\/wp\/v2\/media?parent=19890"}],"wp:term":[{"taxonomy":"category","embeddable":true,"href":"https:\/\/www.prospereando.es\/index.php\/wp-json\/wp\/v2\/categories?post=19890"},{"taxonomy":"post_tag","embeddable":true,"href":"https:\/\/www.prospereando.es\/index.php\/wp-json\/wp\/v2\/tags?post=19890"}],"curies":[{"name":"wp","href":"https:\/\/api.w.org\/{rel}","templated":true}]}}