{"id":19887,"date":"2022-03-22T18:07:12","date_gmt":"2022-03-22T17:07:12","guid":{"rendered":"http:\/\/www.prospereando.es\/?p=19887"},"modified":"2022-03-22T18:07:12","modified_gmt":"2022-03-22T17:07:12","slug":"mayores-madrilenos-conocen-de-primera-mano-los-microedadismos-que-les-afectan","status":"publish","type":"post","link":"https:\/\/www.prospereando.es\/index.php\/2022\/03\/22\/mayores-madrilenos-conocen-de-primera-mano-los-microedadismos-que-les-afectan\/","title":{"rendered":"Mayores madrile\u00f1os conocen de primera mano los microedadismos que les afectan"},"content":{"rendered":"<p align=\"justify\"><img loading=\"lazy\" decoding=\"async\" class=\" wp-image-19888 aligncenter\" src=\"http:\/\/www.prospereando.es\/wp-content\/uploads\/2022\/03\/microedadismos1-300x201.jpg\" alt=\"\" width=\"753\" height=\"504\" srcset=\"https:\/\/www.prospereando.es\/wp-content\/uploads\/2022\/03\/microedadismos1-300x201.jpg 300w, https:\/\/www.prospereando.es\/wp-content\/uploads\/2022\/03\/microedadismos1.jpg 600w\" sizes=\"auto, (max-width: 753px) 100vw, 753px\" \/><\/p>\n<p align=\"justify\">Las dificultades para visibilizar el <em><strong>edadismo<\/strong><\/em> son numerosas, especialmente cuando se trata de una m\u00ednima, como es aquella que est\u00e1 relacionada con el lenguaje y la comunicaci\u00f3n que tenemos a diario entre personas. Incluso, los silencios que tambi\u00e9n contribuyen a estigmatizar el proceso mismo de envejecimiento y al colectivo m\u00e1s diverso de todos, las personas mayores. Este dato lo reafirman estudios e investigaciones de disciplinas como la sociolog\u00eda, la antropolog\u00eda o la psicolog\u00eda.<\/p>\n<p align=\"justify\">Los vecinos del barrio madrile\u00f1o de <strong>Prosperidad<\/strong>, en su mayor\u00eda mujeres mayores, se reunieron para trabajar todos estos estigmas junto a <em><strong>Francisco Olavarr\u00eda\u00a0<\/strong>(@OlavarriaRamos)<\/em>,\u00a0 a prop\u00f3sito de su obra <em><strong>Microedadismos, lo vamos a jubilar<\/strong><\/em>, un cuaderno que a\u00fana teor\u00eda y pr\u00e1ctica y que pretende ser un \u201carma contra la discriminaci\u00f3n m\u00e1s invisibilizada de todas\u201d, como as\u00ed comenta su autor cada vez que tiene oportunidad.<\/p>\n<p align=\"justify\">Los microedadismos <strong>perpet\u00faan situaciones de maltrato<\/strong>, siendo agresiones sutiles e inaceptables que forman un complot para negar derechos y contribuir a una mala salud, como as\u00ed se\u00f1ala el informe de Naciones Unidas sobre el edadismo, donde se dan datos como que una de cada dos personas en el mundo tiene actitudes edadistas y que 6,3 millones de casos de depresi\u00f3n en todo el mundo son atribuibles a esta lacra social. <strong>Pobreza, fealdad, mala salud o tristeza<\/strong> son asociadas irremediablemente a la edad, por ello se hace necesario revertir esta situaci\u00f3n con un mayor compromiso, intergeneracional, para combatirlo desde todos los \u00e1mbitos y a nivel mundial.<\/p>\n<p align=\"justify\">Francisco Olavarr\u00eda, activista comprometido y articulista ocasional de 65YM\u00c1S, <strong>imparte conferencias y talleres<\/strong> sobre estos temas relacionados con el rechazo del envejecimiento y el odio hacia las personas mayores, con consecuencias de abandono y autolesiones, por citar algunas. Su cuaderno pedag\u00f3gico ha sido considerado una peque\u00f1a obra pero \u00fatil para contribuir a un mundo m\u00e1s justo con las personas mayores.<\/p>\n<p align=\"justify\">Algunos de los asistentes, aportaron ideas y reflexiones para enriquecer este trabajo pedag\u00f3gico y seg\u00fan sus comentarios, <strong>echan de menos\u00a0\u00aba generaciones m\u00e1s j\u00f3venes en este tipo de luchas que tambi\u00e9n les deber\u00eda interpelar a ellos\u00bb<\/strong>. Algunas personas manifestaron que los casos expuestos eran exagerados, aspectos no tan importantes comparados con otros maltratos.<\/p>\n<p align=\"justify\">Al igual que el feminismo ha conseguido denunciar los micromachismos, la mayor\u00eda de los asistentes se comprometieron a difundir lo aprendido y buscar herramientas para vincular a la sociedad en esta noble lucha, que nos afecta a todos y nos ocasiona m\u00faltiples maltratos. Actividades como esta contribuyen a <strong>sembrar una semilla a favor del activismo de las vejeces<\/strong>, porque la vida a cualquier edad debe ser disfrutada y no penalizada de manera tan injusta.<\/p>\n<p align=\"justify\">Como en otras ocasiones denunciamos, destacamos la siguiente frase del autor de este cuaderno:\u00a0<strong>\u00abel lenguaje no es un tema menor, porque expresa lo que pensamos y c\u00f3mo actuamos\u00bb<\/strong>.<\/p>\n","protected":false},"excerpt":{"rendered":"<p>Las dificultades para visibilizar el edadismo son numerosas, especialmente cuando se trata de una m\u00ednima, como es aquella que est\u00e1 relacionada con el lenguaje y la comunicaci\u00f3n que tenemos a diario entre personas. Incluso, los silencios que tambi\u00e9n contribuyen a estigmatizar el proceso mismo de envejecimiento y al colectivo m\u00e1s diverso de todos, las personas mayores. Este dato lo reafirman estudios e investigaciones de disciplinas como la sociolog\u00eda, la antropolog\u00eda o la psicolog\u00eda. Los vecinos del barrio madrile\u00f1o de Prosperidad, en su mayor\u00eda mujeres mayores, se reunieron para trabajar todos &hellip; <\/p>\n","protected":false},"author":1,"featured_media":19888,"comment_status":"open","ping_status":"open","sticky":false,"template":"","format":"standard","meta":{"footnotes":""},"categories":[14],"tags":[],"class_list":["post-19887","post","type-post","status-publish","format-standard","has-post-thumbnail","hentry","category-ciudadania","sent_by-gabino-casas"],"_links":{"self":[{"href":"https:\/\/www.prospereando.es\/index.php\/wp-json\/wp\/v2\/posts\/19887","targetHints":{"allow":["GET"]}}],"collection":[{"href":"https:\/\/www.prospereando.es\/index.php\/wp-json\/wp\/v2\/posts"}],"about":[{"href":"https:\/\/www.prospereando.es\/index.php\/wp-json\/wp\/v2\/types\/post"}],"author":[{"embeddable":true,"href":"https:\/\/www.prospereando.es\/index.php\/wp-json\/wp\/v2\/users\/1"}],"replies":[{"embeddable":true,"href":"https:\/\/www.prospereando.es\/index.php\/wp-json\/wp\/v2\/comments?post=19887"}],"version-history":[{"count":1,"href":"https:\/\/www.prospereando.es\/index.php\/wp-json\/wp\/v2\/posts\/19887\/revisions"}],"predecessor-version":[{"id":19889,"href":"https:\/\/www.prospereando.es\/index.php\/wp-json\/wp\/v2\/posts\/19887\/revisions\/19889"}],"wp:featuredmedia":[{"embeddable":true,"href":"https:\/\/www.prospereando.es\/index.php\/wp-json\/wp\/v2\/media\/19888"}],"wp:attachment":[{"href":"https:\/\/www.prospereando.es\/index.php\/wp-json\/wp\/v2\/media?parent=19887"}],"wp:term":[{"taxonomy":"category","embeddable":true,"href":"https:\/\/www.prospereando.es\/index.php\/wp-json\/wp\/v2\/categories?post=19887"},{"taxonomy":"post_tag","embeddable":true,"href":"https:\/\/www.prospereando.es\/index.php\/wp-json\/wp\/v2\/tags?post=19887"}],"curies":[{"name":"wp","href":"https:\/\/api.w.org\/{rel}","templated":true}]}}