{"id":19866,"date":"2022-03-19T18:44:34","date_gmt":"2022-03-19T17:44:34","guid":{"rendered":"http:\/\/www.prospereando.es\/?p=19866"},"modified":"2022-03-19T18:44:34","modified_gmt":"2022-03-19T17:44:34","slug":"alfaya-se-corta-la-coleta","status":"publish","type":"post","link":"https:\/\/www.prospereando.es\/index.php\/2022\/03\/19\/alfaya-se-corta-la-coleta\/","title":{"rendered":"Alfaya se corta la coleta"},"content":{"rendered":"<p align=\"justify\"><img loading=\"lazy\" decoding=\"async\" class=\" wp-image-19867 aligncenter\" src=\"http:\/\/www.prospereando.es\/wp-content\/uploads\/2022\/03\/alfaya2-300x193.jpg\" alt=\"\" width=\"673\" height=\"433\" srcset=\"https:\/\/www.prospereando.es\/wp-content\/uploads\/2022\/03\/alfaya2-300x193.jpg 300w, https:\/\/www.prospereando.es\/wp-content\/uploads\/2022\/03\/alfaya2.jpg 600w\" sizes=\"auto, (max-width: 673px) 100vw, 673px\" \/><\/p>\n<p align=\"justify\">El pasado 16 de febrero, en el templo de la torer\u00eda cantarina, el madrile\u00f1o coso de la Galileo Galilei, se cort\u00f3 la coleta el diestro -mejor deber\u00edamos denominarlo siniestro- Jos\u00e9 M\u00aa Alfaya \u201dPonencias\u201d. Un morlaco astifino de la ganader\u00eda de Pandemiura le habr\u00eda interesado la yugular, con el efecto colateral de retirarle de los ruedos musicales. Sus compa\u00f1eros de tantas tardes de cartel promovieron un festival de despedida en el que se lidiaron reses de los m\u00e1s acreditados hierros con los que \u00abPonencias\u00bb se ha enfrentado a lo largo de su casi medio siglo de carrera art\u00edstica: guillermos, catalanes, monchos, carildos y gaiteros.<\/p>\n<p align=\"justify\">Comienza esta en ruedos marroqu\u00edes formando parte de diferentes cuadrillas modestas, y al mismo tiempo como eventual apoderado y promotor de espect\u00e1culos. Conoce al diestro \u00abChiquito de Moratalaz\u00bb, con quien forma pareja en la estela de los excelsos duetos de la tauromaquia: Joselito y Belmonte, Manolete y Arruza, Ord\u00f3\u00f1ez y Luis Miguel, Puerta y Camino, etc. Mano a mano triunfan en tentaderos, fiestas privadas y festivales.<\/p>\n<p align=\"justify\">A\u00f1os despu\u00e9s, con \u00abLa Discreta\u00bb como moza de espadas y mujer de confianza, lo vemos bregando en solitario en plazas madrile\u00f1as de tercera, intentando abrirse un hueco en el escalaf\u00f3n. Con escasa suerte, aunque siempre celebrado por un selecto ramillete de aficionados que le siguen a todas partes y jalean su estilo hondo.<\/p>\n<p align=\"justify\">En su deseo de investigar y recrear el arte de C\u00fachares, forma cuadrilla con \u00abMarinerito de Torrevieja\u00bb y con dos subalternos escindidos de la Banda del Empastre, \u00abCurro Posturas\u00bb y \u00abEl Proletario\u00bb. Pocos a\u00f1os despu\u00e9s se une como picador \u00abFinito Timbales\u00bb y siempre, como ch\u00f3fer y el m\u00e1s fiel aficionado, \u00abGitanillo del Canal\u00bb. Esta tropa se presenta en los carteles como Taller de Reinsertables.<\/p>\n<p align=\"justify\">Salvo \u00abEl Proletario\u00bb, que present\u00f3 un certificado m\u00e9dico justificador de su ausencia, todos ellos lucieron su arte en el festival de despedida de Alfaya. Tambi\u00e9n hicieron el pase\u00edllo otros peones que han formado parte de la cuadrilla, como \u00abTeclas\u00bb, \u00abSerranito de Santa Cruz\u00bb, \u00abPlumilla de Tres Cantos\u00bb, \u00abAsadito de la Pampa\u00bb, y la se\u00f1orita torera \u00abMorenita de Uganda\u00bb. Y estuvieron al quite el diestro moldavo \u00abPepintr\u00e9ckx\u00bb y \u201cEl Ni\u00f1o de Repsol\u201d.<\/p>\n<p align=\"justify\">El historial art\u00edstico de \u00abPonencias\u00bb en su larga trayectoria no tiene parang\u00f3n. Su absoluta disponibilidad para pisar las arenas m\u00e1s modestas, festivales y corridas ben\u00e9ficas con destino al sostenimiento de obras de misericordia, le ha hecho merecedor del Gran Tois\u00f3n Gordo de Beneficencia, de la Medalla al M\u00e9rito Rojo y de un sinn\u00famero de variopintos reconocimientos menores. Est\u00e1 en posesi\u00f3n del r\u00e9cord nacional de asistencia a este tipo de espect\u00e1culos solidarios, superando ampliamente las cifras del anterior n\u00famero 1, el lidiador de all\u00e1 Indio Juan \u00abBoludito Plateao\u00bb.<\/p>\n<p align=\"justify\">Ha aplicado igual generosidad a sus subalternos, a los que ha repartido la totalidad de los emolumentos, en las escasas ocasiones donde los hubo, y a quienes ha permitido lucirse individualmente en quites.<\/p>\n<p align=\"justify\">A toro pasado podemos afirmar que Alfaya, dominador de todos los tercios y de los lotes menos propicios, ha sacado faena de astados resabiados, broncos y \u00e1speros que no ten\u00edan un pase. Ha despreciado el toreo f\u00e1cil, recreando un estilo propio que ha asumido elementos de la escuela cl\u00e1sica, entrever\u00e1ndolos con lances heterodoxos poco comunes. Pasar\u00e1 al Coss\u00edo como lidiador de culto (se entiende, claro est\u00e1, que culto protestante) que se ha enfrentado, en solitario o con su cuadrilla, con los corn\u00fapetas m\u00e1s dif\u00edciles.<\/p>\n<p align=\"justify\">Con un lleno hasta la bandera, el festival de despedida de Alfaya colm\u00f3 las expectativas del respetable, que no ces\u00f3 de pedir que la m\u00fasica acompa\u00f1ara todas las faenas. Los tendidos estuvieron repletos de socios del gran n\u00famero de pe\u00f1as que llevan su nombre, as\u00ed como de empresarios que han solido contar con su torer\u00eda y saber estar. Cabe destacar la presencia de las m\u00e1s altas autoridades, a nivel estatal y madrile\u00f1o, de la sociedad cooperativa Ilusiones Sobreras, Unai Sordo y Paloma L\u00f3pez, respectivamente; de quien fue su representante en la ense\u00f1anza secundaria y hoy diputado Agust\u00edn Moreno; y tambi\u00e9n de los directivos de la Plaza Monumental de Nuestra Se\u00f1ora de la Esperanza de la Castellana, regentada por los trabajadores de Sintel cuando se pusieron al sistema por montera y donde Alfaya y los suyos sentaron sus reales e\u00a0\u00a0 hicieron\u00a0\u00a0 una\u00a0\u00a0 larga \u00a0 temporada.<\/p>\n<p align=\"justify\">Al final, \u00abPonencias\u00bb destap\u00f3 el tarro de las esencias y, desde los medios, realiz\u00f3 un largo brindis en el que vino a mencionar hist\u00f3ricas faenas de compa\u00f1eros de profesi\u00f3n que han alcanzado el Olimpo y permanecen en el recuerdo de todos los buenos aficionados. Toda la plaza era un clamor, y con insistencia reclam\u00f3 el sobrero, por nombre \u201cCaperucito\u201d, al que dieron capotazos todos los integrantes del cartel m\u00e1s espont\u00e1neos que se tiraron al ruedo. Los tendidos se poblaron de pa\u00f1uelos y en su triunfal vuelta al ruedo \u00abPonencias\u00bb recogi\u00f3 numerosos presentes. Entre ellos un grupo escult\u00f3rico de unos caballos de purpurina al galope, que, aunque bastante deteriorado, ha sido, al parecer, reclamado por el PCE, que asegura pertenece a su patrimonio desde la \u00e9poca de Paco Frutos y que tiene gran valor sentimental por ser regalo de los chinos (se entiende que del Partido Comunista Chino).<\/p>\n<p align=\"justify\">La memorable tarde finaliz\u00f3 con la salida a hombros por la puerta grande de Jos\u00e9 Mar\u00eda Alfaya, quien declar\u00f3 a los medios que, no obstante su merma de facultades, sigue disponible para sesiones de toreo de sal\u00f3n, que requieren menos exposici\u00f3n.<\/p>\n<p align=\"justify\"><img loading=\"lazy\" decoding=\"async\" class=\" wp-image-19868 aligncenter\" src=\"http:\/\/www.prospereando.es\/wp-content\/uploads\/2022\/03\/alfaya1-300x204.jpg\" alt=\"\" width=\"397\" height=\"270\" srcset=\"https:\/\/www.prospereando.es\/wp-content\/uploads\/2022\/03\/alfaya1-300x204.jpg 300w, https:\/\/www.prospereando.es\/wp-content\/uploads\/2022\/03\/alfaya1.jpg 600w\" sizes=\"auto, (max-width: 397px) 100vw, 397px\" \/><\/p>\n","protected":false},"excerpt":{"rendered":"<p>El pasado 16 de febrero, en el templo de la torer\u00eda cantarina, el madrile\u00f1o coso de la Galileo Galilei, se cort\u00f3 la coleta el diestro -mejor deber\u00edamos denominarlo siniestro- Jos\u00e9 M\u00aa Alfaya \u201dPonencias\u201d. Un morlaco astifino de la ganader\u00eda de Pandemiura le habr\u00eda interesado la yugular, con el efecto colateral de retirarle de los ruedos musicales. Sus compa\u00f1eros de tantas tardes de cartel promovieron un festival de despedida en el que se lidiaron reses de los m\u00e1s acreditados hierros con los que \u00abPonencias\u00bb se ha enfrentado a lo largo de &hellip; <\/p>\n","protected":false},"author":1,"featured_media":19867,"comment_status":"open","ping_status":"open","sticky":false,"template":"","format":"standard","meta":{"footnotes":""},"categories":[18],"tags":[],"class_list":["post-19866","post","type-post","status-publish","format-standard","has-post-thumbnail","hentry","category-cultura","sent_by-pepe-tarduchy"],"_links":{"self":[{"href":"https:\/\/www.prospereando.es\/index.php\/wp-json\/wp\/v2\/posts\/19866","targetHints":{"allow":["GET"]}}],"collection":[{"href":"https:\/\/www.prospereando.es\/index.php\/wp-json\/wp\/v2\/posts"}],"about":[{"href":"https:\/\/www.prospereando.es\/index.php\/wp-json\/wp\/v2\/types\/post"}],"author":[{"embeddable":true,"href":"https:\/\/www.prospereando.es\/index.php\/wp-json\/wp\/v2\/users\/1"}],"replies":[{"embeddable":true,"href":"https:\/\/www.prospereando.es\/index.php\/wp-json\/wp\/v2\/comments?post=19866"}],"version-history":[{"count":1,"href":"https:\/\/www.prospereando.es\/index.php\/wp-json\/wp\/v2\/posts\/19866\/revisions"}],"predecessor-version":[{"id":19869,"href":"https:\/\/www.prospereando.es\/index.php\/wp-json\/wp\/v2\/posts\/19866\/revisions\/19869"}],"wp:featuredmedia":[{"embeddable":true,"href":"https:\/\/www.prospereando.es\/index.php\/wp-json\/wp\/v2\/media\/19867"}],"wp:attachment":[{"href":"https:\/\/www.prospereando.es\/index.php\/wp-json\/wp\/v2\/media?parent=19866"}],"wp:term":[{"taxonomy":"category","embeddable":true,"href":"https:\/\/www.prospereando.es\/index.php\/wp-json\/wp\/v2\/categories?post=19866"},{"taxonomy":"post_tag","embeddable":true,"href":"https:\/\/www.prospereando.es\/index.php\/wp-json\/wp\/v2\/tags?post=19866"}],"curies":[{"name":"wp","href":"https:\/\/api.w.org\/{rel}","templated":true}]}}