{"id":19861,"date":"2022-03-19T18:12:16","date_gmt":"2022-03-19T17:12:16","guid":{"rendered":"http:\/\/www.prospereando.es\/?p=19861"},"modified":"2022-04-10T20:13:08","modified_gmt":"2022-04-10T18:13:08","slug":"feminismos-de-barrio","status":"publish","type":"post","link":"https:\/\/www.prospereando.es\/index.php\/2022\/03\/19\/feminismos-de-barrio\/","title":{"rendered":"Feminismos de barrio"},"content":{"rendered":"<p align=\"justify\"><img loading=\"lazy\" decoding=\"async\" class=\" wp-image-20066 aligncenter\" src=\"http:\/\/www.prospereando.es\/wp-content\/uploads\/2022\/03\/IMG-20220307-WA0009-225x300.jpg\" alt=\"\" width=\"526\" height=\"701\" srcset=\"https:\/\/www.prospereando.es\/wp-content\/uploads\/2022\/03\/IMG-20220307-WA0009-225x300.jpg 225w, https:\/\/www.prospereando.es\/wp-content\/uploads\/2022\/03\/IMG-20220307-WA0009-768x1024.jpg 768w, https:\/\/www.prospereando.es\/wp-content\/uploads\/2022\/03\/IMG-20220307-WA0009-1152x1536.jpg 1152w, https:\/\/www.prospereando.es\/wp-content\/uploads\/2022\/03\/IMG-20220307-WA0009.jpg 1500w\" sizes=\"auto, (max-width: 526px) 100vw, 526px\" \/>A ra\u00edz del 8M de 2018, algunas mujeres del barrio de Prosperidad comenzaron a reunirse en asamblea, conformando lo que a d\u00eda de hoy es <em><strong>Feministas Prospe<\/strong><\/em>.<\/p>\n<p align=\"justify\">Actualmente somos una asamblea feminista de barrio, formada por unas quince mujeres, a las que no siempre la vida nos permite asistir a nuestra cita semanal. Nos reunimos en un local del barrio que est\u00e1 en el n\u00famero 64 de la calle de Canillas de Madrid, el local pertenece a la Asociaci\u00f3n Jaire. Esta asociaci\u00f3n busca la transformaci\u00f3n social desde el \u00e1mbito local, trabajando en el empoderamiento mediante la educaci\u00f3n de la infancia y la adolescencia, algo con lo que nos sentimos plenamente identificadas como feministas.<\/p>\n<p align=\"justify\">Nuestra asamblea, que se re\u00fane lunes y martes alternos, da cabida a mujeres y disidencias, y trabaja desde el activismo pol\u00edtico, para poner en valor y reivindicar lo que representan el 8M D\u00eda Internacional de la Mujer y, el 25N D\u00eda Internacional de la Eliminaci\u00f3n de la Violencia contra las Mujeres, as\u00ed como constituyendo el Punto Morado autogestionado en las Fiestas de Chamart\u00edn. Llevamos a cabo acciones de denuncia en la calle, campa\u00f1as de difusi\u00f3n en redes sociales, con debates internos acerca de temas de inter\u00e9s para el grupo, tratando de pensar conjuntamente mecanismos para superar las discriminaciones y opresiones que sufrimos por ser mujeres, analizando conjuntamente la ra\u00edz de los problemas, y tratando de sacar al espacio p\u00fablico \u00e9sta, que es nuestra lucha y la de tantas otras vecinas de Prosperidad.<\/p>\n<p align=\"justify\">Desde nuestro activismo pol\u00edtico de barrio, desde nuestras asambleas semanales, <em><strong>Feminstas Prospe<\/strong><\/em> tratamos de poner nuestro granito de arena y transformar nuestro entorno m\u00e1s cercano, desde un feminismo transinclusivo que est\u00e1 en construcci\u00f3n y cont\u00ednuo aprendizaje, y de manera totalmente autogestionada. Conscientes de las dificultades que encontramos en nuestro entorno, buscamos formas de llamar la atenci\u00f3n de las vecinas, y de despertar su inter\u00e9s y su participaci\u00f3n, de manera que con los a\u00f1os, hemos tejido una red transversal que se extiende por todo el barrio, entre diferentes colectivos que en \u00e9l habitan, y que han cosido todas las vecinas que siempre responden a las acciones que desarrollamos tanto en la Plaza de la Prospe como en otros espacios.<\/p>\n<p align=\"justify\">Este a\u00f1o que tambi\u00e9n es dif\u00edcil, en el que acusamos tiempos duros de pandemia, de crisis, tambi\u00e9n nos movilizamos, vamos juntas a la manifestaci\u00f3n del <em><strong>8M<\/strong><\/em> y nos convocamos en las calles del barrio para dejar nuestra huella feminista, la que nos indica el camino que debemos seguir para una vez m\u00e1s, gritar fuerte que aqu\u00ed estamos las feministas, que no hemos parado de tejer y tejer, que no estamos dispuestas a retroceder en nuestros derechos, ni a que tapen nuestro murales, que exigimos tener el control de nuestra vida sexual y reproductiva, y que la justicia tenga perspectiva de g\u00e9nero y las madres protectoras sean reconocidas como tal y no criminalizadas por cuidar y proteger a sus hijas, hijes, e hijos.<\/p>\n<p align=\"justify\">Queremos un barrio donde desaparezcan los comportamientos machistas, racistas y xen\u00f3fobos, donde caminar por la calle sea un acto de libertad y no de valent\u00eda, donde las vecinas tengan espacio para pasear a sus criaturas, donde los \u00e1rboles superen a los coches, donde las enfermeras y las doctoras tengan tiempos suficientes para mirar a los ojos de sus pacientes, donde todo el mundo tenga un techo y las aceras sean lo suficientemente grandes como para pasear con sillas de ruedas, carros de la compra y carricoches.<\/p>\n<p align=\"justify\">Por todo esto, nos juntaremos la ma\u00f1ana del domingo 6 de marzo para convocar a la gente del barrio a sumarse a la manifestaci\u00f3n del 8M, estaremos por el barrio y en la plaza. Adem\u00e1s, este 8 de marzo queremos salir juntas desde la Plaza de la Prospe, como todos los a\u00f1os, para recorrer el tramo que va desde Atocha hasta la Plaza de Col\u00f3n y, que comienza a las 19:00 y acabar\u00e1 al finalizar el d\u00eda, compartiendo entre todas un <em><strong>8M2022<\/strong><\/em> reivindicativo y alegre.<\/p>\n<p align=\"justify\"><img loading=\"lazy\" decoding=\"async\" class=\" wp-image-19863 aligncenter\" src=\"http:\/\/www.prospereando.es\/wp-content\/uploads\/2022\/03\/feministasprospe2-285x300.jpg\" alt=\"\" width=\"537\" height=\"565\" srcset=\"https:\/\/www.prospereando.es\/wp-content\/uploads\/2022\/03\/feministasprospe2-285x300.jpg 285w, https:\/\/www.prospereando.es\/wp-content\/uploads\/2022\/03\/feministasprospe2.jpg 499w\" sizes=\"auto, (max-width: 537px) 100vw, 537px\" \/><\/p>\n<p align=\"justify\">Nos colocaremos en el lugar de la manifestaci\u00f3n reservado para el espacio de coordinaci\u00f3n <em><strong>Barrios y Pueblos<\/strong><\/em>, pues como nosotras, hay muchos otros colectivos de los barrios y de los pueblos de la Comunidad, m\u00e1s de cuarenta, que como parte del movimiento aut\u00f3nomo de Madrid, trabajamos para construir una sociedad eminista, reivindicando \u00a1Derechos para todas, todos los d\u00edas!.<\/p>\n<p align=\"justify\">Porque este a\u00f1o parece que no nos van a prohibir salir, porque este a\u00f1o parece que no est\u00e1n dispuestos a vulnerar nuestro derecho fundamental de manifestarnos por una vida digna de ser vivida, y esperamos que eso, ya sea cosa del pasado, pues que la Delegaci\u00f3n del Gobierno en Madrid denegase por la situaci\u00f3n sanitaria la autorizaci\u00f3n para todas las concentraciones del 8 de marzo de 2021, lo consideramos una vulneraci\u00f3n del derecho a la manifestaci\u00f3n y un intento claro de criminalizarnos como movimiento feminista, ya que no actu\u00f3 con el mismo criterio ante otras muchas manifestaciones que si hubo, por eso, desde la <em><strong>Comisi\u00f3n 8M Madrid<\/strong><\/em> de la que formamos parte, hemos recurrido ante el Constitucional esta decisi\u00f3n, resultando que este Tribunal ha admitido a tr\u00e1mite tres de los cinco recursos presentados, lo que supone para todas nosotras, una victoria en s\u00ed misma, pues s\u00f3lo son admitidos entre un 3% y un 5% de los recursos que se presentan habitualmente.<\/p>\n<p align=\"justify\">Como asamblea feminista de la Prospe, como <em><strong>Femistas Prospe<\/strong><\/em>, necesitamos ser cientos, miles, que las vecinas se sumen y participen, que aprendamos de feminismo juntas, que compartamos espacios y tiempos, y as\u00ed, seguiremos tratando de construir entre todas un barrio amigo, habitable, vivible, amable con ancianas, ancianos, y menores, con animales, con la salud, y donde el espacio p\u00fablico sea un derecho de todo el vecindario, donde nuestras criaturas crezcan en comunidad, libres, y recibiendo una educaci\u00f3n que las haga ser grandes personas el d\u00eda de ma\u00f1ana, fuertes en valores de igualdad, honestidad y sororidad con sus compa\u00f1eras, y donde la interculturalidad y la diversidad sean motivo de orgullo.<\/p>\n<p><em><strong>\u00a1\u00a1Entre todas tejemos este barrio feminista que nos merecemos!!<\/strong><\/em><\/p>\n<p><em><strong>\u00a1\u00a1Seguimos luchando para transformarlo todo!!<\/strong><\/em><\/p>\n<p><em><strong>\u00a1\u00a1Derechos para todas, todos los d\u00edas!!<\/strong><\/em><\/p>\n<p>&#8212;&#8212;&#8212;&#8212;&#8212;&#8212;&#8212;&#8212;&#8212;&#8212;&#8212;&#8212;&#8212;&#8211;<\/p>\n<p><em><strong>Patricia Ba\u00f1o Cort\u00e9s. Feministas Prospe<\/strong><\/em><\/p>\n","protected":false},"excerpt":{"rendered":"<p>A ra\u00edz del 8M de 2018, algunas mujeres del barrio de Prosperidad comenzaron a reunirse en asamblea, conformando lo que a d\u00eda de hoy es Feministas Prospe. Actualmente somos una asamblea feminista de barrio, formada por unas quince mujeres, a las que no siempre la vida nos permite asistir a nuestra cita semanal. Nos reunimos en un local del barrio que est\u00e1 en el n\u00famero 64 de la calle de Canillas de Madrid, el local pertenece a la Asociaci\u00f3n Jaire. Esta asociaci\u00f3n busca la transformaci\u00f3n social desde el \u00e1mbito local, &hellip; <\/p>\n","protected":false},"author":1,"featured_media":20066,"comment_status":"open","ping_status":"open","sticky":false,"template":"","format":"standard","meta":{"footnotes":""},"categories":[14],"tags":[],"class_list":["post-19861","post","type-post","status-publish","format-standard","has-post-thumbnail","hentry","category-ciudadania","sent_by-patricia-bano-cortes"],"_links":{"self":[{"href":"https:\/\/www.prospereando.es\/index.php\/wp-json\/wp\/v2\/posts\/19861","targetHints":{"allow":["GET"]}}],"collection":[{"href":"https:\/\/www.prospereando.es\/index.php\/wp-json\/wp\/v2\/posts"}],"about":[{"href":"https:\/\/www.prospereando.es\/index.php\/wp-json\/wp\/v2\/types\/post"}],"author":[{"embeddable":true,"href":"https:\/\/www.prospereando.es\/index.php\/wp-json\/wp\/v2\/users\/1"}],"replies":[{"embeddable":true,"href":"https:\/\/www.prospereando.es\/index.php\/wp-json\/wp\/v2\/comments?post=19861"}],"version-history":[{"count":4,"href":"https:\/\/www.prospereando.es\/index.php\/wp-json\/wp\/v2\/posts\/19861\/revisions"}],"predecessor-version":[{"id":20068,"href":"https:\/\/www.prospereando.es\/index.php\/wp-json\/wp\/v2\/posts\/19861\/revisions\/20068"}],"wp:featuredmedia":[{"embeddable":true,"href":"https:\/\/www.prospereando.es\/index.php\/wp-json\/wp\/v2\/media\/20066"}],"wp:attachment":[{"href":"https:\/\/www.prospereando.es\/index.php\/wp-json\/wp\/v2\/media?parent=19861"}],"wp:term":[{"taxonomy":"category","embeddable":true,"href":"https:\/\/www.prospereando.es\/index.php\/wp-json\/wp\/v2\/categories?post=19861"},{"taxonomy":"post_tag","embeddable":true,"href":"https:\/\/www.prospereando.es\/index.php\/wp-json\/wp\/v2\/tags?post=19861"}],"curies":[{"name":"wp","href":"https:\/\/api.w.org\/{rel}","templated":true}]}}