{"id":19615,"date":"2022-02-19T23:45:58","date_gmt":"2022-02-19T22:45:58","guid":{"rendered":"http:\/\/www.prospereando.es\/?p=19615"},"modified":"2022-02-19T23:45:58","modified_gmt":"2022-02-19T22:45:58","slug":"los-madrilenos-llevan-la-atencion-primaria-ante-la-asamblea","status":"publish","type":"post","link":"https:\/\/www.prospereando.es\/index.php\/2022\/02\/19\/los-madrilenos-llevan-la-atencion-primaria-ante-la-asamblea\/","title":{"rendered":"Los madrile\u00f1os llevan  la Atenci\u00f3n Primaria ante la Asamblea"},"content":{"rendered":"<p align=\"justify\"><img loading=\"lazy\" decoding=\"async\" class=\" wp-image-19616 aligncenter\" src=\"http:\/\/www.prospereando.es\/wp-content\/uploads\/2022\/02\/atencionprimaria1-300x169.jpg\" alt=\"\" width=\"772\" height=\"435\" srcset=\"https:\/\/www.prospereando.es\/wp-content\/uploads\/2022\/02\/atencionprimaria1-300x169.jpg 300w, https:\/\/www.prospereando.es\/wp-content\/uploads\/2022\/02\/atencionprimaria1.jpg 600w\" sizes=\"auto, (max-width: 772px) 100vw, 772px\" \/><\/p>\n<p align=\"justify\">Vecinos y vecinas de los Barrios de Tetu\u00e1n, Prosperidad y Hortaleza, han hecho entrega \u00e9ste 17 de febrero, en la Consejer\u00eda de Sanidad de la Comunidad de Madrid, de las firmas recogidas en los \u00faltimos meses para exigir la apertura de los Servicios de Urgencia de Atenci\u00f3n Primaria (SUAP), cerrados desde marzo de 2020, sin justificaci\u00f3n alguna para que en la actualidad contin\u00faen cerrados.<\/p>\n<p align=\"justify\">Se trata de 10.500 firmas recogidas en las Mesas Informativas que se han presentado por registro dirigidas al Consejero de Sanidad,de Enrique Ruiz Escudero. Estos pliegos de firmas representan el sentir y la exigencia de los ciudadanos de estos distritos ante los m\u00e1s de 1.050 d\u00edas que llevan cerrados los SUAP. Tambi\u00e9n reflejan la preocupaci\u00f3n de que el Gobierno de Ayuso no los vuelva a abrir.<\/p>\n<p align=\"justify\">Tras la entrega de estas firmas, se han unido a la Concentraci\u00f3n de Barrios de Madrid, que ha tenido lugar frente a la Asamblea de la Comunidad, donde se han presentado 90.000 firmas, y 6.500 on line, recogidas por toda la Regi\u00f3n en multitud de Asociaciones Vecinales y Plataformas en defensa de la Sanidad P\u00fablica.<\/p>\n<p align=\"justify\">Diputados y diputadas de Mas Madrid, PSOE y Unidas Podemos han salido de la Asamblea y han escuchado el Manifiesto en el que se les ped\u00eda: \u201c\u2026escuchen y den respuesta a las reivindicaciones, que afectan a la salud de todas las personas que viven en Madrid\u2026Despu\u00e9s de dos a\u00f1os de pandemia, son inadmisibles los recortes en los que se encuentra la Atenci\u00f3n Primaria\u2026 \u201d.<\/p>\n<p align=\"justify\"><img loading=\"lazy\" decoding=\"async\" class=\" wp-image-19617 aligncenter\" src=\"http:\/\/www.prospereando.es\/wp-content\/uploads\/2022\/02\/atencionprimaria2-300x169.jpg\" alt=\"\" width=\"768\" height=\"433\" srcset=\"https:\/\/www.prospereando.es\/wp-content\/uploads\/2022\/02\/atencionprimaria2-300x169.jpg 300w, https:\/\/www.prospereando.es\/wp-content\/uploads\/2022\/02\/atencionprimaria2.jpg 600w\" sizes=\"auto, (max-width: 768px) 100vw, 768px\" \/><\/p>\n<p align=\"justify\">Han recibido las firmas que se les han ido entregando, para registrarlas en la Asamblea, mientras se coreaban gritos de \u201cLa Sanidad P\u00fablica no se vende, se defiende\u201d, \u201cApoyo a la Atenci\u00f3n Primaria\u201d, \u201cSanidad P\u00fablica, de calidad y universal\u201d, \u201cMayor inversi\u00f3n en Atenci\u00f3n Primaria\u201d, coreando al mismo tiempo canciones alusivas, a la par que se recordaba la 92 Marea Blanca del pr\u00f3ximo d\u00eda 20, a las 12h, desde el Ministerio de Sanidad a Sol.<\/p>\n<p align=\"justify\">Las pol\u00edticas sanitarias de la Comunidad de Madrid no se distinguen por cumplir con los derechos en materia de Salud que recoge la Constituci\u00f3n y que la Ley General de Sanidad se\u00f1ala en su art\u00edculo 43. Se han cerrado Centros de Salud de Atenci\u00f3n Primaria, como el de Villamil, en Tetu\u00e1n, se han recortado horarios de tarde, encubiertos por razones de conciliaci\u00f3n de los sanitarios, perjudicando la calidad de asistencia, en Pr\u00edncipe de Vergara y siguen sin arreglar centros que, objetivamente, son inaccesibles, como N\u00fa\u00f1ez Morgado, Castell\u00f3 o Potos\u00ed, de esta zona norte.<\/p>\n<p align=\"justify\">Al final, hubo una intervenci\u00f3n p\u00fablica de Javier Baeza, informando de la reciente orden del gobierno de Ayuso de borrar del sistema sanitario a los migrantes sin papeles, remiti\u00e9ndolos a un nuevo proceso de inscripci\u00f3n, el DASE, que los deja sin Sanidad p\u00fablica, pr\u00e1cticamente durante tres meses. Invit\u00f3 a los asistentes a incorporarse a una Plataforma por la Regularizaci\u00f3n extraordinaria de los migrantes residente en la Regi\u00f3n.<\/p>\n<p align=\"justify\">Al terminar el acto se segu\u00eda oyendo, \u201cseguiremos luchando, cueste lo que cueste\u201d, por la Sanidad P\u00fablica y Universal.<\/p>\n<p align=\"justify\"><img loading=\"lazy\" decoding=\"async\" class=\" wp-image-19618 aligncenter\" src=\"http:\/\/www.prospereando.es\/wp-content\/uploads\/2022\/02\/atencionprimaria3-300x169.jpg\" alt=\"\" width=\"780\" height=\"439\" srcset=\"https:\/\/www.prospereando.es\/wp-content\/uploads\/2022\/02\/atencionprimaria3-300x169.jpg 300w, https:\/\/www.prospereando.es\/wp-content\/uploads\/2022\/02\/atencionprimaria3.jpg 600w\" sizes=\"auto, (max-width: 780px) 100vw, 780px\" \/><\/p>\n","protected":false},"excerpt":{"rendered":"<p>Vecinos y vecinas de los Barrios de Tetu\u00e1n, Prosperidad y Hortaleza, han hecho entrega \u00e9ste 17 de febrero, en la Consejer\u00eda de Sanidad de la Comunidad de Madrid, de las firmas recogidas en los \u00faltimos meses para exigir la apertura de los Servicios de Urgencia de Atenci\u00f3n Primaria (SUAP), cerrados desde marzo de 2020, sin justificaci\u00f3n alguna para que en la actualidad contin\u00faen cerrados. Se trata de 10.500 firmas recogidas en las Mesas Informativas que se han presentado por registro dirigidas al Consejero de Sanidad,de Enrique Ruiz Escudero. Estos pliegos &hellip; <\/p>\n","protected":false},"author":1,"featured_media":19616,"comment_status":"open","ping_status":"open","sticky":false,"template":"","format":"standard","meta":{"footnotes":""},"categories":[11],"tags":[],"class_list":["post-19615","post","type-post","status-publish","format-standard","has-post-thumbnail","hentry","category-sanidad","sent_by-gloria-cavanna"],"_links":{"self":[{"href":"https:\/\/www.prospereando.es\/index.php\/wp-json\/wp\/v2\/posts\/19615","targetHints":{"allow":["GET"]}}],"collection":[{"href":"https:\/\/www.prospereando.es\/index.php\/wp-json\/wp\/v2\/posts"}],"about":[{"href":"https:\/\/www.prospereando.es\/index.php\/wp-json\/wp\/v2\/types\/post"}],"author":[{"embeddable":true,"href":"https:\/\/www.prospereando.es\/index.php\/wp-json\/wp\/v2\/users\/1"}],"replies":[{"embeddable":true,"href":"https:\/\/www.prospereando.es\/index.php\/wp-json\/wp\/v2\/comments?post=19615"}],"version-history":[{"count":1,"href":"https:\/\/www.prospereando.es\/index.php\/wp-json\/wp\/v2\/posts\/19615\/revisions"}],"predecessor-version":[{"id":19619,"href":"https:\/\/www.prospereando.es\/index.php\/wp-json\/wp\/v2\/posts\/19615\/revisions\/19619"}],"wp:featuredmedia":[{"embeddable":true,"href":"https:\/\/www.prospereando.es\/index.php\/wp-json\/wp\/v2\/media\/19616"}],"wp:attachment":[{"href":"https:\/\/www.prospereando.es\/index.php\/wp-json\/wp\/v2\/media?parent=19615"}],"wp:term":[{"taxonomy":"category","embeddable":true,"href":"https:\/\/www.prospereando.es\/index.php\/wp-json\/wp\/v2\/categories?post=19615"},{"taxonomy":"post_tag","embeddable":true,"href":"https:\/\/www.prospereando.es\/index.php\/wp-json\/wp\/v2\/tags?post=19615"}],"curies":[{"name":"wp","href":"https:\/\/api.w.org\/{rel}","templated":true}]}}