{"id":19506,"date":"2022-02-06T20:47:04","date_gmt":"2022-02-06T19:47:04","guid":{"rendered":"http:\/\/www.prospereando.es\/?p=19506"},"modified":"2022-02-06T20:47:04","modified_gmt":"2022-02-06T19:47:04","slug":"dia-escolar-de-la-paz-y-la-no-violencia-en-prosperidad","status":"publish","type":"post","link":"https:\/\/www.prospereando.es\/index.php\/2022\/02\/06\/dia-escolar-de-la-paz-y-la-no-violencia-en-prosperidad\/","title":{"rendered":"D\u00eda Escolar de la Paz y la No Violencia en Prosperidad"},"content":{"rendered":"<p align=\"justify\"><img loading=\"lazy\" decoding=\"async\" class=\" wp-image-19507 aligncenter\" src=\"http:\/\/www.prospereando.es\/wp-content\/uploads\/2022\/02\/diaeducacion1-300x300.jpg\" alt=\"\" width=\"532\" height=\"532\" srcset=\"https:\/\/www.prospereando.es\/wp-content\/uploads\/2022\/02\/diaeducacion1-300x300.jpg 300w, https:\/\/www.prospereando.es\/wp-content\/uploads\/2022\/02\/diaeducacion1-150x150.jpg 150w, https:\/\/www.prospereando.es\/wp-content\/uploads\/2022\/02\/diaeducacion1.jpg 600w\" sizes=\"auto, (max-width: 532px) 100vw, 532px\" \/><\/p>\n<p align=\"justify\">El pasado s\u00e1bado 29 de enero la Escuela Popular de la Prospe organiz\u00f3 un acto en la Plaza de Prosperidad para conmemorar el \u00abD\u00eda Escolar de la Paz y la No Violencia\u00bb.<\/p>\n<p align=\"justify\">Se invit\u00f3 a participar a los ni\u00f1os y ni\u00f1as de los colegios del barrio as\u00ed como a los colectivos cercanos y a organizaciones pacifistas.<\/p>\n<p align=\"justify\">El objetivo era visibilizar la importancia de EDUCAR PARA LA PAZ Y LA CONVIVENCIA ya que hacemos lo que aprendemos.<\/p>\n<p align=\"justify\">Los ni\u00f1os y ni\u00f1as que asistieron nos contaron con alegr\u00eda los trabajos y dibujos que hab\u00edan realizado en sus colegios y dibujaron en el suelo de la plaza con tiza s\u00edmbolos de paz y contra la guerra.<\/p>\n<p align=\"justify\"><strong>Se dio a conocer el llamado \u00abNostrolito\u00bb<\/strong> a l@s ni\u00f1@s y mayores que no lo conoc\u00edan explicando su historia a modo de cuento con dibujos y descubrimos que hab\u00eda sido un acierto hacerlo de esta manera. Les contamos que el monumento a la paz y la tumba de la guerra original fue dise\u00f1ado por un ni\u00f1@ en un concurso escolar p\u00fablico promovido por la Asociaci\u00f3n de Vecinos de Prosperidad entre los colegios del barrio y construido por l@s vecin@s en 1986. Que fue retirado una noche y demolido en 2013 por orden del concejal de Chamart\u00edn (PP). A partir de entonces el barrio se moviliz\u00f3 y reclam\u00f3 su devoluci\u00f3n, se consigui\u00f3 en 2018 (durante el gobierno de AM). <strong>El barrio de Prosperidad, a trav\u00e9s de la intervenci\u00f3n de la infancia manifestada en este monumento, expres\u00f3 deseos universales de paz<\/strong>.<\/p>\n<p align=\"justify\">El grupo de Ciencia de la Escuela expuso un panel con <strong>cient\u00edfic@s que contribuyeron a la paz<\/strong> a lo largo de la historia y explicaron sus aportaciones. Las personas que asistieron <strong>leyeron poes\u00edas<\/strong>. De fondo sonaron las canciones de John Lennon, <em>Imagine y Give Peace a Chance<\/em>. Hubo <strong>paneles donde se pod\u00eda escribir o dibujar y micro abierto<\/strong> donde vari@s vecin@s hicieron intervenciones que fueron aplaudidas.<\/p>\n<p align=\"justify\"><strong>Se ley\u00f3 un Manifiesto<\/strong> en el que se ped\u00eda \u201creflexionar juntas sobre este tema que nos es com\u00fan e implicarnos como barrio porque <strong>la paz se construye cada d\u00eda y es una responsabilidad individual y colectiva<\/strong>. Es necesario comprometernos y tejer redes vecinales, centrarnos en las cosas que nos unen y no en las que nos separan. Que el bien com\u00fan, los cuidados y la igualdad deber\u00edan estar por encima de las luchas de poder y de intereses particulares a cualquier edad, en todos los \u00e1mbitos y en cualquier lugar del mundo.<\/p>\n<p align=\"justify\"><strong>Nuestra aportaci\u00f3n desde la Escuela<\/strong> es nuestra metodolog\u00eda basada en la pr\u00e1ctica pedag\u00f3gica de la autogesti\u00f3n y la horizontalidad. Aprendemos de manera colectiva y con una actitud cr\u00edtica se\u00f1alando las consecuencias de las pr\u00e1cticas capitalistas como son el lucro, la competitividad, el individualismo, las violaciones sistem\u00e1ticas de los derechos de personas y pueblos. Hacemos transversal el respeto, la tolerancia, la escucha, la igualdad y el feminismo, en definitiva, el bien com\u00fan.<\/p>\n<p align=\"justify\">Se\u00f1alamos que <strong>en los colegios debe ser prioritaria una educaci\u00f3n emocional y sexual<\/strong> basada en el buen trato, los cuidados, la igualdad, el respeto y la libertad, que rechace el dominio y la sumisi\u00f3n, <strong>para prevenir y erradicar las violencias machistas<\/strong>. Reconocer las emociones propias y las de las dem\u00e1s personas para actuar de manera no violenta y emp\u00e1tica.<\/p>\n<p align=\"justify\">El aprendizaje para la paz y la no violencia se ha de hacer en la familia, el colegio, el instituto, la universidad, en los grupos de influencia, los movimientos sociales, los medios de comunicaci\u00f3n, las instituciones. <strong>Si aprendemos desde la infancia a ser amables y tolerancia cero frente a la violencia construiremos un mundo mejor<\/strong>.\u201d<\/p>\n<p align=\"justify\">Aprovechamos esta celebraci\u00f3n para <strong>denunciar los intereses imperialistas que hay tras el conflicto de Ucrania<\/strong> y la desinformaci\u00f3n con la que nos manipulan los medios para generar un determinado estado de opini\u00f3n favorable a la intervenci\u00f3n. Y pedimos que el gobierno de Espa\u00f1a no participe en un posible conflicto militar generado por intereses ajenos que nos quieren imponer las grandes potencias.<\/p>\n<p align=\"justify\">La guerra es la m\u00e1xima expresi\u00f3n de las violencias y una ciudadan\u00eda educada para la paz deber\u00eda imponer a los gobiernos la resoluci\u00f3n de conflictos por la v\u00eda del di\u00e1logo. <strong>Nos declaramos antimilitaristas y creemos que el Ej\u00e9rcito es una instituci\u00f3n que deber\u00eda desaparecer<\/strong> (aqu\u00ed hubo aplausos).<\/p>\n<p align=\"justify\">El acto finaliz\u00f3 con un juego en el que para resolver un conflicto hubo que buscar soluciones creativas, emp\u00e1ticas y pac\u00edficas.<\/p>\n<p align=\"justify\">Fue un placer encontrarnos de nuevo con compa\u00f1er@s con l@s que hemos ido creando v\u00ednculos a trav\u00e9s de las luchas vecinales llevadas a cabo en el barrio durante a\u00f1os, en esta ocasi\u00f3n construyendo un camino hacia la paz.<\/p>\n<p align=\"justify\"><img loading=\"lazy\" decoding=\"async\" class=\" wp-image-19508 aligncenter\" src=\"http:\/\/www.prospereando.es\/wp-content\/uploads\/2022\/02\/diaeducacion2-225x300.jpg\" alt=\"\" width=\"509\" height=\"678\" srcset=\"https:\/\/www.prospereando.es\/wp-content\/uploads\/2022\/02\/diaeducacion2-225x300.jpg 225w, https:\/\/www.prospereando.es\/wp-content\/uploads\/2022\/02\/diaeducacion2.jpg 600w\" sizes=\"auto, (max-width: 509px) 100vw, 509px\" \/><\/p>\n","protected":false},"excerpt":{"rendered":"<p>El pasado s\u00e1bado 29 de enero la Escuela Popular de la Prospe organiz\u00f3 un acto en la Plaza de Prosperidad para conmemorar el \u00abD\u00eda Escolar de la Paz y la No Violencia\u00bb.<\/p>\n","protected":false},"author":1,"featured_media":19507,"comment_status":"open","ping_status":"open","sticky":false,"template":"","format":"standard","meta":{"footnotes":""},"categories":[20],"tags":[],"class_list":["post-19506","post","type-post","status-publish","format-standard","has-post-thumbnail","hentry","category-opinion","sent_by-paloma-trapero"],"_links":{"self":[{"href":"https:\/\/www.prospereando.es\/index.php\/wp-json\/wp\/v2\/posts\/19506","targetHints":{"allow":["GET"]}}],"collection":[{"href":"https:\/\/www.prospereando.es\/index.php\/wp-json\/wp\/v2\/posts"}],"about":[{"href":"https:\/\/www.prospereando.es\/index.php\/wp-json\/wp\/v2\/types\/post"}],"author":[{"embeddable":true,"href":"https:\/\/www.prospereando.es\/index.php\/wp-json\/wp\/v2\/users\/1"}],"replies":[{"embeddable":true,"href":"https:\/\/www.prospereando.es\/index.php\/wp-json\/wp\/v2\/comments?post=19506"}],"version-history":[{"count":1,"href":"https:\/\/www.prospereando.es\/index.php\/wp-json\/wp\/v2\/posts\/19506\/revisions"}],"predecessor-version":[{"id":19509,"href":"https:\/\/www.prospereando.es\/index.php\/wp-json\/wp\/v2\/posts\/19506\/revisions\/19509"}],"wp:featuredmedia":[{"embeddable":true,"href":"https:\/\/www.prospereando.es\/index.php\/wp-json\/wp\/v2\/media\/19507"}],"wp:attachment":[{"href":"https:\/\/www.prospereando.es\/index.php\/wp-json\/wp\/v2\/media?parent=19506"}],"wp:term":[{"taxonomy":"category","embeddable":true,"href":"https:\/\/www.prospereando.es\/index.php\/wp-json\/wp\/v2\/categories?post=19506"},{"taxonomy":"post_tag","embeddable":true,"href":"https:\/\/www.prospereando.es\/index.php\/wp-json\/wp\/v2\/tags?post=19506"}],"curies":[{"name":"wp","href":"https:\/\/api.w.org\/{rel}","templated":true}]}}