{"id":19495,"date":"2022-02-05T19:46:12","date_gmt":"2022-02-05T18:46:12","guid":{"rendered":"http:\/\/www.prospereando.es\/?p=19495"},"modified":"2022-02-05T19:46:12","modified_gmt":"2022-02-05T18:46:12","slug":"paseo-sonoro-por-el-barrio","status":"publish","type":"post","link":"https:\/\/www.prospereando.es\/index.php\/2022\/02\/05\/paseo-sonoro-por-el-barrio\/","title":{"rendered":"Paseo sonoro por el barrio"},"content":{"rendered":"<p align=\"justify\"><img loading=\"lazy\" decoding=\"async\" class=\" wp-image-19496 aligncenter\" src=\"http:\/\/www.prospereando.es\/wp-content\/uploads\/2022\/02\/salaartejovenavame-300x166.jpg\" alt=\"\" width=\"629\" height=\"348\" srcset=\"https:\/\/www.prospereando.es\/wp-content\/uploads\/2022\/02\/salaartejovenavame-300x166.jpg 300w, https:\/\/www.prospereando.es\/wp-content\/uploads\/2022\/02\/salaartejovenavame.jpg 703w\" sizes=\"auto, (max-width: 629px) 100vw, 629px\" \/><\/p>\n<p align=\"justify\">La Sala de Arte Joven de la Avenida de Am\u00e9rica 13 ha finalizado con su tercer grupo de aprendizaje dentro del programa de \u201cMediaci\u00f3n Extendida\u201d que se ha desarrollado en nueve sesiones repartidas en s\u00e1bados a lo largo del a\u00f1o 2021.<\/p>\n<p align=\"justify\">La intenci\u00f3n del programa es acercar a la gente el Arte Contempor\u00e1neo, esos lenguajes y formas que siguen resultando dif\u00edciles de entender por el p\u00fablico en general .<\/p>\n<p align=\"justify\">Este tercer grupo se ha centrado en el barrio de Prosperidad y su vecina Guindalera con la idea de que la Sala se conozca y se disfrute en el entorno cercano. Para ello se orient\u00f3 a representantes de Asociaciones culturales, vecinales y familiares tambi\u00e9n con la intenci\u00f3n de que pudieran ejercer de onda expansiva para llegar a m\u00e1s personas. Han participado representantes de las asociaciones Jaire, Atenea, La Escuela Popular \u201cLa Prospe\u201d y la Asociaci\u00f3n Vecinal Valle Incl\u00e1n.<\/p>\n<p align=\"justify\">El d\u00eda 29 de enero del presente 2022 tuvo lugar una sesi\u00f3n de puertas abiertas como cierre de la actividad. Asistieron los integrantes del \u00faltimo grupo con personas de grupos anteriores, artistas implicados en las obras expuestas, responsables de la Sala\u2026<\/p>\n<p align=\"justify\">Los participantes resaltaron adem\u00e1s del aprendizaje y conocimiento de las exposiciones de la Sala el inter\u00e9s suscitado por la asistencia a otras muestras de arte contempor\u00e1neo (La casa encendida, la galer\u00eda Pradiauto en la calle Pradillo&#8230;), las visitas a las sedes de cada Asociaci\u00f3n para conocerlas y saber de sus actividades, la visita al huerto vecinal \u201cLas 40 fanegas\u201d, algunas actividades fuera de la Sala como caminar con los ojos vendados dej\u00e1ndose guiar y percibiendo los distintos sonidos del barrio. Se resalt\u00f3 especialmente el enriquecimiento que supone el acercarse a las obras de arte desde una visi\u00f3n compartida en relaci\u00f3n con otras personas..<\/p>\n<p align=\"justify\">En cada grupo de aprendizaje se realiza un retorno final como forma de plasmar de alguna forma lo que se ha hecho o ha significado. En este grupo Patricia Raijenstein y Christian Fern\u00e1ndez Mir\u00f3n, los conductores de la actividad, han elaborado un mapa gr\u00e1fico y sonoro. Se trata de un mapa muy especial en el que adem\u00e1s de la ubicaci\u00f3n de la Sala, las Asociaciones participantes y los espacios visitados, se se\u00f1alan lugares asociados a recuerdos particulares, \u00edntimos y significativos de los participantes o de personas que a lo largo de estos meses han trabajado en la Sala. Hay marcados en el mapa un total de 25 puntos (cines emblem\u00e1ticos, discotecas, calles, plazas, monumentos, locales\u2026). Activando un c\u00f3digo QR afloran los testimonios sonoros que acompa\u00f1an a cada punto y que pueden invitar a hacer un recorrido diferente por el barrio.<\/p>\n","protected":false},"excerpt":{"rendered":"<p>La Sala de Arte Joven de la Avenida de Am\u00e9rica 13 ha finalizado con su tercer grupo de aprendizaje dentro del programa de \u201cMediaci\u00f3n Extendida\u201d que se ha desarrollado en nueve sesiones repartidas en s\u00e1bados a lo largo del a\u00f1o 2021. La intenci\u00f3n del programa es acercar a la gente el Arte Contempor\u00e1neo, esos lenguajes y formas que siguen resultando dif\u00edciles de entender por el p\u00fablico en general . Este tercer grupo se ha centrado en el barrio de Prosperidad y su vecina Guindalera con la idea de que la &hellip; <\/p>\n","protected":false},"author":1,"featured_media":19496,"comment_status":"open","ping_status":"open","sticky":false,"template":"","format":"standard","meta":{"footnotes":""},"categories":[26],"tags":[],"class_list":["post-19495","post","type-post","status-publish","format-standard","has-post-thumbnail","hentry","category-nuestro-barrio","sent_by-teresa-lopez"],"_links":{"self":[{"href":"https:\/\/www.prospereando.es\/index.php\/wp-json\/wp\/v2\/posts\/19495","targetHints":{"allow":["GET"]}}],"collection":[{"href":"https:\/\/www.prospereando.es\/index.php\/wp-json\/wp\/v2\/posts"}],"about":[{"href":"https:\/\/www.prospereando.es\/index.php\/wp-json\/wp\/v2\/types\/post"}],"author":[{"embeddable":true,"href":"https:\/\/www.prospereando.es\/index.php\/wp-json\/wp\/v2\/users\/1"}],"replies":[{"embeddable":true,"href":"https:\/\/www.prospereando.es\/index.php\/wp-json\/wp\/v2\/comments?post=19495"}],"version-history":[{"count":1,"href":"https:\/\/www.prospereando.es\/index.php\/wp-json\/wp\/v2\/posts\/19495\/revisions"}],"predecessor-version":[{"id":19497,"href":"https:\/\/www.prospereando.es\/index.php\/wp-json\/wp\/v2\/posts\/19495\/revisions\/19497"}],"wp:featuredmedia":[{"embeddable":true,"href":"https:\/\/www.prospereando.es\/index.php\/wp-json\/wp\/v2\/media\/19496"}],"wp:attachment":[{"href":"https:\/\/www.prospereando.es\/index.php\/wp-json\/wp\/v2\/media?parent=19495"}],"wp:term":[{"taxonomy":"category","embeddable":true,"href":"https:\/\/www.prospereando.es\/index.php\/wp-json\/wp\/v2\/categories?post=19495"},{"taxonomy":"post_tag","embeddable":true,"href":"https:\/\/www.prospereando.es\/index.php\/wp-json\/wp\/v2\/tags?post=19495"}],"curies":[{"name":"wp","href":"https:\/\/api.w.org\/{rel}","templated":true}]}}