{"id":19492,"date":"2022-02-05T19:34:52","date_gmt":"2022-02-05T18:34:52","guid":{"rendered":"http:\/\/www.prospereando.es\/?p=19492"},"modified":"2022-02-05T19:34:52","modified_gmt":"2022-02-05T18:34:52","slug":"apartheid-sanitario","status":"publish","type":"post","link":"https:\/\/www.prospereando.es\/index.php\/2022\/02\/05\/apartheid-sanitario\/","title":{"rendered":"Apartheid sanitario"},"content":{"rendered":"<p align=\"justify\"><img loading=\"lazy\" decoding=\"async\" class=\" wp-image-19493 aligncenter\" src=\"http:\/\/www.prospereando.es\/wp-content\/uploads\/2022\/02\/centrosaludinmigrantes-300x203.jpg\" alt=\"\" width=\"746\" height=\"505\" srcset=\"https:\/\/www.prospereando.es\/wp-content\/uploads\/2022\/02\/centrosaludinmigrantes-300x203.jpg 300w, https:\/\/www.prospereando.es\/wp-content\/uploads\/2022\/02\/centrosaludinmigrantes.jpg 600w\" sizes=\"auto, (max-width: 746px) 100vw, 746px\" \/><\/p>\n<p align=\"justify\">La realidad, a menudo, supera a la ficci\u00f3n y resulta tan incre\u00edble que nos resistimos a reconocerla como tal por kafkiana que nos parezca. As\u00ed est\u00e1 sucediendo con la exclusi\u00f3n sanitaria en nuestro pa\u00eds para <strong>las personas en situaci\u00f3n irregular y solicitantes de asilo, que est\u00e1n viviendo un aut\u00e9ntico apartheid sanitario \u201cinvisible\u201d<\/strong>.<\/p>\n<p align=\"justify\">Lamentablemente, esta situaci\u00f3n no es nueva, sino que viene siendo cotidiana desde que el gobierno del Partido Popular aprob\u00f3 el Real Decreto 16\/2012. Una situaci\u00f3n que el actual gobierno se comprometi\u00f3 a subsanar y no lo ha hecho, sino que se ha limitado a crear las <em>Unidades de Tramitaci\u00f3n Sanitaria para Inmigrantes<\/em>, claramente segregacionistas e hiper restrictivas en sus condiciones de acceso a la sanidad, a trav\u00e9s del \u00a0Real Decreto 7\/2018.<\/p>\n<p align=\"justify\"><strong>En la Comunidad de Madrid estos decretos se han aplicado ferozmente<\/strong>. Lo experimento cada d\u00eda cuando acompa\u00f1o a mis vecinas al m\u00e9dico, como cuando acud\u00ed con una amiga bangladesh\u00ed diab\u00e9tica al centro de salud y, en el mostrador, una administrativa hier\u00e1tica nos dio la noticia de que mi amiga hab\u00eda sido borrada del sistema. Hab\u00eda, por tanto, dejado de tener m\u00e9dico y el siguiente paso era acudir a una <em>Unidad de Tramitaci\u00f3n Sanitaria para Inmigrantes<\/em> donde se valorar\u00eda su situaci\u00f3n, incluyendo la posibilidad de <em>facturar<\/em> la atenci\u00f3n. A los pocos d\u00edas me sucedi\u00f3 lo mismo cuando acompa\u00f1\u00e9 a otra amiga, esta vez hondure\u00f1a y embarazada de cinco meses a otro centro de salud. La respuesta fue la misma, aunque esta vez el rostro de la administrativa fuera mucho m\u00e1s emp\u00e1tico e incluso se indignara y nos dijera en voz bajita que fu\u00e9ramos cuidadosas con los tr\u00e1mites porque pod\u00edan llegar a facturar el gasto de la asistencia. En ambos casos <strong>el derecho a la salud de mis dos amigas ha sido aniquilado de una forma tan simple como brutal sus consecuencias: apretar el click de un rat\u00f3n y borrar sus datos<\/strong>. Decidir si las vidas de las personas importan o no queda reducido a gestos como este.<\/p>\n<p align=\"justify\">Desde el pasado diciembre m\u00e1s de 27.000 personas en situaci\u00f3n irregular han sido borradas de las bases de datos del Servicio Madrile\u00f1o de Salud (SERMAS). Se trata de bajas que se han llevado a cabo sin ninguna informaci\u00f3n previa, sin solicitar documentaci\u00f3n complementaria y sin ofrecer ning\u00fan tipo de plazo para poder acreditar, de nuevo, el derecho. Se trata de un aut\u00e9ntico apartheid y exclusi\u00f3n sanitaria en el contexto de la crisis salvaje que est\u00e1 experimentando la sanidad p\u00fablica en Espa\u00f1a y la predicci\u00f3n de su privatizaci\u00f3n.<\/p>\n<p align=\"justify\">Mientras los pacientes <em>borrados del sistema<\/em> hacen cola en las unidades de tramitaci\u00f3n sanitaria para conseguir una valoraci\u00f3n de su caso o consiguen cita a dos meses vistas, sus m\u00e9dicos se preguntan \u00bfd\u00f3nde est\u00e1n?, \u00bfqu\u00e9 ha sido de ellos?, \u00bfpor qu\u00e9 no acuden a consulta, especialmente quienes son pacientes cr\u00f3nicos o tienen situaciones cr\u00edticas?<\/p>\n<p align=\"justify\">As\u00ed me lo compart\u00edan tambi\u00e9n un par de m\u00e9dicas hace unos d\u00edas en un encuentro casual en el centro de salud, de nuevo frente al mostrador, para pedir una cita, esta vez para m\u00ed. \u00bfQu\u00e9 podemos hacer, me preguntaban indignadas ante lo que est\u00e1 pasando? \u00a1Tenemos que organizarnos para denunciarlo y encontrar el modo de que reciban atenci\u00f3n cuanto antes! \u00a1Son nuestros pacientes! \u00a1Nuestro trabajo es cuidarles! \u00a1Su salud nos importa!<\/p>\n<p align=\"justify\">Abandon\u00e9 el Centro de Salud con un sentimiento extra\u00f1o porque, pese a la fuerza de la violencia de los mercados y sus leyes, que condenan a la exclusi\u00f3n y deciden qu\u00e9 vidas importan y cu\u00e1les no,<strong> la bondad y la justicia resisten todav\u00eda en el coraz\u00f3n humano y en las conciencias<\/strong>, sumando inteligencias colectivas para encontrar grietas por donde agujerear las leyes injustas y las instituciones r\u00edgidas\u2026 hasta que caigan.<\/p>\n<p align=\"justify\"><em>Pepa Torres, es te\u00f3loga y religiosa Apost\u00f3lica del Sagrado Coraz\u00f3n de Jes\u00fas, vive en una comunidad intercongregacional en el madrile\u00f1o barrio de Lavapi\u00e9s. All\u00ed apoya los movimientos sociales y la defensa de los derechos humanos, especialmente desde la Red Interlavapi\u00e9s.<\/em><\/p>\n","protected":false},"excerpt":{"rendered":"<p>La realidad, a menudo, supera a la ficci\u00f3n y resulta tan incre\u00edble que nos resistimos a reconocerla como tal por kafkiana que nos parezca. As\u00ed est\u00e1 sucediendo con la exclusi\u00f3n sanitaria en nuestro pa\u00eds para las personas en situaci\u00f3n irregular y solicitantes de asilo, que est\u00e1n viviendo un aut\u00e9ntico apartheid sanitario \u201cinvisible\u201d. Lamentablemente, esta situaci\u00f3n no es nueva, sino que viene siendo cotidiana desde que el gobierno del Partido Popular aprob\u00f3 el Real Decreto 16\/2012. Una situaci\u00f3n que el actual gobierno se comprometi\u00f3 a subsanar y no lo ha hecho, &hellip; <\/p>\n","protected":false},"author":1,"featured_media":19493,"comment_status":"open","ping_status":"open","sticky":false,"template":"","format":"standard","meta":{"footnotes":""},"categories":[20],"tags":[],"class_list":["post-19492","post","type-post","status-publish","format-standard","has-post-thumbnail","hentry","category-opinion","sent_by-pepa-torres"],"_links":{"self":[{"href":"https:\/\/www.prospereando.es\/index.php\/wp-json\/wp\/v2\/posts\/19492","targetHints":{"allow":["GET"]}}],"collection":[{"href":"https:\/\/www.prospereando.es\/index.php\/wp-json\/wp\/v2\/posts"}],"about":[{"href":"https:\/\/www.prospereando.es\/index.php\/wp-json\/wp\/v2\/types\/post"}],"author":[{"embeddable":true,"href":"https:\/\/www.prospereando.es\/index.php\/wp-json\/wp\/v2\/users\/1"}],"replies":[{"embeddable":true,"href":"https:\/\/www.prospereando.es\/index.php\/wp-json\/wp\/v2\/comments?post=19492"}],"version-history":[{"count":1,"href":"https:\/\/www.prospereando.es\/index.php\/wp-json\/wp\/v2\/posts\/19492\/revisions"}],"predecessor-version":[{"id":19494,"href":"https:\/\/www.prospereando.es\/index.php\/wp-json\/wp\/v2\/posts\/19492\/revisions\/19494"}],"wp:featuredmedia":[{"embeddable":true,"href":"https:\/\/www.prospereando.es\/index.php\/wp-json\/wp\/v2\/media\/19493"}],"wp:attachment":[{"href":"https:\/\/www.prospereando.es\/index.php\/wp-json\/wp\/v2\/media?parent=19492"}],"wp:term":[{"taxonomy":"category","embeddable":true,"href":"https:\/\/www.prospereando.es\/index.php\/wp-json\/wp\/v2\/categories?post=19492"},{"taxonomy":"post_tag","embeddable":true,"href":"https:\/\/www.prospereando.es\/index.php\/wp-json\/wp\/v2\/tags?post=19492"}],"curies":[{"name":"wp","href":"https:\/\/api.w.org\/{rel}","templated":true}]}}