{"id":19396,"date":"2022-01-23T23:12:56","date_gmt":"2022-01-23T22:12:56","guid":{"rendered":"http:\/\/www.prospereando.es\/?p=19396"},"modified":"2022-01-23T23:12:56","modified_gmt":"2022-01-23T22:12:56","slug":"2022-a-ritmo-de-utopia-2","status":"publish","type":"post","link":"https:\/\/www.prospereando.es\/index.php\/2022\/01\/23\/2022-a-ritmo-de-utopia-2\/","title":{"rendered":"2022, a ritmo de utop\u00eda"},"content":{"rendered":"<p align=\"justify\"><img loading=\"lazy\" decoding=\"async\" class=\" wp-image-19397 aligncenter\" src=\"http:\/\/www.prospereando.es\/wp-content\/uploads\/2022\/01\/utopia2022-300x137.jpg\" alt=\"\" width=\"819\" height=\"374\" srcset=\"https:\/\/www.prospereando.es\/wp-content\/uploads\/2022\/01\/utopia2022-300x137.jpg 300w, https:\/\/www.prospereando.es\/wp-content\/uploads\/2022\/01\/utopia2022.jpg 600w\" sizes=\"auto, (max-width: 819px) 100vw, 819px\" \/><\/p>\n<p align=\"justify\">El art\u00edculo de hoy va de citas, que creo expresan mejor que mis argumentos los sentimientos, actitudes, deseos y prop\u00f3sitos ante lo que convencionalmente llamamos nuevo a\u00f1o o a\u00f1o nuevo. Es as\u00ed como quiero ofrecer mi idea del tiempo y poner en duda lo que a priori se considera nuevo, que solo lo ser\u00e1 dependiendo de nuestro compromiso de no reproducir mim\u00e9ticamente el pasado con sus errores y aciertos, y de mirar al futuro.<\/p>\n<p align=\"justify\">Pero la mirada al futuro no puede hacerse a trav\u00e9s de un acto de confianza ciega o de optimismo ingenuo que no sopesa los riesgos, ni conoce los problemas, ni tiene en cuenta los avatares de la vida cotidiana, ni repara en las trampas que nos tiende el sistema casi siempre de manera sibilina y, muchas veces, sin ser conscientes de ellas. Debe hacerse <strong>activando la esperanza como principio, como virtud del caminante consciente de las dificultades del camino<\/strong>, e incluso de los fracasos posibles o reales, de los que la esperanza puede salir fortalecida.<\/p>\n<p align=\"justify\">Es la <em>docta spes<\/em> (esperanza inteligente), como la llama el fil\u00f3sofo alem\u00e1n de la utop\u00eda <strong>Ernst Bloch<\/strong>, que escribiera <em>El principio esperanza<\/em> (Trotta, 3 vol\u00famenes, 2004-2077), sin duda el mejor y m\u00e1s completo viaje por tierras ut\u00f3picas que yo he recorrido y la m\u00e1s lucida fundamentaci\u00f3n del pensamiento ut\u00f3pico.<\/p>\n<p align=\"justify\">Lo que llamamos a\u00f1o nuevo suele ser con frecuencia la <strong>repetici\u00f3n mim\u00e9tica del anterior<\/strong>, m\u00e1s de lo mismo, sin apenas novedad, con los consiguientes tropiezos en la misma piedra, sin apenas haber aprendido nada del pasado. Solemos comenzar el a\u00f1o bajo la filosof\u00eda acomodaticia y est\u00e1tica que se rige por un principio que pareciera inamovible: \u201clas cosas son como son y no pueden ser de otra manera\u201d. Una filosof\u00eda que viene a negar la dimensi\u00f3n hist\u00f3rica de nuestra existencia y el <strong>car\u00e1cter ut\u00f3pico y proyectivo de la humanidad y del cosmos<\/strong>.<\/p>\n<p align=\"justify\">Esta filosof\u00eda es desmentida por la propia constataci\u00f3n de que las cosas no son como son, sino que son construcciones humanas, que lo mismo que las hemos construido <strong>podemos deconstruirlas y cambiar de rumbo la historia y nuestra vida<\/strong>. En ese sentido tiene raz\u00f3n Bloch cuando afirma: \u201cSi la teor\u00eda no est\u00e1 de acuerdo con los hechos, peor para los hechos\u201d. Para que el 2022 sea realmente nuevo no basta afirmarlo con f\u00f3rmulas ya hechas que repetimos cansinamente y sin siquiera intenci\u00f3n de cambiar nada. <strong>Es necesario cambiar de rumbo, desarrollar la imaginaci\u00f3n, pensar el futuro creativamente<\/strong>.<\/p>\n<p align=\"justify\">Desde hace varios lustros acostumbro a felicitar cada a\u00f1o que comienza con <strong>la palabra \u201cesperanzador\u201d porque creo que es la que mejor refleja mi manera de concebir y de vivir el tiempo<\/strong>, aunque a veces se me cuela el adjetivo \u201cfeliz\u201d en respuesta a quienes me lo desean. Ofrezco a continuaci\u00f3n una reflexi\u00f3n sobre el tiempo en clave de utop\u00eda siguiendo los diferentes g\u00e9neros literarios, sobre todo filosof\u00eda y poes\u00eda, que desembocan en la construcci\u00f3n de \u201cotro mundo posible\u201d.<\/p>\n<p align=\"justify\"><strong>Gabriel Marcel<\/strong> defini\u00f3 al ser humano como <em>homo Viator<\/em>; <strong>Bloch<\/strong> como <em>homo Utopicus<\/em>, <strong>Carlos Par\u00eds<\/strong> como <em>Ser proyectivo<\/em> y yo como <em>Ser-en-esperanza<\/em>. Ciertamente, la esperanza es una determinaci\u00f3n fundamental de la realidad objetiva, el rasgo fundamental y constitutivo de la conciencia humana y el principio presente en el proceso del mundo. Lo expresa con un rico y expresivo lenguaje Ernst Bloch al comienzo de <em>El principio esperanza<\/em>. La realidad es proceso y se encuentra en constante mutaci\u00f3n, en permanente recreaci\u00f3n. La materia no es algo inerte, sino que posee su propio e interno dinamismo, reconoce Bloch siguiendo el pensamiento de la izquierda aristot\u00e9lica. \u201cTambi\u00e9n la materia tiene su utop\u00eda\u201d, afirma Bloch, quien se refiere en varias ocasiones al arco <em>utop\u00eda-materia<\/em>.<\/p>\n<p align=\"justify\">Pero quiz\u00e1 el aspecto m\u00e1s original del pensamiento de Bloch es que <strong>no disocia de manera dualista, como suele ser frecuente, raz\u00f3n y esperanza<\/strong>, situando a la primera en las cumbres del pensamiento abstracto ni a la esperanza en un futuro celeste inalcanzable, sino que establece una relaci\u00f3n intr\u00ednseca entre esperanza y raz\u00f3n: \u201cLa raz\u00f3n no puede florecer sin esperanza, la esperanza no puede hablar sin raz\u00f3n\u201d. Mejor y m\u00e1s precisa formulaci\u00f3n, imposible.<\/p>\n<p align=\"justify\">La utop\u00eda es la que marca el horizonte a seguir sin que nunca llegue a alcanzarse plenamente, dada la precariedad de los seres humanos (<strong>Judith Butler<\/strong>) y la fr\u00e1gil piel del mundo (<strong>Jean-Luc Nancy, Joan-Carles M\u00e8lich<\/strong>), pero s\u00ed podemos aproximarnos m\u00e1s a ella con la acci\u00f3n bien guiada, es decir, con una praxis transformadora. Lo expresa dial\u00e9cticamente <strong>Eduardo Galeano<\/strong>, inspir\u00e1ndose en <strong>Fernando Berri<\/strong>: \u201cElla est\u00e1 en el horizonte \u2014dice Fernando Berri\u2014. Me acerco dos pasos, y ella se aleja dos pasos. Camino diez pasos y el horizonte se corre diez pasos m\u00e1s all\u00e1. Por mucho que yo camine, nunca la alcanzar\u00e9. \u00bfPara qu\u00e9 sirve la utop\u00eda? Para eso sirve\u2026 para caminar\u201d.<\/p>\n<p align=\"justify\"><strong>Antonio Machado<\/strong> introduce un matiz nuevo. La utop\u00eda no solo \u00a0sirve para caminar, sino para hacer el camino, para crearlo mientras se anda. La senda no existe, el trazado del camino ni siquiera est\u00e1 dise\u00f1ado, tenemos que dise\u00f1arlo nosotros y nosotras. <strong>Llegar o no a la meta depende de nuestro trazado del camino. Y es la huella la que hace el camino<\/strong>: \u201cCaminante son tus huellas el camino y nada m\u00e1s. Caminante no hay camino, se hace camino al andar\u201d. El estado natural del ser humano no es asentarse en un lugar fijo, instalarse c\u00f3modamente en la realidad, sino el \u00e9xodo permanente, la itinerancia, la caminada, y hacerlo juntos en actitud de co-esperanza, como afirma <strong>Pedro La\u00edn Entralgo<\/strong>.<\/p>\n<p style=\"text-align: center;\" align=\"justify\">La utop\u00eda no solo sirve para caminar, sino para hacer el camino, para crearlo mientras se anda. La senda no existe, el trazado del camino ni siquiera est\u00e1 dise\u00f1ado, tenemos que dise\u00f1arlo nosotros y nosotras<\/p>\n<p align=\"justify\"><strong>La contemplaci\u00f3n es un estado de \u00e1nimo placentero<\/strong>, el ascenso a las alturas donde se encuentran el cielo y la tierra constituye una inenarrable experiencia est\u00e9tica, disfrutar de la sabidur\u00eda del cosmos produce una sensaci\u00f3n de plenitud. As\u00ed parece reconocerlo <strong>Walt Whitman<\/strong>, quien, a su vez, alerta de la necesidad de no quedarse en esas sensaciones por muy profundas, sino de continuar la ruta: \u201cAntes del alba, sub\u00ed a las colinas, mir\u00e9 los cielos apretados de luminarias y le dije a mi esp\u00edritu: cuando conozcamos todos estos mundos y el placer y la sabidur\u00eda de todas las cosas que contienen, \u00bfestaremos tranquilos y satisfechos?\u201d. Y mi esp\u00edritu dijo. No, ganaremos esas alturas para seguir adelante\u201d.<\/p>\n<p align=\"justify\">En una generosa rese\u00f1a de mi libro\u00a0<em>Invitaci\u00f3n a la Utop\u00eda. Estudio hist\u00f3rico para tiempos de crisis<\/em> \u00a0<a href=\"https:\/\/www.infolibre.es\/opinion\/columnas\/utopia_1_1092440.html\">(infoLibre, 11 de agosto de 2013)<\/a>, Luis Garc\u00eda Montero afirmaba que \u201cel descr\u00e9dito del futuro, la sospecha que desata cualquier ilusi\u00f3n alternativa, sirve para cancelar el pasado e imponer una par\u00e1lisis en la precariedad del presente. <strong>Nos acostumbran a convivir con la injusticia<\/strong>\u201d. Renunciar a la utop\u00eda \u2014segu\u00eda diciendo\u2014 \u201csupone que la abandonemos en manos de la injusticia\u201d. Sin embargo, mirar al futuro, pensar el futuro, \u201cse convierte en un compromiso con los otros, con los seres humanos que han sufrido y que sufren la injusticia social\u201d.<\/p>\n<p align=\"justify\">Tambi\u00e9n <strong>la Biblia hebrea invita a caminar en direcci\u00f3n a la utop\u00eda de un nuevo cielo y una tierra nueva, que comporta una transformaci\u00f3n total de nuestro entorno<\/strong>. El Dios de Israel no mira al pasado con a\u00f1oranza y con el deseo de repetirlo, sino al futuro con la intenci\u00f3n de hacerlo todo nuevo: \u201cNo record\u00e9is lo de anta\u00f1o, no pens\u00e9is en lo antiguo, mirad que realizo algo nuevo; ya est\u00e1 brotando; \u00bfno lo not\u00e1is? S\u00ed, pongo en el desierto un camino, r\u00edos en el p\u00e1ramo\u201d (Isa\u00edas 43-18-19).<\/p>\n<p align=\"justify\">Termino ya, y lo hago con la pregunta que reiteradamente me ha hecho mi gente amiga estos primeros d\u00edas de 2022: <strong>\u00bferes optimista o pesimista, ut\u00f3pico o dist\u00f3pico?<\/strong> Mi respuesta es una afirmaci\u00f3n que he tomado prestada de mi entra\u00f1able amigo y maestro el cient\u00edfico social <strong>Franz Hinkelammert<\/strong> y que sigo manteniendo por muy contradictoria que parezca \u2014es casi un ox\u00edmoron\u2014: soy un \u201cpesimista esperanzado\u201d. \u00bfC\u00f3mo?, me vuelven a preguntar ante tan desconcertante respuesta.<\/p>\n<p align=\"justify\">S\u00ed, <strong>soy pesimista<\/strong>\u2026 porque la dura realidad no da para ser optimista. Estamos sometidos a una serie de <strong>sistemas de dominaci\u00f3n, capitalismo, patriarcado, colonialismo, fundamentalismos, aporofobia, supremacismo, racismo social y epistemol\u00f3gico, imperialismo, occidentalismo<\/strong>, que se apoyan y refuerzan con el objetivo de disuadirnos de seguir el camino de la utop\u00eda, de robarnos la esperanza y, sobre todo, de rob\u00e1rsela a las personas y los colectivos empobrecidos, que es posiblemente el mayor acto de latrocinio que comete el neoliberalismo y que puede llevarnos a un fatalismo hist\u00f3rico del que resulta dif\u00edcil recuperarnos.<\/p>\n<p align=\"justify\">Pero <strong>al mismo tiempo soy esperanzado<\/strong>. El pesimismo de la realidad no me lleva a cruzarme de brazos, a permanecer inerte, sino que me induce a actuar, y la acci\u00f3n, bien guiada, como dije, es ya de por s\u00ed, independientemente de su resultado, una respuesta al pesimismo ambiente. Y si la acci\u00f3n fracasa, me espolea todav\u00eda m\u00e1s si cabe.\u00a0Coincido con <strong>Antonio Gramsci<\/strong> cuando habla del \u201cpesimismo de la raz\u00f3n y el optimismo de la voluntad\u201d y con <strong>Jos\u00e9 Carlos Mari\u00e1tegui<\/strong>, que se refiere \u201cal pesimismo de la realidad y al optimismo de la acci\u00f3n\u201d.<\/p>\n<p><em>Publicado en infolibre.es <a href=\"https:\/\/www.infolibre.es\/opinion\/ideas-propias\/2022-ritmo-utopia_129_1216729.html\">Leer m\u00e1s&#8230;<\/a><\/em><\/p>\n<p align=\"justify\"><strong>Juan Jos\u00e9 Tamayo<\/strong> es te\u00f3logo, em\u00e9rito de la C\u00e1tedra de Teolog\u00eda y Ciencias de las Religiones de la Universidad Carlos III de Madrid y autor de:<em> Invitaci\u00f3n a la utop\u00eda. Estudio hist\u00f3rico para tiempos de crisis <\/em>(Trotta, 2016, 2\u00aa ed.);<em> Religi\u00f3n, raz\u00f3n y esperanza. El pensamiento de Ernst Bloch <\/em>(Tirant, 2015)<em>; \u00bfHa muerto la utop\u00eda? \u00bfTriunfan las distop\u00edas?<\/em> (Biblioteca Nueva, 2020, 4\u00aa ed.)<\/p>\n","protected":false},"excerpt":{"rendered":"<p>El art\u00edculo de hoy va de citas, que creo expresan mejor que mis argumentos los sentimientos, actitudes, deseos y prop\u00f3sitos ante lo que convencionalmente llamamos nuevo a\u00f1o o a\u00f1o nuevo. Es as\u00ed como quiero ofrecer mi idea del tiempo y poner en duda lo que a priori se considera nuevo, que solo lo ser\u00e1 dependiendo de nuestro compromiso de no reproducir mim\u00e9ticamente el pasado con sus errores y aciertos, y de mirar al futuro. Pero la mirada al futuro no puede hacerse a trav\u00e9s de un acto de confianza ciega &hellip; <\/p>\n","protected":false},"author":1,"featured_media":19397,"comment_status":"open","ping_status":"open","sticky":false,"template":"","format":"standard","meta":{"footnotes":""},"categories":[20],"tags":[],"class_list":["post-19396","post","type-post","status-publish","format-standard","has-post-thumbnail","hentry","category-opinion","sent_by-juan-jose-tamayo"],"_links":{"self":[{"href":"https:\/\/www.prospereando.es\/index.php\/wp-json\/wp\/v2\/posts\/19396","targetHints":{"allow":["GET"]}}],"collection":[{"href":"https:\/\/www.prospereando.es\/index.php\/wp-json\/wp\/v2\/posts"}],"about":[{"href":"https:\/\/www.prospereando.es\/index.php\/wp-json\/wp\/v2\/types\/post"}],"author":[{"embeddable":true,"href":"https:\/\/www.prospereando.es\/index.php\/wp-json\/wp\/v2\/users\/1"}],"replies":[{"embeddable":true,"href":"https:\/\/www.prospereando.es\/index.php\/wp-json\/wp\/v2\/comments?post=19396"}],"version-history":[{"count":1,"href":"https:\/\/www.prospereando.es\/index.php\/wp-json\/wp\/v2\/posts\/19396\/revisions"}],"predecessor-version":[{"id":19398,"href":"https:\/\/www.prospereando.es\/index.php\/wp-json\/wp\/v2\/posts\/19396\/revisions\/19398"}],"wp:featuredmedia":[{"embeddable":true,"href":"https:\/\/www.prospereando.es\/index.php\/wp-json\/wp\/v2\/media\/19397"}],"wp:attachment":[{"href":"https:\/\/www.prospereando.es\/index.php\/wp-json\/wp\/v2\/media?parent=19396"}],"wp:term":[{"taxonomy":"category","embeddable":true,"href":"https:\/\/www.prospereando.es\/index.php\/wp-json\/wp\/v2\/categories?post=19396"},{"taxonomy":"post_tag","embeddable":true,"href":"https:\/\/www.prospereando.es\/index.php\/wp-json\/wp\/v2\/tags?post=19396"}],"curies":[{"name":"wp","href":"https:\/\/api.w.org\/{rel}","templated":true}]}}