{"id":19393,"date":"2022-01-23T22:32:20","date_gmt":"2022-01-23T21:32:20","guid":{"rendered":"http:\/\/www.prospereando.es\/?p=19393"},"modified":"2022-01-26T20:50:05","modified_gmt":"2022-01-26T19:50:05","slug":"el-doble-maltrato-hacia-la-atencion-primaria","status":"publish","type":"post","link":"https:\/\/www.prospereando.es\/index.php\/2022\/01\/23\/el-doble-maltrato-hacia-la-atencion-primaria\/","title":{"rendered":"El doble maltrato hacia la atenci\u00f3n primaria"},"content":{"rendered":"<p align=\"justify\"><img loading=\"lazy\" decoding=\"async\" class=\" wp-image-19394 aligncenter\" src=\"http:\/\/www.prospereando.es\/wp-content\/uploads\/2022\/01\/sanidadpublica2-300x139.jpg\" alt=\"\" width=\"842\" height=\"390\" srcset=\"https:\/\/www.prospereando.es\/wp-content\/uploads\/2022\/01\/sanidadpublica2-300x139.jpg 300w, https:\/\/www.prospereando.es\/wp-content\/uploads\/2022\/01\/sanidadpublica2.jpg 600w\" sizes=\"auto, (max-width: 842px) 100vw, 842px\" \/><\/p>\n<p align=\"justify\"><em>Ana Encinas es M\u00e9dica de Atenci\u00f3n Primaria Portavoz de la Plataforma de Centros de Salud Representante de Juntas x la P\u00fablica<\/em><\/p>\n<p align=\"justify\">Todas las personas que trabajamos para la salud de la ciudadani\u0301a, estamos sosteniendo el sufrimiento y dolor de muchos pacientes durante mucho tiempo.<\/p>\n<p align=\"justify\">Me viene la imagen de los atlantes y las caria\u0301tides de algunos edificios, sujetando columnas o techos, en nuestro caso el equivalente de la carga es el dolor de todos.<\/p>\n<p align=\"justify\">Son muchas las profesiones involucradas, voy a centrarme en los trabajadores de Atencio\u0301n Primaria de Madrid, mi a\u0301mbito de trabajo y quiero incluir aqui\u0301 todas las categori\u0301as existentes.<\/p>\n<p align=\"justify\"><strong>Es muy triste que lleguemos a normalizar condiciones de trabajo inaceptables<\/strong>, con una sobrecarga que imposibilita la atenci\u00f3n adecuada. Hay carencia de plantilla en todos los niveles y ninguna intenci\u00f3n de solucionarla.<\/p>\n<p align=\"justify\">La unidad administrativa es insuficiente, con aumento de sus tareas. <strong>Su saturacio\u0301n provoca la dificultad del acceso y las vergonzosas colas en las calles<\/strong>. Ellos deben decidir el tiempo de demora de la consulta solicitada, cuando no tienen concedida ni la categori\u0301a de personal sanitario. Son ellos y los celadores (si existe esa figura en el centro) los que reciben en mayor grado la agresividad de los pacientes.<\/p>\n<p align=\"justify\">Los compa\u00f1eros de enfermer\u00eda dedican la mayori\u0301a de su tiempo a pruebas diagnosticas (test de anti\u0301geno y PCR) y vacunacio\u0301n de gripe y Covid, haciendo encaje de bolillos para la atenci\u00f3n domiciliaria y en consulta, con poco tiempo para el control de procesos cr\u00f3nicos (diabetes, hipertensi\u00f3n&#8230;) cuya descompensacio\u0301n puede conducir a complicaciones.<\/p>\n<p align=\"justify\">En la medicina tenemos agendas interminables(de 50 a 100 pacientes al di\u0301a). Despue\u0301s de dos an\u0303os hemos llegado a la 6\u00aa ola con ausencias del 30% de los profesionales, cuyos pacientes deben ser atendidos por el resto de compa\u00f1eros. Ademas de estas ausencias temporales (por baja, vacaciones&#8230;) las plazas que quedan vacantes de forma definitiva, por jubilaci\u00f3n o traslado a otra comunidad, no son cubiertas. Esto quiere decir que ma\u0301s de 400.000 madrilen\u0303os no tienen me\u0301dico asignado,sin ellos saberlo. Es una situaci\u00f3n ilegal que impide la longitudinalidad (atenci\u00f3n por el mismo profesional siempre) y sobrecarga al resto.<\/p>\n<p align=\"justify\">En estos momentos, el 70-80% de nuestra actividad es labor burocr\u00e1tica, haciendo bajas y altas de procesos que no precisan valoraci\u00f3n me\u0301dica, impidie\u0301ndonos atender a pacientes que necesitan ser evaluados por nosotros. La falta de atencio\u0301n y de seguimiento a los pacientes, por la falta de tiempo y la imposibilidad de acceso, conlleva a aumento de complicaciones en los procesos cro\u0301nicos y demora en la deteccio\u0301n de muchas enfermedades. Seamos conscientes del precio que estamos pagando.<\/p>\n<p align=\"justify\">La nefasta gestio\u0301n de la Consejeri\u0301a de Sanidad y las <em>acusaciones falsas e inadmisibles de la presidenta Di\u0301az Ayuso<\/em> hacia nosotros, los trabajadores de Atencio\u0301n Primaria, es algo inaudito. Nos estamos dejando la piel, sobrepasando nuestro horario y esta\u0301n intentando responsabilizarnos de lo que compete a su responsabilidad (presupuestar adecuadamente para tener las plantillas necesarias). Los presupuestos actuales son un 6% menores al gasto real de 2019, an\u0303o pre pande\u0301mico.<\/p>\n<p align=\"justify\">A estas rastreras acusaciones le ha sucedido un doloroso y sicario silencio por parte de nuestros superiores. La Gerencia y sus 7 direcciones asistenciales han sido incapaces de defendernos y en estos 22 meses no se han molestado en explicar nuestro trabajo a los madrile\u00f1os.<\/p>\n<p align=\"justify\">La ciudadani\u0301a, aquellos a los que se destina nuestro cuidado, tiene dificultad para contactar con nosotros, se ve obligada a hacer vergonzosas colas para entrar al centro, debe esperar demoras de mucho tiempo para que llamemos por tele\u0301fono o para acudir presencialmente y cuenta con muy poco tiempo en la atencio\u0301n. Todo esto conduce a un legi\u0301timo enfado en la poblacio\u0301n. Lo peligroso de la actual situacio\u0301n es que algunas personas esta\u0301n dirigiendo su enfado hacia nosotros, sen\u0303al\u00e1ndonos como culpables de su inadecuada atencio\u0301n.<\/p>\n<p align=\"justify\">En este momento es urgente que el ciudadano sepa discernir sobre quienes son los aute\u0301nticos responsables, quienes no esta\u0301n ofreciendo contratos dignos y produciendo la hui\u0301da de profesionales, quienes esta\u0301n despidiendo a personas con contrato Covid (en plena 6\u00aa ola), quienes mantienen cerrados los Servicios de Urgencia de Atencio\u0301n Primaria (ya son 22 meses, sin ninguna justificacio\u0301n), quienes no contratan suplentes.<\/p>\n<p align=\"justify\">Trabajadores y pacientes somos vi\u0301ctimas del deterioro deliberado de la Atencio\u0301n Primaria por parte de la Consejeri\u0301a de <em>Sanidad de la CM<\/em>, cuyo objetivo es que los madrilen\u0303os contraten una po\u0301liza privada (ya lo han conseguido en el 39% de los que aqui\u0301 viven). El derecho de todos lo esta\u0301n convirtiendo en el negocio de algunos.<\/p>\n<p align=\"justify\">Al maltrato de nuestra institucio\u0301n estamos, desgraciadamente, acostumbrados.\u00a0Al maltrato de la ciudadani\u0301a no vamos a poder acostumbrarnos, es muy doloroso e injusto para nosotros. Si no somos capaces de apoyarnos y entender que estamos en el mismo barco, iremos sucumbiendo los trabajadores y el sistema caera\u0301 como un castillo de naipes.<\/p>\n<p align=\"justify\">No somos he\u0301roes ni heroi\u0301nas, ni queremos serlo. Somos de carne y hueso y estamos llegando a nuestro l\u00edmite, fi\u0301sica y emocionalmente.\u00a0No necesitamos aplausos (aunque conmovi\u0301a el sentido de unio\u0301n), necesitamos respeto. No requerimos premios (entregados por los que permiten nuestro naufragio), exigimos condiciones para poder trabajar con dignidad.<\/p>\n<p align=\"justify\">La unio\u0301n de los trabajadores y la ciudadani\u0301a es la u\u0301nica posibilidad de salvar el sistema sanitario pu\u0301blico.\u00a0Pongamos atencio\u0301n en lo que esta\u0301 en juego y seamos capaces de unirnos!<\/p>\n<p><em>Este art\u00edculo ha sido publicado por primera vez en nuevatribuna.es. \u00a0<a href=\"https:\/\/www.nuevatribuna.es\/articulo\/sociedad\/maltrato-atencion-primaria-ayuso-sanidad-publica-pandemia\/20220120111358194690.html\">Leer m\u00e1s&#8230;<\/a><\/em><\/p>\n","protected":false},"excerpt":{"rendered":"<p>Todas las personas que trabajamos para la salud de la ciudadani\u0301a, estamos sosteniendo el sufrimiento y dolor de muchos pacientes durante mucho tiempo<\/p>\n","protected":false},"author":1,"featured_media":19394,"comment_status":"open","ping_status":"open","sticky":false,"template":"","format":"standard","meta":{"footnotes":""},"categories":[20],"tags":[],"class_list":["post-19393","post","type-post","status-publish","format-standard","has-post-thumbnail","hentry","category-opinion","sent_by-ana-encinas"],"_links":{"self":[{"href":"https:\/\/www.prospereando.es\/index.php\/wp-json\/wp\/v2\/posts\/19393","targetHints":{"allow":["GET"]}}],"collection":[{"href":"https:\/\/www.prospereando.es\/index.php\/wp-json\/wp\/v2\/posts"}],"about":[{"href":"https:\/\/www.prospereando.es\/index.php\/wp-json\/wp\/v2\/types\/post"}],"author":[{"embeddable":true,"href":"https:\/\/www.prospereando.es\/index.php\/wp-json\/wp\/v2\/users\/1"}],"replies":[{"embeddable":true,"href":"https:\/\/www.prospereando.es\/index.php\/wp-json\/wp\/v2\/comments?post=19393"}],"version-history":[{"count":2,"href":"https:\/\/www.prospereando.es\/index.php\/wp-json\/wp\/v2\/posts\/19393\/revisions"}],"predecessor-version":[{"id":19421,"href":"https:\/\/www.prospereando.es\/index.php\/wp-json\/wp\/v2\/posts\/19393\/revisions\/19421"}],"wp:featuredmedia":[{"embeddable":true,"href":"https:\/\/www.prospereando.es\/index.php\/wp-json\/wp\/v2\/media\/19394"}],"wp:attachment":[{"href":"https:\/\/www.prospereando.es\/index.php\/wp-json\/wp\/v2\/media?parent=19393"}],"wp:term":[{"taxonomy":"category","embeddable":true,"href":"https:\/\/www.prospereando.es\/index.php\/wp-json\/wp\/v2\/categories?post=19393"},{"taxonomy":"post_tag","embeddable":true,"href":"https:\/\/www.prospereando.es\/index.php\/wp-json\/wp\/v2\/tags?post=19393"}],"curies":[{"name":"wp","href":"https:\/\/api.w.org\/{rel}","templated":true}]}}