{"id":19011,"date":"2021-12-02T20:50:48","date_gmt":"2021-12-02T19:50:48","guid":{"rendered":"http:\/\/www.prospereando.es\/?p=19011"},"modified":"2021-12-02T20:52:05","modified_gmt":"2021-12-02T19:52:05","slug":"nos-queremos-vivas","status":"publish","type":"post","link":"https:\/\/www.prospereando.es\/index.php\/2021\/12\/02\/nos-queremos-vivas\/","title":{"rendered":"\u201cNos queremos vivas\u201d"},"content":{"rendered":"<p align=\"justify\"><img loading=\"lazy\" decoding=\"async\" class=\" wp-image-19012 aligncenter\" src=\"http:\/\/www.prospereando.es\/wp-content\/uploads\/2021\/12\/25N21-300x135.jpg\" alt=\"\" width=\"807\" height=\"363\" srcset=\"https:\/\/www.prospereando.es\/wp-content\/uploads\/2021\/12\/25N21-300x135.jpg 300w, https:\/\/www.prospereando.es\/wp-content\/uploads\/2021\/12\/25N21.jpg 600w\" sizes=\"auto, (max-width: 807px) 100vw, 807px\" \/><\/p>\n<p align=\"justify\">El 25 de noviembre, se realizaron en Madrid, diversas concentraciones y manifestaciones por el D\u00eda Internacional Contra la Violencia de G\u00e9nero.<\/p>\n<p align=\"justify\">Este a\u00f1o con motivo de la pandemia las manifestaciones y actividades han sido adaptadas a las medidas establecidas por el coronavirus, pero no impidi\u00f3 que Cibeles y la Puerta del Sol se vistieran de color morado.<\/p>\n<p align=\"justify\">A las 6 de la tarde y en un ambiente festivo y activista, empez\u00f3 la de la Plataforma Estatal de Organizaciones Feministas, en Cibeles, bajo consignas como \u201cnos queremos vivas\u201d, \u201cno est\u00e1n muertas, son asesinadas\u201d \u201c hartas de la violencia que se ejerce sobre la mujer \u201c. Se record\u00f3 a las 37 mujeres asesinadas por violencia de g\u00e9nero en 2021.<\/p>\n<p align=\"justify\">Tambi\u00e9n hubo otras concentraciones menores en otros puntos de Madrid, Lavapies, Prosperidad etc. para descentralizar la lucha feminista y te\u00f1ir las calles y plazas de color morado.<\/p>\n<p align=\"justify\">Ese mismo d\u00eda el partido de extrema derecha Vox vet\u00f3 una vez m\u00e1s una pronunciaci\u00f3n expresa del Congreso contra la violencia de g\u00e9nero. Estas declaraciones deben realizarse por unanimidad y por lo mismo no se pudo formalizar. D\u00edas antes ya hab\u00edan\u00a0impedido la misma propuesta en la Asamblea de Madrid.<\/p>\n<p align=\"justify\">El lema escogido por el Ministerio de Igualdad para la campa\u00f1a del 25-N de este a\u00f1o es \u201cjuntas\u201d, palabra que se hace m\u00e1s necesaria que nunca para parar la ofensiva de la extrema derecha.<\/p>\n<p align=\"justify\">Recordemos uno de los lemas que se escucharon en la manifestaci\u00f3n: \u201cContra las violencias machistas, \u00a1aqu\u00ed estamos las feministas\u00a1\u201d, con la esperanza de que llegue a todos los o\u00eddos y pare esta lacra, que desde 2003 que se tienen datos , 1118 mujeres han sido asesinadas por sus parejas o exparejas.<\/p>\n","protected":false},"excerpt":{"rendered":"<p>El 25 de noviembre, se realizaron en Madrid, diversas concentraciones y manifestaciones por el D\u00eda Internacional Contra la Violencia de G\u00e9nero. Este a\u00f1o con motivo de la pandemia las manifestaciones y actividades han sido adaptadas a las medidas establecidas por el coronavirus, pero no impidi\u00f3 que Cibeles y la Puerta del Sol se vistieran de color morado. A las 6 de la tarde y en un ambiente festivo y activista, empez\u00f3 la de la Plataforma Estatal de Organizaciones Feministas, en Cibeles, bajo consignas como \u201cnos queremos vivas\u201d, \u201cno est\u00e1n muertas, &hellip; <\/p>\n","protected":false},"author":1,"featured_media":19012,"comment_status":"open","ping_status":"open","sticky":false,"template":"","format":"standard","meta":{"footnotes":""},"categories":[16],"tags":[],"class_list":["post-19011","post","type-post","status-publish","format-standard","has-post-thumbnail","hentry","category-derechos-humanos","sent_by-carmen-moleres"],"_links":{"self":[{"href":"https:\/\/www.prospereando.es\/index.php\/wp-json\/wp\/v2\/posts\/19011","targetHints":{"allow":["GET"]}}],"collection":[{"href":"https:\/\/www.prospereando.es\/index.php\/wp-json\/wp\/v2\/posts"}],"about":[{"href":"https:\/\/www.prospereando.es\/index.php\/wp-json\/wp\/v2\/types\/post"}],"author":[{"embeddable":true,"href":"https:\/\/www.prospereando.es\/index.php\/wp-json\/wp\/v2\/users\/1"}],"replies":[{"embeddable":true,"href":"https:\/\/www.prospereando.es\/index.php\/wp-json\/wp\/v2\/comments?post=19011"}],"version-history":[{"count":1,"href":"https:\/\/www.prospereando.es\/index.php\/wp-json\/wp\/v2\/posts\/19011\/revisions"}],"predecessor-version":[{"id":19013,"href":"https:\/\/www.prospereando.es\/index.php\/wp-json\/wp\/v2\/posts\/19011\/revisions\/19013"}],"wp:featuredmedia":[{"embeddable":true,"href":"https:\/\/www.prospereando.es\/index.php\/wp-json\/wp\/v2\/media\/19012"}],"wp:attachment":[{"href":"https:\/\/www.prospereando.es\/index.php\/wp-json\/wp\/v2\/media?parent=19011"}],"wp:term":[{"taxonomy":"category","embeddable":true,"href":"https:\/\/www.prospereando.es\/index.php\/wp-json\/wp\/v2\/categories?post=19011"},{"taxonomy":"post_tag","embeddable":true,"href":"https:\/\/www.prospereando.es\/index.php\/wp-json\/wp\/v2\/tags?post=19011"}],"curies":[{"name":"wp","href":"https:\/\/api.w.org\/{rel}","templated":true}]}}