{"id":18958,"date":"2021-11-27T20:12:42","date_gmt":"2021-11-27T19:12:42","guid":{"rendered":"http:\/\/www.prospereando.es\/?p=18958"},"modified":"2021-11-27T20:15:18","modified_gmt":"2021-11-27T19:15:18","slug":"almudena-grandes-nos-ha-dejado","status":"publish","type":"post","link":"https:\/\/www.prospereando.es\/index.php\/2021\/11\/27\/almudena-grandes-nos-ha-dejado\/","title":{"rendered":"Almudena Grandes nos ha dejado"},"content":{"rendered":"<p align=\"justify\"><img loading=\"lazy\" decoding=\"async\" class=\"alignnone wp-image-18959\" src=\"http:\/\/www.prospereando.es\/wp-content\/uploads\/2021\/11\/AlmudenaGrandes2-300x213.jpg\" alt=\"\" width=\"793\" height=\"563\" srcset=\"https:\/\/www.prospereando.es\/wp-content\/uploads\/2021\/11\/AlmudenaGrandes2-300x213.jpg 300w, https:\/\/www.prospereando.es\/wp-content\/uploads\/2021\/11\/AlmudenaGrandes2.jpg 600w\" sizes=\"auto, (max-width: 793px) 100vw, 793px\" \/><\/p>\n<p align=\"justify\">La Asociaci\u00f3n Vecinal Valle Incl\u00e1n de Prosperidad expresa su m\u00e1s sentido p\u00e9same a la familia y amigos de la escritora Almudena Grandes por su fallecimiento.<\/p>\n<p align=\"justify\">Una de las grandes de la literatura espa\u00f1ola que volvi\u00f3 su mirada hacia los m\u00e1s vulnerables, nos brind\u00f3 otra perspectiva de los perdedores de nuestra guerra y siempre mantuvo su compromiso con la Memoria Hist\u00f3rica.<\/p>\n<p align=\"justify\">En uno de sus \u00faltimos art\u00edculos escrib\u00eda como despedida \u00abOjal\u00e1 sean felices\u00bb pero a partir de ahora lo seremos un poco menos&#8230;.<\/p>\n<p align=\"justify\">Un abrazo grande, Almudena, de estos vecinos que te van a echar mucho de menos.<\/p>\n","protected":false},"excerpt":{"rendered":"<p>La Asociaci\u00f3n Vecinal Valle Incl\u00e1n de Prosperidad expresa su m\u00e1s sentido p\u00e9same a la familia y amigos de la escritora Almudena Grandes por su fallecimiento.<\/p>\n","protected":false},"author":1,"featured_media":18961,"comment_status":"open","ping_status":"open","sticky":false,"template":"","format":"standard","meta":{"footnotes":""},"categories":[6],"tags":[],"class_list":["post-18958","post","type-post","status-publish","format-standard","has-post-thumbnail","hentry","category-sociedad","sent_by-maria-gainzarain"],"_links":{"self":[{"href":"https:\/\/www.prospereando.es\/index.php\/wp-json\/wp\/v2\/posts\/18958","targetHints":{"allow":["GET"]}}],"collection":[{"href":"https:\/\/www.prospereando.es\/index.php\/wp-json\/wp\/v2\/posts"}],"about":[{"href":"https:\/\/www.prospereando.es\/index.php\/wp-json\/wp\/v2\/types\/post"}],"author":[{"embeddable":true,"href":"https:\/\/www.prospereando.es\/index.php\/wp-json\/wp\/v2\/users\/1"}],"replies":[{"embeddable":true,"href":"https:\/\/www.prospereando.es\/index.php\/wp-json\/wp\/v2\/comments?post=18958"}],"version-history":[{"count":2,"href":"https:\/\/www.prospereando.es\/index.php\/wp-json\/wp\/v2\/posts\/18958\/revisions"}],"predecessor-version":[{"id":18962,"href":"https:\/\/www.prospereando.es\/index.php\/wp-json\/wp\/v2\/posts\/18958\/revisions\/18962"}],"wp:featuredmedia":[{"embeddable":true,"href":"https:\/\/www.prospereando.es\/index.php\/wp-json\/wp\/v2\/media\/18961"}],"wp:attachment":[{"href":"https:\/\/www.prospereando.es\/index.php\/wp-json\/wp\/v2\/media?parent=18958"}],"wp:term":[{"taxonomy":"category","embeddable":true,"href":"https:\/\/www.prospereando.es\/index.php\/wp-json\/wp\/v2\/categories?post=18958"},{"taxonomy":"post_tag","embeddable":true,"href":"https:\/\/www.prospereando.es\/index.php\/wp-json\/wp\/v2\/tags?post=18958"}],"curies":[{"name":"wp","href":"https:\/\/api.w.org\/{rel}","templated":true}]}}