{"id":18851,"date":"2021-11-12T21:05:58","date_gmt":"2021-11-12T20:05:58","guid":{"rendered":"http:\/\/www.prospereando.es\/?p=18851"},"modified":"2021-11-12T21:05:58","modified_gmt":"2021-11-12T20:05:58","slug":"no-al-comercio-de-armas-si-a-la-educacion-para-la-paz","status":"publish","type":"post","link":"https:\/\/www.prospereando.es\/index.php\/2021\/11\/12\/no-al-comercio-de-armas-si-a-la-educacion-para-la-paz\/","title":{"rendered":"No al comercio de armas, s\u00ed a la educaci\u00f3n para la paz"},"content":{"rendered":"<p align=\"justify\"><img loading=\"lazy\" decoding=\"async\" class=\" wp-image-18852 aligncenter\" src=\"http:\/\/www.prospereando.es\/wp-content\/uploads\/2021\/11\/noarmas1-300x277.jpg\" alt=\"\" width=\"599\" height=\"553\" srcset=\"https:\/\/www.prospereando.es\/wp-content\/uploads\/2021\/11\/noarmas1-300x277.jpg 300w, https:\/\/www.prospereando.es\/wp-content\/uploads\/2021\/11\/noarmas1.jpg 600w\" sizes=\"auto, (max-width: 599px) 100vw, 599px\" \/><\/p>\n<p align=\"justify\">En la ma\u00f1ana del 6 de noviembre, la Escuela Popular, junto a la Asociaci\u00f3n Vecinal Valle-Incl\u00e1n, llevaron a cabo una acci\u00f3n publica en la plaza de Prosperidad, consistente en una jornada de \u201cEducaci\u00f3n para la Paz y la Convivencia\u201d.<\/p>\n<p align=\"justify\">El motivo de este acto, fue el cuestionamiento de la Feria Internacional de la Defensa (FEINDEF) relacionada con la fabricaci\u00f3n, exhibici\u00f3n y comercializaci\u00f3n de armamento, que tuvo lugar los d\u00edas 3, 4 y 5 de noviembre en IFEMA, espacio de gesti\u00f3n p\u00fablica.<\/p>\n<p align=\"justify\">En la plaza se pusieron carteles en los que se pod\u00eda leer: \u201dEducar para la Paz\u201d, \u201cSi quieres paz no prepares la guerra\u201d, \u201dFeminismo antimilitarista antipatriarcal\u201d, y un atril lateral que permit\u00eda escribir libremente frases sobre el motivo del encuentro que dec\u00edan: \u201cCambiar las balas por l\u00e1pices\u201d, \u201cEl odio por la solidaridad\u201d, \u201cEl gasto militar por el gasto social\u201d. \u201dMejor civilizar que militarizar\u201d, \u201cLa paz se construye con l\u00e1pices, no con armas\u201d.<\/p>\n<p align=\"justify\"><img loading=\"lazy\" decoding=\"async\" class=\" wp-image-18853 aligncenter\" src=\"http:\/\/www.prospereando.es\/wp-content\/uploads\/2021\/11\/noarmas2-300x266.jpg\" alt=\"\" width=\"582\" height=\"516\" srcset=\"https:\/\/www.prospereando.es\/wp-content\/uploads\/2021\/11\/noarmas2-300x266.jpg 300w, https:\/\/www.prospereando.es\/wp-content\/uploads\/2021\/11\/noarmas2.jpg 600w\" sizes=\"auto, (max-width: 582px) 100vw, 582px\" \/><\/p>\n<p align=\"justify\">Un micr\u00f3fono abierto permiti\u00f3, tras el saludo y presentaci\u00f3n del acto por parte del presidente de la Asociaci\u00f3n Valle-Incl\u00e1n, intervenir a todos los asistentes que lo desearon.<\/p>\n<p align=\"justify\">Ante el vecindario se dijo:<\/p>\n<p align=\"justify\">\u201cNo colaboraci\u00f3n con eventos relacionados con el comercio de armas. Los espacios p\u00fablicos deben destinarse a actividades que promuevan una cultura de convivencia y paz, no alimentar conflictos armados. Instamos a IFEMA a que no acoja ferias de armamento. Que se declare Madrid , que ya es capital de paz, ciudad libre de comercio de armas con un compromiso responsable por impulsar el dialogo y la negociaci\u00f3n en los conflictos. Rechazamos cualquier actividad encaminada a preparar o mantener guerras, incluyendo la exhibici\u00f3n de material b\u00e9lico, pues contribuye a legitimar la violencia como forma de resolver conflictos.<\/p>\n<p align=\"justify\">Posteriormente intervinieron vecinas, vecinos y activistas contra el comercio de armas y por la paz.<\/p>\n<p align=\"justify\">Finalmente se ley\u00f3 un manifiesto en el que se desglos\u00f3 el concepto de paz, las causas que impiden la paz, el militarismo y la producci\u00f3n de armas, y c\u00f3mo transformar el sistema de contabilidad de los pa\u00edses.<\/p>\n<p align=\"justify\">Como broche final se colocaron unas flores en el monolito de la plaza, lugar emblem\u00e1tico del barrio, en cuyo pie reza, : \u201cAqu\u00ed yace la guerra\u201d, frase que es un producto de un premio conseguido por un ni\u00f1o en un concurso publico entre los colegios del barrio, en el a\u00f1o 1986, justo cuando se celebraba el a\u00f1o internacional de la paz.<\/p>\n","protected":false},"excerpt":{"rendered":"<p>En la ma\u00f1ana del 6 de noviembre, la Escuela Popular, junto a la Asociaci\u00f3n Vecinal Valle-Incl\u00e1n, llevaron a cabo una acci\u00f3n publica en la plaza de Prosperidad, consistente en una jornada de \u201cEducaci\u00f3n para la Paz y la Convivencia\u201d. El motivo de este acto, fue el cuestionamiento de la Feria Internacional de la Defensa (FEINDEF) relacionada con la fabricaci\u00f3n, exhibici\u00f3n y comercializaci\u00f3n de armamento, que tuvo lugar los d\u00edas 3, 4 y 5 de noviembre en IFEMA, espacio de gesti\u00f3n p\u00fablica. En la plaza se pusieron carteles en los que &hellip; <\/p>\n","protected":false},"author":1,"featured_media":18852,"comment_status":"open","ping_status":"open","sticky":false,"template":"","format":"standard","meta":{"footnotes":""},"categories":[16],"tags":[],"class_list":["post-18851","post","type-post","status-publish","format-standard","has-post-thumbnail","hentry","category-derechos-humanos","sent_by-maribel-rodriguez-gorostiza"],"_links":{"self":[{"href":"https:\/\/www.prospereando.es\/index.php\/wp-json\/wp\/v2\/posts\/18851","targetHints":{"allow":["GET"]}}],"collection":[{"href":"https:\/\/www.prospereando.es\/index.php\/wp-json\/wp\/v2\/posts"}],"about":[{"href":"https:\/\/www.prospereando.es\/index.php\/wp-json\/wp\/v2\/types\/post"}],"author":[{"embeddable":true,"href":"https:\/\/www.prospereando.es\/index.php\/wp-json\/wp\/v2\/users\/1"}],"replies":[{"embeddable":true,"href":"https:\/\/www.prospereando.es\/index.php\/wp-json\/wp\/v2\/comments?post=18851"}],"version-history":[{"count":1,"href":"https:\/\/www.prospereando.es\/index.php\/wp-json\/wp\/v2\/posts\/18851\/revisions"}],"predecessor-version":[{"id":18854,"href":"https:\/\/www.prospereando.es\/index.php\/wp-json\/wp\/v2\/posts\/18851\/revisions\/18854"}],"wp:featuredmedia":[{"embeddable":true,"href":"https:\/\/www.prospereando.es\/index.php\/wp-json\/wp\/v2\/media\/18852"}],"wp:attachment":[{"href":"https:\/\/www.prospereando.es\/index.php\/wp-json\/wp\/v2\/media?parent=18851"}],"wp:term":[{"taxonomy":"category","embeddable":true,"href":"https:\/\/www.prospereando.es\/index.php\/wp-json\/wp\/v2\/categories?post=18851"},{"taxonomy":"post_tag","embeddable":true,"href":"https:\/\/www.prospereando.es\/index.php\/wp-json\/wp\/v2\/tags?post=18851"}],"curies":[{"name":"wp","href":"https:\/\/api.w.org\/{rel}","templated":true}]}}