{"id":18781,"date":"2021-11-02T21:11:01","date_gmt":"2021-11-02T20:11:01","guid":{"rendered":"http:\/\/www.prospereando.es\/?p=18781"},"modified":"2021-11-02T21:32:09","modified_gmt":"2021-11-02T20:32:09","slug":"la-manifestacion-feminista-en-madrid","status":"publish","type":"post","link":"https:\/\/www.prospereando.es\/index.php\/2021\/11\/02\/la-manifestacion-feminista-en-madrid\/","title":{"rendered":"La manifestaci\u00f3n feminista en Madrid"},"content":{"rendered":"<p><img loading=\"lazy\" decoding=\"async\" class=\" wp-image-18784 aligncenter\" src=\"http:\/\/www.prospereando.es\/wp-content\/uploads\/2021\/11\/manifeminista1-300x138.jpg\" alt=\"\" width=\"835\" height=\"384\" srcset=\"https:\/\/www.prospereando.es\/wp-content\/uploads\/2021\/11\/manifeminista1-300x138.jpg 300w, https:\/\/www.prospereando.es\/wp-content\/uploads\/2021\/11\/manifeminista1.jpg 600w\" sizes=\"auto, (max-width: 835px) 100vw, 835px\" \/><\/p>\n<p>Por Marisa Manchado Torres PAGINA_WEB<\/p>\n<p align=\"justify\">El pasado 23 de octubre, miles de mujeres, provenientes de lugares de todo el Estado espa\u00f1ol, se manifestaron en Madrid con una \u00fanica finalidad: reivindicar la agenda de los derechos de las mujeres.<\/p>\n<p align=\"justify\">Esta agenda y de manera prioritaria, reivindica con urgencia una ley para abolir la prostituci\u00f3n, aspiraci\u00f3n de largo alcance y cuyo debate dentro del movimiento feminista se viene dando desde hace d\u00e9cadas, pues es un ejemplo palmario de la mercantilizaci\u00f3n de los cuerpos de las mujeres.<\/p>\n<p align=\"justify\">Al hilo del uso del cuerpo de las mujeres como valor de mercado, se encuentra tambi\u00e9n la denominada \u00abgestaci\u00f3n subrogada\u00bb, otro de los \u00edtems de dicha agenda, que una vez m\u00e1s solicita su prohibici\u00f3n, como de hecho sucede en la mayor\u00eda de los pa\u00edses occidentales (as\u00ed como la prohibici\u00f3n de la prostituci\u00f3n)<\/p>\n<p align=\"justify\">Uno de los esl\u00f3ganes m\u00e1s coreados en dicha manifestaci\u00f3n fue \u00abser mujer no es un sentimiento\u00bb, que se refiere directamente a la llamada \u00abley trans\u00bb, ley controvertida y discutida donde las haya, pues su redacci\u00f3n provoca fundamentalmente inseguridad jur\u00eddica a las mujeres. Esta ley fue aprobada por el gobierno y en breve pasar\u00e1 a ser discutida en el Parlamento, siendo una ley en la que se normatiza la autoidentificaci\u00f3n de g\u00e9nero, de ah\u00ed que otros de los esl\u00f3ganes repetidos fueran \u00abSexo no es g\u00e9nero\u00bb o \u00abContra el borrado de las mujeres\u00bb.<\/p>\n<p align=\"justify\">Para contextualizar el debate, es fundamental apoyarse en la teor\u00eda feminista, que parte de la Ilustraci\u00f3n con Olympe de Gouges y Mary Wollstonecraft; y llega hasta nuestros d\u00edas pasando por el movimiento sufragista, la liberaci\u00f3n sexual de los a\u00f1os 70 del siglo pasado y en la actualidad la lucha contra la prostituci\u00f3n, los vientres de alquiler, el \u201cme too\u201d, romper los techos de cristal, luchar por la paridad en la vida p\u00fablica en todos los aspectos de la misma, entre los m\u00e1s relevantes.<\/p>\n<p align=\"justify\">La mitad del siglo XX fue rico en aportaciones te\u00f3ricas, de obligado estudio si queremos entender la pol\u00e9mica: Simone de Beauvoir en <em>El segundo sexo<\/em>, define g\u00e9nero como un constructo social diferente absolutamente al sexo: \u201cNo nacemos como mujer, sino que nos convertimos en una\u201d.<\/p>\n<p align=\"justify\">En Espa\u00f1a existen dos t\u00edtulos fundamentales en la teor\u00eda feminista, de nuevo de obligado estudio y que adem\u00e1s son hist\u00f3ricos pues ambos datan de finales del siglo pasado: <em>Hacia la cr\u00edtica de la raz\u00f3n patriarcal<\/em>, de Celia Amor\u00f3s (Anthropos Editorial, 1991) y el otro texto, del mismo a\u00f1o, en la misma editorial y tambi\u00e9n de una fil\u00f3sofa, Amelia Valc\u00e1rcel, <em>Sexo y filosof\u00eda, sobre mujer y poder<\/em> (Anthropos Editorial, 1991).<\/p>\n<p align=\"justify\">Ambos t\u00edtulos fueron los que dotaron al movimiento feminista espa\u00f1ol de acci\u00f3n pol\u00edtica y de teor\u00eda en la que apoyarse.<\/p>\n<p align=\"justify\">No obstante, para comprender mejor la manifestaci\u00f3n del 23 de octubre y entender el discurso te\u00f3rico y pol\u00edtico que subyace, ser\u00eda interesante iniciar una serie de art\u00edculos explicando la teor\u00eda feminista, ya digo desde los primeros textos que ayudaron al movimiento social de las mujeres.<\/p>\n<p align=\"justify\">Mientras tanto, distinguir sexo de g\u00e9nero y saber qu\u00e9 es el g\u00e9nero, es b\u00e1sico.<\/p>\n<p align=\"justify\">El concepto de g\u00e9nero lo podemos definir como el conjunto de actitudes, sentimientos, creencias, conductas y actividades sociales, en lo p\u00fablico y en lo privado, que diferencia a hombres de mujeres y siempre a trav\u00e9s de un proceso de construcci\u00f3n social inherente al sistema patriarcal en el que vivimos, implicando una jerarquizaci\u00f3n de valores entre lo masculino (mayor valor) y lo femenino (subsidiario de lo masculino).<\/p>\n<p align=\"justify\">Por este motivo la teor\u00eda feminista ha realizado numerosas y excelentes aportaciones a la distinci\u00f3n existente entre sexo y g\u00e9nero.<\/p>\n<p align=\"justify\">En resumen, sexo es biol\u00f3gico y g\u00e9nero es cultura: sexo se refiere a las caracter\u00edsticas anat\u00f3micas de los cuerpos, incluida la genitalidad, as\u00ed como las caracter\u00edsticas morfol\u00f3gicas del aparato reproductor y diferencias hormonales y cromos\u00f3micas, mientras que g\u00e9nero es un t\u00e9rmino que designa la elaboraci\u00f3n cultural de lo femenino y lo masculino. As\u00ed, disociar un aspecto de otro es b\u00e1sico para estudiar y analizar el lugar de hombres y mujeres en la estructura social, el cual depende de la organizaci\u00f3n social y cultural: comprender y desentra\u00f1ar la construcci\u00f3n del g\u00e9nero en su contexto social y cultural es una de las aproximaciones te\u00f3ricas del feminismo m\u00e1s relevantes.<\/p>\n<p align=\"justify\">Aqu\u00ed reside la clave de la contestaci\u00f3n a la llamada \u201cley trans\u00bb y el n\u00facleo de la convocatoria del pasado 23 de octubre.<\/p>\n<p align=\"justify\">Es un debate amplio, que ya se ha llevado a cabo en Escandinavia, Centroeuropa, Reino Unido, Italia, Grecia, entre los m\u00e1s destacados de los pa\u00edses europeos, as\u00ed como Estados Unidos, Canad\u00e1, M\u00e9xico, Chile, Colombia, entre los m\u00e1s sobresalientes del \u00e1rea americana.<\/p>\n<p align=\"justify\">Esta manifestaci\u00f3n de miles de mujeres, <a href=\"https:\/\/www.youtube.com\/watch?v=X7eNtQxxMys\">MANI_MILES_DE_MUJERES<\/a>, es un ejemplo de la falta de consenso existente en torno a una ley, que en los t\u00e9rminos en los que se pretende aprobar, ser\u00eda probablemente la primera en el mundo.<\/p>\n<p align=\"justify\">Quiz\u00e1 sea necesario m\u00e1s debate y m\u00e1s acercamiento entre las \u201cdistintas partes\u201d, las leyes org\u00e1nicas deber\u00edan tener un amplio consenso entre la ciudadan\u00eda, las negociaciones, donde se habla, se discute y se acercan posiciones, cediendo ante las posiciones de partida, son, sin duda ninguna, la base s\u00f3lida para la construcci\u00f3n cierta y real de una Democracia Plena.<\/p>\n","protected":false},"excerpt":{"rendered":"<p>El pasado 23 de octubre, miles de mujeres, provenientes de lugares de todo el Estado espa\u00f1ol, se manifestaron en Madrid con una \u00fanica finalidad: reivindicar la agenda de los derechos de las mujeres.<\/p>\n","protected":false},"author":1,"featured_media":18784,"comment_status":"open","ping_status":"open","sticky":false,"template":"","format":"standard","meta":{"footnotes":""},"categories":[20],"tags":[],"class_list":["post-18781","post","type-post","status-publish","format-standard","has-post-thumbnail","hentry","category-opinion","sent_by-marisa-manchado-torres"],"_links":{"self":[{"href":"https:\/\/www.prospereando.es\/index.php\/wp-json\/wp\/v2\/posts\/18781","targetHints":{"allow":["GET"]}}],"collection":[{"href":"https:\/\/www.prospereando.es\/index.php\/wp-json\/wp\/v2\/posts"}],"about":[{"href":"https:\/\/www.prospereando.es\/index.php\/wp-json\/wp\/v2\/types\/post"}],"author":[{"embeddable":true,"href":"https:\/\/www.prospereando.es\/index.php\/wp-json\/wp\/v2\/users\/1"}],"replies":[{"embeddable":true,"href":"https:\/\/www.prospereando.es\/index.php\/wp-json\/wp\/v2\/comments?post=18781"}],"version-history":[{"count":5,"href":"https:\/\/www.prospereando.es\/index.php\/wp-json\/wp\/v2\/posts\/18781\/revisions"}],"predecessor-version":[{"id":18787,"href":"https:\/\/www.prospereando.es\/index.php\/wp-json\/wp\/v2\/posts\/18781\/revisions\/18787"}],"wp:featuredmedia":[{"embeddable":true,"href":"https:\/\/www.prospereando.es\/index.php\/wp-json\/wp\/v2\/media\/18784"}],"wp:attachment":[{"href":"https:\/\/www.prospereando.es\/index.php\/wp-json\/wp\/v2\/media?parent=18781"}],"wp:term":[{"taxonomy":"category","embeddable":true,"href":"https:\/\/www.prospereando.es\/index.php\/wp-json\/wp\/v2\/categories?post=18781"},{"taxonomy":"post_tag","embeddable":true,"href":"https:\/\/www.prospereando.es\/index.php\/wp-json\/wp\/v2\/tags?post=18781"}],"curies":[{"name":"wp","href":"https:\/\/api.w.org\/{rel}","templated":true}]}}