{"id":18736,"date":"2021-10-27T23:37:42","date_gmt":"2021-10-27T21:37:42","guid":{"rendered":"http:\/\/www.prospereando.es\/?p=18736"},"modified":"2021-10-27T23:37:42","modified_gmt":"2021-10-27T21:37:42","slug":"asociaciones-y-colectivos-vecinales-madrilenos-relanzan-la-plataforma-por-el-derecho-a-la-ciudad","status":"publish","type":"post","link":"https:\/\/www.prospereando.es\/index.php\/2021\/10\/27\/asociaciones-y-colectivos-vecinales-madrilenos-relanzan-la-plataforma-por-el-derecho-a-la-ciudad\/","title":{"rendered":"Asociaciones y colectivos vecinales madrile\u00f1os relanzan la Plataforma por el Derecho a la Ciudad"},"content":{"rendered":"<p><img loading=\"lazy\" decoding=\"async\" class=\" wp-image-18737 aligncenter\" src=\"http:\/\/www.prospereando.es\/wp-content\/uploads\/2021\/10\/cacerolada28octubre1-234x300.jpg\" alt=\"\" width=\"349\" height=\"447\" srcset=\"https:\/\/www.prospereando.es\/wp-content\/uploads\/2021\/10\/cacerolada28octubre1-234x300.jpg 234w, https:\/\/www.prospereando.es\/wp-content\/uploads\/2021\/10\/cacerolada28octubre1.jpg 413w\" sizes=\"auto, (max-width: 349px) 100vw, 349px\" \/><br \/>\n<a href=\"https:\/\/www.ecologistasenaccion.org\/182510\/relazan-la-plataforma-por-el-derecho-a-la-ciudad\/\">Leer m\u00e1s&#8230;<\/a><\/p>\n<p align=\"justify\">El malestar ciudadano, consecuencia de la pol\u00edtica urban\u00edstica especulativa del Ayuntamiento de Madrid, ha provocado la reorganizaci\u00f3n de numerosos colectivos ciudadanos en la <strong>Plataforma Por el Derecho a la Ciudad<\/strong>, con la FRAVM y diversas asociaciones vecinales entre ellos. Su objetivo es crear un frente unido que pueda afrontar las amenazas que afectan al modelo de ciudad y defender el inter\u00e9s general.<\/p>\n<p align=\"justify\">En este momento son numerosos los frentes que la ciudadan\u00eda tiene abiertos ante las decisiones del Ayuntamiento, muchos de ellos ligados a una creciente e imparable privatizaci\u00f3n y mercantilizaci\u00f3n del espacio p\u00fablico:<\/p>\n<p align=\"justify\">\u2013 desde las dificultades para la movilidad peatonal \u2013con las aceras convertidas en aparcamientos improvisados- a la promoci\u00f3n del veh\u00edculo privado frente a medios de transporte alternativos menos agresivos para los viandantes<\/p>\n<p align=\"justify\">\u2013 la proliferaci\u00f3n de terrazas que en muchas ocasiones acaban convirti\u00e9ndose en peque\u00f1os inmuebles<\/p>\n<p align=\"justify\">\u2013 la multiplicaci\u00f3n de actividades ef\u00edmeras sucesivas que pueblan parques y plazas sin dar descanso a los vecinos<\/p>\n<p align=\"justify\">\u2013 la instalaci\u00f3n de carpas para espect\u00e1culos que mediante sucesivas pr\u00f3rrogas ocupan durante a\u00f1os solares destinados a dotaciones<\/p>\n<p align=\"justify\">\u2013 la concesi\u00f3n de polideportivos municipales a particulares que los dise\u00f1an de acuerdo a sus objetivos econ\u00f3micos y no a los de los usuarios a los que est\u00e1n destinados<\/p>\n<p align=\"justify\">\u2013 la privatizaci\u00f3n de aparcamientos que ocupan el subsuelo de calles y plazas,<\/p>\n<p align=\"justify\">\u2013 la explotaci\u00f3n tur\u00edstica indiscriminada del centro urbano -desde la apertura exponencial de hoteles a los pisos tur\u00edsticos.<\/p>\n<p align=\"justify\">Al mismo tiempo prosiguen los procesos de involuci\u00f3n democr\u00e1tica en t\u00e9rminos de participaci\u00f3n ciudadana, asaltando espacios del com\u00fan, sacando de las instituciones a entidades y vecinos; el incremento de la desigualdad territorial de la periferia urbana respecto a la ciudad aumenta la brecha social y tecnol\u00f3gica y el desequilibrio norte-sur; o la gentrificaci\u00f3n de los barrios populares que expulsa a sus pobladores.<\/p>\n<p align=\"justify\">Adem\u00e1s la continua erosi\u00f3n y degradaci\u00f3n del patrimonio hist\u00f3rico y cultural, y de grandes y pol\u00e9micas operaciones urban\u00edsticas dirigidas a favorecer la especulaci\u00f3n del suelo atendiendo a intereses privados, que favorecen un desarrollismo imparable basado en el aprovechamiento intensivo de los recursos naturales y el incremento de la contaminaci\u00f3n ambiental y ac\u00fastica sin responder debidamente a las exigencias que impone el cambio clim\u00e1tico. Son los casos de Madrid Nuevo Norte, los desarrollos del Sureste, la Operaci\u00f3n Campamento, etc.<\/p>\n<p align=\"justify\">Todo ello ligado a sucesivas modificaciones legislativas y urban\u00edsticas -nuevas Leyes del Suelo y de Patrimonio, modificaci\u00f3n de las Normas Urban\u00edsticas del PGOUM, sustituci\u00f3n de las licencias mediante \u201cdeclaraciones responsables\u201d- cuyo objetivo patente es facilitar la explotaci\u00f3n de la ciudad por parte de los agentes econ\u00f3micos con total indiferencia \u2013cuando no oposici\u00f3n- al inter\u00e9s com\u00fan.<\/p>\n<p align=\"justify\">Por todos estos motivos, las asociaciones y colectivos que a finales de 2013 impulsaron la creaci\u00f3n de la Plataforma por el Derecho a la Ciudad (antes denominada Plataforma No a este Plan Urban\u00edstico, en alusi\u00f3n al plan general que tramitaba Ana Botella), han acordado relanzarla para afrontar las amenazas que afectan al modelo de ciudad basado en la defensa del com\u00fan, obligada demasiado frecuentemente a embarcarse en costosos y complejos procesos judiciales contra las administraciones responsables para defender el bien colectivo frente a los beneficios individuales.<\/p>\n<p align=\"justify\">La Plataforma por el Derecho a la Ciudad est\u00e1 compuesta por: Auditor\u00eda municipal y participaci\u00f3n ciudadana Chamart\u00edn, AV Aluche, AV Nuevo Legazpi, AV Pasillo Verde-Imperial, AV Valle Incl\u00e1n de Prosperidad, Club de Debates Urbanos (CDU), Ecologistas en Acci\u00f3n Madrid, Plataforma Campamento S\u00ed, Federaci\u00f3n Regional de Asociaciones Vecinales de Madrid (FRAVM), Grupo de Acci\u00f3n por el Medio Ambiente (GRAMA), Madrid Ciudadan\u00eda y Patrimonio (MCyP), Parque SI en Chamber\u00ed, Colectivo Ciudadano de Urbanismo Coraz\u00f3n Verde, Casa de la Cultura Chamber\u00ed, Plataforma en defensa del antiguo Mercado de Frutas y Verduras de Legazpi, Plataforma Nave Boetticher, Plataforma Salvemos la Casa de Campo, Plataforma Zona Norte y Stop Espacio Delicias.<\/p>\n<p><strong>Noticias comentadas en Radio Enlace, 107,5 Fm,en la Tertulia Vecinal, el 24 octubre 2021<\/strong><\/p>\n","protected":false},"excerpt":{"rendered":"<p>Leer m\u00e1s&#8230; El malestar ciudadano, consecuencia de la pol\u00edtica urban\u00edstica especulativa del Ayuntamiento de Madrid, ha provocado la reorganizaci\u00f3n de numerosos colectivos ciudadanos en la Plataforma Por el Derecho a la Ciudad, con la FRAVM y diversas asociaciones vecinales entre ellos. Su objetivo es crear un frente unido que pueda afrontar las amenazas que afectan al modelo de ciudad y defender el inter\u00e9s general. En este momento son numerosos los frentes que la ciudadan\u00eda tiene abiertos ante las decisiones del Ayuntamiento, muchos de ellos ligados a una creciente e imparable &hellip; <\/p>\n","protected":false},"author":1,"featured_media":18738,"comment_status":"open","ping_status":"open","sticky":false,"template":"","format":"standard","meta":{"footnotes":""},"categories":[14],"tags":[],"class_list":["post-18736","post","type-post","status-publish","format-standard","has-post-thumbnail","hentry","category-ciudadania","sent_by-ecologistas-en-accion"],"_links":{"self":[{"href":"https:\/\/www.prospereando.es\/index.php\/wp-json\/wp\/v2\/posts\/18736","targetHints":{"allow":["GET"]}}],"collection":[{"href":"https:\/\/www.prospereando.es\/index.php\/wp-json\/wp\/v2\/posts"}],"about":[{"href":"https:\/\/www.prospereando.es\/index.php\/wp-json\/wp\/v2\/types\/post"}],"author":[{"embeddable":true,"href":"https:\/\/www.prospereando.es\/index.php\/wp-json\/wp\/v2\/users\/1"}],"replies":[{"embeddable":true,"href":"https:\/\/www.prospereando.es\/index.php\/wp-json\/wp\/v2\/comments?post=18736"}],"version-history":[{"count":1,"href":"https:\/\/www.prospereando.es\/index.php\/wp-json\/wp\/v2\/posts\/18736\/revisions"}],"predecessor-version":[{"id":18739,"href":"https:\/\/www.prospereando.es\/index.php\/wp-json\/wp\/v2\/posts\/18736\/revisions\/18739"}],"wp:featuredmedia":[{"embeddable":true,"href":"https:\/\/www.prospereando.es\/index.php\/wp-json\/wp\/v2\/media\/18738"}],"wp:attachment":[{"href":"https:\/\/www.prospereando.es\/index.php\/wp-json\/wp\/v2\/media?parent=18736"}],"wp:term":[{"taxonomy":"category","embeddable":true,"href":"https:\/\/www.prospereando.es\/index.php\/wp-json\/wp\/v2\/categories?post=18736"},{"taxonomy":"post_tag","embeddable":true,"href":"https:\/\/www.prospereando.es\/index.php\/wp-json\/wp\/v2\/tags?post=18736"}],"curies":[{"name":"wp","href":"https:\/\/api.w.org\/{rel}","templated":true}]}}