{"id":15611,"date":"2021-06-24T22:46:32","date_gmt":"2021-06-24T20:46:32","guid":{"rendered":"http:\/\/www.prospereando.es\/?p=15611"},"modified":"2021-06-24T22:46:32","modified_gmt":"2021-06-24T20:46:32","slug":"reabren-los-centros-de-mayores","status":"publish","type":"post","link":"https:\/\/www.prospereando.es\/index.php\/2021\/06\/24\/reabren-los-centros-de-mayores\/","title":{"rendered":"Reabren los centros de mayores"},"content":{"rendered":"<p align=\"justify\"><img loading=\"lazy\" decoding=\"async\" class=\" wp-image-15625 aligncenter\" src=\"http:\/\/www.prospereando.es\/wp-content\/uploads\/2021\/06\/centromayores1-300x201.jpg\" alt=\"\" width=\"585\" height=\"392\" srcset=\"https:\/\/www.prospereando.es\/wp-content\/uploads\/2021\/06\/centromayores1-300x201.jpg 300w, https:\/\/www.prospereando.es\/wp-content\/uploads\/2021\/06\/centromayores1.jpg 600w\" sizes=\"auto, (max-width: 585px) 100vw, 585px\" \/><\/p>\n<p align=\"justify\">Este lunes han vuelto a abrir los centros de mayores, aunque con cita previa y medidas de seguridad contra el COVID-19. La medida afecta a los 213 centros de la regi\u00f3n, la mayor\u00eda de ellos de titularidad municipal. Estos centros vuelven as\u00ed a la actividad tras el cierre decretado el pasado 6 de marzo del pasado a\u00f1o para evitar la propagaci\u00f3n de la pandemia, Aunque los centros deber\u00e1n aplicar las debidas restricciones y medidas de seguridad que permitan compatibilizar su funcionamiento con la protecci\u00f3n de la salud de usuarios y trabajadores.<\/p>\n<p align=\"justify\">Entre las medidas figura un Plan de Actuaci\u00f3n que debe elaborar cada uno de ellos para adaptar la reapertura a sus caracter\u00edsticas de aforo, salas disponibles, personal y actividades. Con car\u00e1cter general no estar\u00e1n permitidas las actividades que impliquen contacto o esfuerzo f\u00edsico en espacios cerrados<\/p>\n<p align=\"justify\">Los centros de mayores organizan actividades f\u00edsicas, culturales, art\u00edsticas, de ocio y tiempo libre para promover el envejecimiento activo y la prevenci\u00f3n de la dependencia en las personas mayores aut\u00f3nomas, y adem\u00e1s facilitar informaci\u00f3n, orientaci\u00f3n y asesoramiento sobre servicios sociales. Se cerraron para prevenir los contagios, y ahora se reabren una vez que pr\u00e1cticamente se ha completado la pauta de vacunaci\u00f3n en el rango de edad de mayores de 65 a\u00f1os.<\/p>\n<p align=\"justify\">Todos los centros funcionar\u00e1n con un sistema de cita previa y horario establecido para cada usuario. As\u00ed, deber\u00e1n disponer de un registro de entrada y salida de trabajadores y usuarios, y ser\u00e1 el personal auxiliar de control e informaci\u00f3n el que se encargue de facilitar el acceso a los mayores que hayan pedido cita e indicarles la sala en la que se va a celebrar la actividad en la que vayan a participar. En estas actividades estar\u00e1n vigentes los requisitos sanitarios establecidos con car\u00e1cter general para toda la poblaci\u00f3n: uso de mascarillas, higiene de manos, distancia social, adecuada ventilaci\u00f3n, etc.<\/p>\n<p align=\"justify\">La actividad de cafeter\u00edas y comedores, gimnasios, salas de fisioterapia, talleres o bibliotecas de las que puedan disponer estos centros se regular\u00e1 de acuerdo con lo establecido para estos \u00e1mbitos. Los bailes no individuales, las actividades de defensa personal y las de masaje y relajaci\u00f3n que requieran contacto no estar\u00e1n permitidos, aunque s\u00ed se podr\u00e1n desarrollar actividades como taich\u00ed, gimnasia de mantenimiento o grupos de teatro siempre que se respete la distancia de seguridad.<\/p>\n<p align=\"justify\">Tambi\u00e9n est\u00e1n permitidas las salidas culturales y de ocio al exterior, las actividades musicales como canto, coral o ensayo de grupos siempre que se realicen al aire libre, los juegos de mesa compartidos (cartas, ajedrez, damas, billar\u2026) y el pr\u00e9stamo de prensa y revistas.<\/p>\n","protected":false},"excerpt":{"rendered":"<p>Este lunes han vuelto a abrir los centros de mayores, aunque con cita previa y medidas de seguridad contra el COVID-19. La medida afecta a los 213 centros de la regi\u00f3n, la mayor\u00eda de ellos de titularidad municipal. Estos centros vuelven as\u00ed a la actividad tras el cierre decretado el pasado 6 de marzo del pasado a\u00f1o para evitar la propagaci\u00f3n de la pandemia, Aunque los centros deber\u00e1n aplicar las debidas restricciones y medidas de seguridad que permitan compatibilizar su funcionamiento con la protecci\u00f3n de la salud de usuarios y &hellip; <\/p>\n","protected":false},"author":1,"featured_media":15625,"comment_status":"open","ping_status":"open","sticky":false,"template":"","format":"standard","meta":{"footnotes":""},"categories":[6],"tags":[],"class_list":["post-15611","post","type-post","status-publish","format-standard","has-post-thumbnail","hentry","category-sociedad","sent_by-marigel-alonso"],"_links":{"self":[{"href":"https:\/\/www.prospereando.es\/index.php\/wp-json\/wp\/v2\/posts\/15611","targetHints":{"allow":["GET"]}}],"collection":[{"href":"https:\/\/www.prospereando.es\/index.php\/wp-json\/wp\/v2\/posts"}],"about":[{"href":"https:\/\/www.prospereando.es\/index.php\/wp-json\/wp\/v2\/types\/post"}],"author":[{"embeddable":true,"href":"https:\/\/www.prospereando.es\/index.php\/wp-json\/wp\/v2\/users\/1"}],"replies":[{"embeddable":true,"href":"https:\/\/www.prospereando.es\/index.php\/wp-json\/wp\/v2\/comments?post=15611"}],"version-history":[{"count":2,"href":"https:\/\/www.prospereando.es\/index.php\/wp-json\/wp\/v2\/posts\/15611\/revisions"}],"predecessor-version":[{"id":15626,"href":"https:\/\/www.prospereando.es\/index.php\/wp-json\/wp\/v2\/posts\/15611\/revisions\/15626"}],"wp:featuredmedia":[{"embeddable":true,"href":"https:\/\/www.prospereando.es\/index.php\/wp-json\/wp\/v2\/media\/15625"}],"wp:attachment":[{"href":"https:\/\/www.prospereando.es\/index.php\/wp-json\/wp\/v2\/media?parent=15611"}],"wp:term":[{"taxonomy":"category","embeddable":true,"href":"https:\/\/www.prospereando.es\/index.php\/wp-json\/wp\/v2\/categories?post=15611"},{"taxonomy":"post_tag","embeddable":true,"href":"https:\/\/www.prospereando.es\/index.php\/wp-json\/wp\/v2\/tags?post=15611"}],"curies":[{"name":"wp","href":"https:\/\/api.w.org\/{rel}","templated":true}]}}