{"id":15553,"date":"2021-06-17T23:07:56","date_gmt":"2021-06-17T21:07:56","guid":{"rendered":"http:\/\/www.prospereando.es\/?p=15553"},"modified":"2022-04-23T03:07:06","modified_gmt":"2022-04-23T01:07:06","slug":"residencia-de-mayores","status":"publish","type":"post","link":"https:\/\/www.prospereando.es\/index.php\/2021\/06\/17\/residencia-de-mayores\/","title":{"rendered":"Residencia de mayores"},"content":{"rendered":"<p align=\"justify\">\n<p align=\"justify\">Ayer fuimos Josefina y yo a ver a t\u00eda Tere en la residencia de personas mayores, que se encuentra en un barrio agradable y limpio, lo que no es poco. La encontramos m\u00e1s o menos como siempre, con la expresi\u00f3n cari\u00f1osa y alegre por nuestra visita. Esta vez se quej\u00f3 menos de sus achaques, comprensibles y llevaderos a sus ochenta y nueve a\u00f1os. Hablamos un poco de todo, principalmente de la familia.<\/p>\n<p align=\"justify\">En muchos gestos y detalles t\u00eda Tere me recuerda a mi padre: ese rastro de bondad y modestia, de austeridad contenida, de sincera religiosidad, de sobria emotividad. Su lenguaje gestual se mantiene luminoso y c\u00e1lido.<\/p>\n<p align=\"justify\">Al despedirnos not\u00e9 que ten\u00eda los ojos llorosos, pero advert\u00ed tambi\u00e9n en m\u00ed el consuelo de su presencia y su cercan\u00eda.<\/p>\n<p align=\"justify\">La visita a t\u00eda Tere me suscit\u00f3, como otras veces, pensamientos ambiguos sobre la tercera edad. No me parece sano idealizarla ni ocultar su aspereza, cayendo en generalizaciones t\u00f3picas que dificultan el necesario realismo para asumirla con veracidad.<\/p>\n<p align=\"justify\">Pero tampoco me parece saludable descartar en la vejez su posible condici\u00f3n de espacio sosegado y de recapitulaci\u00f3n de la vida, y en el caso de los creyentes, de transici\u00f3n hacia una existencia definitiva y eterna. Acaso sea excesivamente literaria e irreal la conocida expresi\u00f3n \u201cla suavidad del final de la vida\u201d aplicada a la vejez, pero puede despertar en nosotros vivencias aut\u00e9nticas y esperanzadoras.<\/p>\n<p align=\"justify\">La entra\u00f1able figura de los abuelos puede expresar y sintetizar estas im\u00e1genes en torno a la vejez: el tramo final, la soledad en la suavidad de la tarde, la necesidad y la b\u00fasqueda de apoyo, la ternura y la compa\u00f1\u00eda.<\/p>\n<p align=\"justify\">La soledad es probablemente el costado m\u00e1s \u00e1spero de la tercera edad. La soledad de la vejez es sencillamente la soledad de la vida llevada por lo general a una intensidad peculiar y espec\u00edfica, la vida en su dolor y en su color.<\/p>\n<p align=\"justify\">La tercera edad \u2013la ajena y la propia- merece ser acogida con un sentimiento grande de tenacidad y paciencia, de serenidad y confianza. La sociedad y el mundo son tambi\u00e9n una inmensa y compleja residencia de personas mayores, acogedora y beneficiosa si cumple las directrices sociales y humanitarias adecuadas para la atenci\u00f3n cualitativa de una ciudadan\u00eda adulta.<\/p>\n","protected":false},"excerpt":{"rendered":"<p>Ayer fuimos Josefina y yo a ver a t\u00eda Tere en la residencia de personas mayores, que se encuentra en un barrio agradable y limpio, lo que no es poco. La encontramos m\u00e1s o menos como siempre, con la expresi\u00f3n cari\u00f1osa y alegre por nuestra visita. Esta vez se quej\u00f3 menos de sus achaques, comprensibles y llevaderos a sus ochenta y nueve a\u00f1os. Hablamos un poco de todo, principalmente de la familia.<\/p>\n","protected":false},"author":1,"featured_media":0,"comment_status":"open","ping_status":"open","sticky":false,"template":"","format":"standard","meta":{"footnotes":""},"categories":[20],"tags":[],"class_list":["post-15553","post","type-post","status-publish","format-standard","hentry","category-opinion","sent_by-santiago-s-torrado"],"_links":{"self":[{"href":"https:\/\/www.prospereando.es\/index.php\/wp-json\/wp\/v2\/posts\/15553","targetHints":{"allow":["GET"]}}],"collection":[{"href":"https:\/\/www.prospereando.es\/index.php\/wp-json\/wp\/v2\/posts"}],"about":[{"href":"https:\/\/www.prospereando.es\/index.php\/wp-json\/wp\/v2\/types\/post"}],"author":[{"embeddable":true,"href":"https:\/\/www.prospereando.es\/index.php\/wp-json\/wp\/v2\/users\/1"}],"replies":[{"embeddable":true,"href":"https:\/\/www.prospereando.es\/index.php\/wp-json\/wp\/v2\/comments?post=15553"}],"version-history":[{"count":2,"href":"https:\/\/www.prospereando.es\/index.php\/wp-json\/wp\/v2\/posts\/15553\/revisions"}],"predecessor-version":[{"id":20155,"href":"https:\/\/www.prospereando.es\/index.php\/wp-json\/wp\/v2\/posts\/15553\/revisions\/20155"}],"wp:attachment":[{"href":"https:\/\/www.prospereando.es\/index.php\/wp-json\/wp\/v2\/media?parent=15553"}],"wp:term":[{"taxonomy":"category","embeddable":true,"href":"https:\/\/www.prospereando.es\/index.php\/wp-json\/wp\/v2\/categories?post=15553"},{"taxonomy":"post_tag","embeddable":true,"href":"https:\/\/www.prospereando.es\/index.php\/wp-json\/wp\/v2\/tags?post=15553"}],"curies":[{"name":"wp","href":"https:\/\/api.w.org\/{rel}","templated":true}]}}