{"id":15178,"date":"2021-04-24T20:47:38","date_gmt":"2021-04-24T18:47:38","guid":{"rendered":"http:\/\/www.prospereando.es\/?p=15178"},"modified":"2021-04-24T20:47:38","modified_gmt":"2021-04-24T18:47:38","slug":"madrid-4-de-mayo-el-valor-de-la-democracia","status":"publish","type":"post","link":"https:\/\/www.prospereando.es\/index.php\/2021\/04\/24\/madrid-4-de-mayo-el-valor-de-la-democracia\/","title":{"rendered":"Madrid 4 de mayo: El valor de la democracia"},"content":{"rendered":"<p align=\"justify\"><img loading=\"lazy\" decoding=\"async\" class=\" wp-image-15179 aligncenter\" src=\"http:\/\/www.prospereando.es\/wp-content\/uploads\/2021\/04\/votar1-300x172.jpg\" alt=\"\" width=\"581\" height=\"333\" srcset=\"https:\/\/www.prospereando.es\/wp-content\/uploads\/2021\/04\/votar1-300x172.jpg 300w, https:\/\/www.prospereando.es\/wp-content\/uploads\/2021\/04\/votar1.jpg 600w\" sizes=\"auto, (max-width: 581px) 100vw, 581px\" \/><\/p>\n<p align=\"justify\">La ciudadan\u00eda madrile\u00f1a se ha visto sorprendida por una convocatoria electoral poco justificada. No porque la pol\u00edtica desarrollada en la Comunidad de Madrid haya respondido con coherencia a la situaci\u00f3n creada por la pandemia, sino porque lamentablemente \u00e9se no suele ser el par\u00e1metro fundamental para remover la gesti\u00f3n pol\u00edtica, siendo otros elementos menos serios, los que determinan decisiones como \u00e9sta, profundamente irresponsable en tiempos de pandemia, e injustificable, al basarse en un mero imaginario conspiratorio que, en todo caso, tendr\u00eda su recorrido por v\u00eda parlamentaria, la m\u00e1s id\u00f3nea en pleno mandato para su sustanciaci\u00f3n.<\/p>\n<p align=\"justify\">No quiero omitir tampoco la inoportunidad de las iniciativas producidas en Murcia y Castilla y Le\u00f3n, que han contribuido tambi\u00e9n a desquiciar el panorama pol\u00edtico, con un grado de irresponsabilidad semejante, m\u00e1xime cuando, adem\u00e1s, no se cuenta con el respaldo pol\u00edtico suficiente para validar esos movimientos s\u00edsmicos en la pol\u00edtica espa\u00f1ola.<\/p>\n<p align=\"justify\">El caso es que, finalmente, nos hemos visto abocados a este proceso electoral, sin duda decisivo para el pr\u00f3ximo futuro de la realidad social madrile\u00f1a, motivo por el cual ha desatado una serie de decisiones, que aparentemente pueden estimarse como desmedidas, pero que dan buena prueba del valor estrat\u00e9gico de la pol\u00edtica madrile\u00f1a para todo el pa\u00eds. Es indudable que Madrid es una caja de resonancia de todo el Estado y su deriva incide de forma ostensible en el discurrir de la pol\u00edtica general. Ya fue Antonio Machado quien dijo aquello de \u201cMadrid, rompeolas de las espa\u00f1as\u201d. Ello a pesar de que el contexto pol\u00edtico madrile\u00f1o no coincide en absoluto con los elementos concurrentes en el marco pol\u00edtico general del pa\u00eds.<\/p>\n<p align=\"justify\">Puestas as\u00ed las cosas, todo el mundo coincide en que el 4 de mayo se juega algo m\u00e1s que el puro reparto de esca\u00f1os en la Asamblea de Madrid y su repercusi\u00f3n en la formaci\u00f3n del gobierno regional. Claro que esto \u00faltimo s\u00ed actuar\u00e1 como indicador clave del estado de las cosas en la presente legislatura estatal.<\/p>\n<p align=\"justify\">Pero conviene centrar la mirada y la posici\u00f3n en el verdadero terreno en que se celebran estas elecciones auton\u00f3micas. Y es que de veras estamos ante un reto muy importante para la calidad de vida de la gente, que es uno de los aspectos m\u00e1s valorables de la pol\u00edtica real. Las competencias de la Comunidad de Madrid son claves para la sanidad, algo absolutamente relevante en estos momentos de salida de la pandemia, tanto por la necesidad presente de una cobertura eficaz de los casos todav\u00eda numerosos de contagio, como por el propio plan de vacunaci\u00f3n, que muestra carencias muy notables en su ejecuci\u00f3n. En educaci\u00f3n, donde los avatares de la crisis sanitaria han derivado en un resquebrajamiento del sistema educativo, falto de respuestas consistentes para sortear las dificultades del momento, pues la idea de servicio p\u00fablico no ha arraigado m\u00ednimamente en la estructura educativa, quedando buena parte del alumnado en una situaci\u00f3n de precariedad escolar muy da\u00f1ina de futuro. En los servicios sociales, profundamente deteriorados por falta de refuerzos en la atenci\u00f3n primaria que, como en sanidad, resulta fundamental para la actuaci\u00f3n del sistema p\u00fablico. Adem\u00e1s la atenci\u00f3n a la dependencia pasa por una infinita lentitud, que genera la desatenci\u00f3n de miles de personas, que incluso fallecen antes de recibir ni siquiera su valoraci\u00f3n. En vivienda, donde no se aborda el problema end\u00e9mico de un acceso asequible, mientras campan a sus anchas los fondos buitre sin que se acabe de cortar su incursi\u00f3n en un tema de tanto riesgo social. En la garant\u00eda de ingresos, en la que se ha querido aprovechar el surgimiento del Ingreso M\u00ednimo Vital, IMV, para reducir la Renta M\u00ednima de Inserci\u00f3n madrile\u00f1a a un mero instrumento de tapa agujeros, en vez de actuar como complementaria del IMV para atender al umbral de pobreza fijado hoy en 750 euros por una persona sola, sin contar los complementos por cada nuevo miembro a a\u00f1adir de la unidad de convivencia. Son solo algunos ejemplos concretos de la transcendencia de ese papel del poder auton\u00f3mico.<\/p>\n<p align=\"justify\">Entonces, la conclusi\u00f3n final de este relato de coyuntura, incide en algo que es un asunto mucho m\u00e1s de fondo para la reflexi\u00f3n c\u00edvica de la ciudadan\u00eda, el valor de la democracia en una situaci\u00f3n como la actual. Somos conscientes de que la democracia es una realidad imperfecta, como lo es la propia pol\u00edtica, por eso hay que elegir siempre con ese punto de relatividad que el acontecer humano y social nos sugiere. Pero es el instrumento a nuestro alcance para intervenir en la vida p\u00fablica, donde se toman decisiones tan fundamentales para el bienestar social personal y colectivo. Por eso votar es una obligaci\u00f3n moral para contribuir a la mejora efectiva de la sociedad. Hay que respetar la abstenci\u00f3n consciente debidamente asumida, por razones ideol\u00f3gicas, eso forma parte tambi\u00e9n de la praxis democr\u00e1tica, aunque yo no la comparta. Pero nadie debe renunciar al voto por dejaci\u00f3n o por comodidad. Si no participamos estamos delegando nuestra voz en una mayor\u00eda beligerante que defiende sus intereses de clase no para construir igualdad, sino para afianzar su poder econ\u00f3mico y social, a trav\u00e9s de ese poder pol\u00edtico que les cedemos.<\/p>\n<p align=\"justify\">M\u00e1s a\u00fan, solo desde la participaci\u00f3n democr\u00e1tica, que es mucho m\u00e1s que votar, es seguir d\u00eda a d\u00eda activos para apoyar y defender las causas justas, se puede transformar la pol\u00edtica, de manera que la democracia no constituya tanto una regla de juego para elegir a nuestros representantes, sino un compromiso de convivencia social, donde los derechos humanos y la justicia social sean los signos distintivos de nuestro sistema.<\/p>\n<p align=\"justify\">Ahora bien, el paso primero, el elemental para retomar ese camino, es acudir el 4 de mayo a las urnas para hacer valer la voluntad democr\u00e1tica de la poblaci\u00f3n madrile\u00f1a en cambiar el rumbo de su Comunidad y superar 25 a\u00f1os de hegemon\u00eda neoliberal, antisocial y corrupta.<\/p>\n","protected":false},"excerpt":{"rendered":"<p>La ciudadan\u00eda madrile\u00f1a se ha visto sorprendida por una convocatoria electoral poco justificada. No porque la pol\u00edtica desarrollada en la Comunidad de Madrid haya respondido con coherencia a la situaci\u00f3n creada por la pandemia, sino porque lamentablemente \u00e9se no suele ser el par\u00e1metro fundamental&#8230;<\/p>\n","protected":false},"author":1,"featured_media":15179,"comment_status":"open","ping_status":"open","sticky":false,"template":"","format":"standard","meta":{"footnotes":""},"categories":[20],"tags":[],"class_list":["post-15178","post","type-post","status-publish","format-standard","has-post-thumbnail","hentry","category-opinion","sent_by-ricardo-gayol"],"_links":{"self":[{"href":"https:\/\/www.prospereando.es\/index.php\/wp-json\/wp\/v2\/posts\/15178","targetHints":{"allow":["GET"]}}],"collection":[{"href":"https:\/\/www.prospereando.es\/index.php\/wp-json\/wp\/v2\/posts"}],"about":[{"href":"https:\/\/www.prospereando.es\/index.php\/wp-json\/wp\/v2\/types\/post"}],"author":[{"embeddable":true,"href":"https:\/\/www.prospereando.es\/index.php\/wp-json\/wp\/v2\/users\/1"}],"replies":[{"embeddable":true,"href":"https:\/\/www.prospereando.es\/index.php\/wp-json\/wp\/v2\/comments?post=15178"}],"version-history":[{"count":1,"href":"https:\/\/www.prospereando.es\/index.php\/wp-json\/wp\/v2\/posts\/15178\/revisions"}],"predecessor-version":[{"id":15180,"href":"https:\/\/www.prospereando.es\/index.php\/wp-json\/wp\/v2\/posts\/15178\/revisions\/15180"}],"wp:featuredmedia":[{"embeddable":true,"href":"https:\/\/www.prospereando.es\/index.php\/wp-json\/wp\/v2\/media\/15179"}],"wp:attachment":[{"href":"https:\/\/www.prospereando.es\/index.php\/wp-json\/wp\/v2\/media?parent=15178"}],"wp:term":[{"taxonomy":"category","embeddable":true,"href":"https:\/\/www.prospereando.es\/index.php\/wp-json\/wp\/v2\/categories?post=15178"},{"taxonomy":"post_tag","embeddable":true,"href":"https:\/\/www.prospereando.es\/index.php\/wp-json\/wp\/v2\/tags?post=15178"}],"curies":[{"name":"wp","href":"https:\/\/api.w.org\/{rel}","templated":true}]}}