{"id":15155,"date":"2021-04-22T21:59:26","date_gmt":"2021-04-22T19:59:26","guid":{"rendered":"http:\/\/www.prospereando.es\/?p=15155"},"modified":"2021-04-22T21:59:26","modified_gmt":"2021-04-22T19:59:26","slug":"en-el-dia-de-la-tierra-desde-la-espana-vaciada-mundos-rurales-vivos","status":"publish","type":"post","link":"https:\/\/www.prospereando.es\/index.php\/2021\/04\/22\/en-el-dia-de-la-tierra-desde-la-espana-vaciada-mundos-rurales-vivos\/","title":{"rendered":"En el D\u00eda de la Tierra, desde la Espa\u00f1a vaciada:  \u00a1Mundos rurales vivos!"},"content":{"rendered":"<p><img loading=\"lazy\" decoding=\"async\" class=\" wp-image-15156 aligncenter\" src=\"http:\/\/www.prospereando.es\/wp-content\/uploads\/2021\/04\/diadelatierra1-300x189.jpg\" alt=\"\" width=\"577\" height=\"363\" srcset=\"https:\/\/www.prospereando.es\/wp-content\/uploads\/2021\/04\/diadelatierra1-300x189.jpg 300w, https:\/\/www.prospereando.es\/wp-content\/uploads\/2021\/04\/diadelatierra1.jpg 600w\" sizes=\"auto, (max-width: 577px) 100vw, 577px\" \/><\/p>\n<p>Hoy, D\u00eda de la Tierra, estamos entre Madrid (centro de toma de decisiones) y Castej\u00f3n del Campo, un peque\u00f1o pueblo soriano de la Comarca de Campo de G\u00f3mara, en el que viven 15 personas. Como tiene una densidad de poblaci\u00f3n de tan s\u00f3lo 6,99 ha\/km2, es una de las zonas de la llamada Laponia espa\u00f1ola.<\/p>\n<p><a href=\"https:\/\/es.greenpeace.org\/es\/noticias\/dia-tierra-espana-vaciada-mundos-rurales-vivos\/?utm_term=video&amp;utm_campaign=Macrogranjas&amp;utm_medium=email&amp;_hsmi=122858600&amp;_hsenc=p2ANqtz--DWKGMO8KQIafAK8E93h2y6aTzrZrXhhmQyPWFvoG9Jf4m367cLyTHj6TKLgxCivGxk5OrwTVXtPCOCgzWJaCwLNpNEQ&amp;utm_content=LanzamientoRural&amp;utm_source=newsletter-socios#video\">Dia de la Tierra GREENPEACE<\/a><\/p>\n","protected":false},"excerpt":{"rendered":"<p>Hoy, D\u00eda de la Tierra, estamos entre Madrid (centro de toma de decisiones) y Castej\u00f3n del Campo, un peque\u00f1o pueblo soriano de la Comarca de Campo de G\u00f3mara, en el que viven 15 personas. Como tiene una densidad de poblaci\u00f3n de tan s\u00f3lo 6,99 ha\/km2, es una de las zonas de la llamada Laponia espa\u00f1ola. Dia de la Tierra GREENPEACE<\/p>\n","protected":false},"author":1,"featured_media":15156,"comment_status":"open","ping_status":"open","sticky":false,"template":"","format":"standard","meta":{"footnotes":""},"categories":[3,6],"tags":[],"class_list":["post-15155","post","type-post","status-publish","format-standard","has-post-thumbnail","hentry","category-medio-ambiente","category-sociedad","sent_by-monica-parrilla"],"_links":{"self":[{"href":"https:\/\/www.prospereando.es\/index.php\/wp-json\/wp\/v2\/posts\/15155","targetHints":{"allow":["GET"]}}],"collection":[{"href":"https:\/\/www.prospereando.es\/index.php\/wp-json\/wp\/v2\/posts"}],"about":[{"href":"https:\/\/www.prospereando.es\/index.php\/wp-json\/wp\/v2\/types\/post"}],"author":[{"embeddable":true,"href":"https:\/\/www.prospereando.es\/index.php\/wp-json\/wp\/v2\/users\/1"}],"replies":[{"embeddable":true,"href":"https:\/\/www.prospereando.es\/index.php\/wp-json\/wp\/v2\/comments?post=15155"}],"version-history":[{"count":1,"href":"https:\/\/www.prospereando.es\/index.php\/wp-json\/wp\/v2\/posts\/15155\/revisions"}],"predecessor-version":[{"id":15157,"href":"https:\/\/www.prospereando.es\/index.php\/wp-json\/wp\/v2\/posts\/15155\/revisions\/15157"}],"wp:featuredmedia":[{"embeddable":true,"href":"https:\/\/www.prospereando.es\/index.php\/wp-json\/wp\/v2\/media\/15156"}],"wp:attachment":[{"href":"https:\/\/www.prospereando.es\/index.php\/wp-json\/wp\/v2\/media?parent=15155"}],"wp:term":[{"taxonomy":"category","embeddable":true,"href":"https:\/\/www.prospereando.es\/index.php\/wp-json\/wp\/v2\/categories?post=15155"},{"taxonomy":"post_tag","embeddable":true,"href":"https:\/\/www.prospereando.es\/index.php\/wp-json\/wp\/v2\/tags?post=15155"}],"curies":[{"name":"wp","href":"https:\/\/api.w.org\/{rel}","templated":true}]}}